{"id":15089,"date":"2013-09-12T08:52:16","date_gmt":"2013-09-12T13:52:16","guid":{"rendered":"http:\/\/www.ambiente.gob.ec\/?p=15089"},"modified":"2013-09-12T08:52:16","modified_gmt":"2013-09-12T13:52:16","slug":"chimborazo-inicia-proyecto-nacional-guardianes-del-planeta","status":"publish","type":"post","link":"https:\/\/www.ambienteyenergia.gob.ec\/ambiente\/chimborazo-inicia-proyecto-nacional-guardianes-del-planeta\/","title":{"rendered":"Chimborazo inicia  \u201cProyecto Nacional Guardianes del Planeta\u201d"},"content":{"rendered":"<p style=\"text-align: justify;\">La Direcci\u00f3n Provincial de Chimborazo del Ministerio del Ambiente (MAE), inici\u00f3 con los talleres de capacitaci\u00f3n dentro del Proyecto \u201cRed Infantil Guardianes del Planeta\u201d el mismo que viene impulsando esta Cartera de Estado a nivel nacional, con la finalidad de que los ni\u00f1os puedan desarrollar su creatividad en iniciativas, habilidades y destrezas mediante actividades l\u00fadicas y cognitivas para la protecci\u00f3n del medio ambiente.<\/p>\n<p style=\"text-align: justify;\">2 000 estudiantes de cuarto, quinto y sexto a\u00f1o de educaci\u00f3n b\u00e1sica de 24 escuelas urbanas y rurales de los 10 cantones de la Provincia, ser\u00e1n capacitados en buenas pr\u00e1cticas ambientales.<\/p>\n<p style=\"text-align: justify;\">En la escuela Fiscal Mixta Garc\u00eda Moreno de la Parroquia Yaruqu\u00edes, cant\u00f3n Riobamba, alrededor de 70 ni\u00f1as y ni\u00f1os participaron del taller de educaci\u00f3n ambiental dictado por funcionarias del MAE con la colaboraci\u00f3n de los j\u00f3venes del proyecto Servicio Civil Ciudadano \u2013 acci\u00f3n Gesti\u00f3n Ambiental de la provincia.<\/p>\n<p style=\"text-align: justify;\">Los ni\u00f1os recibieron un antifaz como s\u00edmbolo de \u201cGuardi\u00e1n del Planeta\u201d el mismo que les compromete a cuidar y proteger su entorno natural.<\/p>\n<p style=\"text-align: justify;\">El proyecto inici\u00f3 en septiembre de este a\u00f1o, con una meta de 24 centros educativos hasta diciembre. Sin embargo el trabajo ser\u00e1 permanente todos los meses hasta terminar este a\u00f1o lectivo. Los siguientes a\u00f1os se continuar\u00e1 como una actividad permanente de las Direcciones Provinciales.<\/p>\n<div id='gallery-1' class='gallery galleryid-15089 gallery-columns-4 gallery-size-thumbnail'><dl class='gallery-item'>\n\t\t\t<dt class='gallery-icon landscape'>\n\t\t\t\t<a href='https:\/\/www.ambienteyenergia.gob.ec\/ambiente\/chimborazo-inicia-proyecto-nacional-guardianes-del-planeta\/dsc09178\/'><img loading=\"lazy\" decoding=\"async\" width=\"150\" height=\"150\" src=\"https:\/\/www.ambienteyenergia.gob.ec\/ambiente\/wp-content\/uploads\/sites\/2\/2013\/09\/DSC09178-150x150.jpg\" class=\"attachment-thumbnail size-thumbnail\" alt=\"\" \/><\/a>\n\t\t\t<\/dt><\/dl><dl class='gallery-item'>\n\t\t\t<dt class='gallery-icon landscape'>\n\t\t\t\t<a href='https:\/\/www.ambienteyenergia.gob.ec\/ambiente\/chimborazo-inicia-proyecto-nacional-guardianes-del-planeta\/dsc09189\/'><img loading=\"lazy\" decoding=\"async\" width=\"150\" height=\"150\" src=\"https:\/\/www.ambienteyenergia.gob.ec\/ambiente\/wp-content\/uploads\/sites\/2\/2013\/09\/DSC09189-150x150.jpg\" class=\"attachment-thumbnail size-thumbnail\" alt=\"\" \/><\/a>\n\t\t\t<\/dt><\/dl><dl class='gallery-item'>\n\t\t\t<dt class='gallery-icon landscape'>\n\t\t\t\t<a href='https:\/\/www.ambienteyenergia.gob.ec\/ambiente\/chimborazo-inicia-proyecto-nacional-guardianes-del-planeta\/dsc09206\/'><img loading=\"lazy\" decoding=\"async\" width=\"150\" height=\"150\" src=\"https:\/\/www.ambienteyenergia.gob.ec\/ambiente\/wp-content\/uploads\/sites\/2\/2013\/09\/DSC09206-150x150.jpg\" class=\"attachment-thumbnail size-thumbnail\" alt=\"\" \/><\/a>\n\t\t\t<\/dt><\/dl><dl class='gallery-item'>\n\t\t\t<dt class='gallery-icon landscape'>\n\t\t\t\t<a href='https:\/\/www.ambienteyenergia.gob.ec\/ambiente\/chimborazo-inicia-proyecto-nacional-guardianes-del-planeta\/dsc09208\/'><img loading=\"lazy\" decoding=\"async\" width=\"150\" height=\"150\" src=\"https:\/\/www.ambienteyenergia.gob.ec\/ambiente\/wp-content\/uploads\/sites\/2\/2013\/09\/DSC09208-150x150.jpg\" class=\"attachment-thumbnail size-thumbnail\" alt=\"\" \/><\/a>\n\t\t\t<\/dt><\/dl><br style=\"clear: both\" \/><dl class='gallery-item'>\n\t\t\t<dt class='gallery-icon landscape'>\n\t\t\t\t<a href='https:\/\/www.ambienteyenergia.gob.ec\/ambiente\/chimborazo-inicia-proyecto-nacional-guardianes-del-planeta\/dsc09215\/'><img loading=\"lazy\" decoding=\"async\" width=\"150\" height=\"150\" src=\"https:\/\/www.ambienteyenergia.gob.ec\/ambiente\/wp-content\/uploads\/sites\/2\/2013\/09\/DSC09215-150x150.jpg\" class=\"attachment-thumbnail size-thumbnail\" alt=\"\" \/><\/a>\n\t\t\t<\/dt><\/dl>\n\t\t\t<br style='clear: both' \/>\n\t\t<\/div>\n\n","protected":false},"excerpt":{"rendered":"<p class=\"excerpt\">La Direcci\u00f3n Provincial de Chimborazo del Ministerio del Ambiente (MAE), inici\u00f3 con los talleres de capacitaci\u00f3n dentro del Proyecto \u201cRed Infantil Guardianes del Planeta\u201d el mismo que viene impulsando esta Cartera de Estado a nivel nacional, con la finalidad de que los ni\u00f1os puedan desarrollar su creatividad en iniciativas, habilidades y destrezas mediante actividades l\u00fadicas y cognitivas para la protecci\u00f3n&hellip; <a href=\"https:\/\/www.ambienteyenergia.gob.ec\/ambiente\/chimborazo-inicia-proyecto-nacional-guardianes-del-planeta\/\">Read more &rarr;<\/a><\/p>\n","protected":false},"author":13,"featured_media":15094,"comment_status":"open","ping_status":"open","sticky":false,"template":"","format":"standard","meta":{"footnotes":""},"categories":[16,4],"tags":[],"class_list":["post-15089","post","type-post","status-publish","format-standard","has-post-thumbnail","hentry","category-comunicamos","category-noticias","xfolkentry"],"_links":{"self":[{"href":"https:\/\/www.ambienteyenergia.gob.ec\/ambiente\/wp-json\/wp\/v2\/posts\/15089","targetHints":{"allow":["GET"]}}],"collection":[{"href":"https:\/\/www.ambienteyenergia.gob.ec\/ambiente\/wp-json\/wp\/v2\/posts"}],"about":[{"href":"https:\/\/www.ambienteyenergia.gob.ec\/ambiente\/wp-json\/wp\/v2\/types\/post"}],"author":[{"embeddable":true,"href":"https:\/\/www.ambienteyenergia.gob.ec\/ambiente\/wp-json\/wp\/v2\/users\/13"}],"replies":[{"embeddable":true,"href":"https:\/\/www.ambienteyenergia.gob.ec\/ambiente\/wp-json\/wp\/v2\/comments?post=15089"}],"version-history":[{"count":0,"href":"https:\/\/www.ambienteyenergia.gob.ec\/ambiente\/wp-json\/wp\/v2\/posts\/15089\/revisions"}],"wp:featuredmedia":[{"embeddable":true,"href":"https:\/\/www.ambienteyenergia.gob.ec\/ambiente\/wp-json\/wp\/v2\/media\/15094"}],"wp:attachment":[{"href":"https:\/\/www.ambienteyenergia.gob.ec\/ambiente\/wp-json\/wp\/v2\/media?parent=15089"}],"wp:term":[{"taxonomy":"category","embeddable":true,"href":"https:\/\/www.ambienteyenergia.gob.ec\/ambiente\/wp-json\/wp\/v2\/categories?post=15089"},{"taxonomy":"post_tag","embeddable":true,"href":"https:\/\/www.ambienteyenergia.gob.ec\/ambiente\/wp-json\/wp\/v2\/tags?post=15089"}],"curies":[{"name":"wp","href":"https:\/\/api.w.org\/{rel}","templated":true}]}}