{"id":15068,"date":"2013-09-11T16:26:59","date_gmt":"2013-09-11T21:26:59","guid":{"rendered":"http:\/\/www.ambiente.gob.ec\/?p=15068"},"modified":"2013-09-11T18:35:48","modified_gmt":"2013-09-11T23:35:48","slug":"ministra-lorena-tapia-el-cuidado-y-proteccion-del-parque-nacional-yasuni-es-un-trabajo-permanente-del-ministerio-del-ambiente","status":"publish","type":"post","link":"https:\/\/www.ambienteyenergia.gob.ec\/ambiente\/ministra-lorena-tapia-el-cuidado-y-proteccion-del-parque-nacional-yasuni-es-un-trabajo-permanente-del-ministerio-del-ambiente\/","title":{"rendered":"Ministra, Lorena Tapia: \u00abEl cuidado y protecci\u00f3n del Parque Nacional Yasun\u00ed es un trabajo permanente del Ministerio del Ambiente\u00bb"},"content":{"rendered":"<p style=\"text-align: justify;\">Hoy, la Ministra del Ambiente, Lorena Tapia, particip\u00f3 en un conversatorio con medios de comunicaci\u00f3n sobre la posible explotaci\u00f3n del bloque ITT, junto con Los ministros Rafael Poveda, Coordinador de Sectores Estrat\u00e9gicos; Pedro Merizalde, de Recursos Naturales No Renovales; el Gerente General del Ecuador Estrat\u00e9gico EP, Ciro Mor\u00e1n; y el Gerente General de Petroamazonas EP, Oswaldo Madrid.<\/p>\n<p style=\"text-align: justify;\">En su intervenci\u00f3n, la m\u00e1xima Autoridad Ambiental respondi\u00f3 a algunas preguntas enfocadas en las acciones que el Ministerio del Ambiente (MAE) efectuar\u00e1 como parte de sus medidas de control dentro de la viabilidad t\u00e9cnico-ambiental del posible desarrollo del bloque 43.<\/p>\n<p style=\"text-align: justify;\">En cuanto a las presiones que se identifican en el Parque Nacional Yasun\u00ed (PNY), la Ministra Tapia explic\u00f3 que las acciones del MAE en temas de cuidado y preservaci\u00f3n de esta \u00c1rea Protegida son parte de un proceso que no es coyuntural, sino que se ha efectuado desde hace varios a\u00f1os. En ese sentido, se ha dise\u00f1ado un plan de intervenci\u00f3n integral con diferentes Instituciones, en el marco de sus competencias. Este plan estructurado una vez que se levant\u00f3 la informaci\u00f3n, se denomina \u00abFranja Roja\u00bb.<\/p>\n<p style=\"text-align: justify;\">\u00abComo la Autoridad Ambiental no es la \u00fanica que puede proponer soluciones respecto a las presiones del Parque, llevamos algunos a\u00f1os pensando en esta medida. El proceso inici\u00f3 con un diagn\u00f3stico que identific\u00f3 las principales presiones dentro del PNY. Entre ellas, la tala selectiva, la presi\u00f3n de las comunidades ya habitadas de la ciudad, y la presi\u00f3n desde la frontera de Per\u00fa. A partir de ese diagrama, establecimos varias zonas, luego fueron clasificadas de acuerdo con el nivel de intervenci\u00f3n. Para cada presi\u00f3n se estableci\u00f3 soluci\u00f3n\u00bb, indic\u00f3 la Ministra.<\/p>\n<p style=\"text-align: justify;\">Para ello-comunic\u00f3 Tapia- cada Ministerio involucrado invertir\u00e1 y en funci\u00f3n de los resultados, se ajustar\u00e1 la inversi\u00f3n. \u00abEl Estado debe integrarse, las acciones son coordinadas\u00bb, mencion\u00f3.<\/p>\n<p style=\"text-align: justify;\">Sobre las medidas que el MAE tomar\u00e1 en caso de una posible presencia de los pueblos en aislamiento voluntario en las zonas de desarrollo de actividades extractivistas, la Titular de Esta Cartera de Estado inform\u00f3 que existe un c\u00f3digo de conducta que est\u00e1 vigente desde 2007. Este documento contempla los lineamiento para proteger a estos pueblos. \u00abSe trata de un conjunto de c\u00f3digos frente a su posible presencia. Estas acciones son preventivas no solo reactivas\u00bb.<\/p>\n<p style=\"text-align: justify;\">Asimismo, aclar\u00f3 que el MAE fue responsable de ese plan de medidas cautelares hasta 2010. Hasta ese momento, desarroll\u00f3 protocolos e inversiones en capital humano e infraestructura, puntualmente la construcci\u00f3n de un centro en Shiripuno, mismo que permiti\u00f3 solucionar una de las m\u00e1s grandes presiones de los pueblos en aislamiento: la tala ilegal.<\/p>\n<div id='gallery-1' class='gallery galleryid-15068 gallery-columns-4 gallery-size-thumbnail'><dl class='gallery-item'>\n\t\t\t<dt class='gallery-icon landscape'>\n\t\t\t\t<a href='https:\/\/www.ambienteyenergia.gob.ec\/ambiente\/ministra-lorena-tapia-el-cuidado-y-proteccion-del-parque-nacional-yasuni-es-un-trabajo-permanente-del-ministerio-del-ambiente\/8-11\/'><img loading=\"lazy\" decoding=\"async\" width=\"150\" height=\"150\" src=\"https:\/\/www.ambienteyenergia.gob.ec\/ambiente\/wp-content\/uploads\/sites\/2\/2013\/09\/8-150x150.jpg\" class=\"attachment-thumbnail size-thumbnail\" alt=\"\" \/><\/a>\n\t\t\t<\/dt><\/dl><dl class='gallery-item'>\n\t\t\t<dt class='gallery-icon landscape'>\n\t\t\t\t<a href='https:\/\/www.ambienteyenergia.gob.ec\/ambiente\/ministra-lorena-tapia-el-cuidado-y-proteccion-del-parque-nacional-yasuni-es-un-trabajo-permanente-del-ministerio-del-ambiente\/1-56\/'><img loading=\"lazy\" decoding=\"async\" width=\"150\" height=\"150\" src=\"https:\/\/www.ambienteyenergia.gob.ec\/ambiente\/wp-content\/uploads\/sites\/2\/2013\/09\/12-150x150.jpg\" class=\"attachment-thumbnail size-thumbnail\" alt=\"\" \/><\/a>\n\t\t\t<\/dt><\/dl><dl class='gallery-item'>\n\t\t\t<dt class='gallery-icon landscape'>\n\t\t\t\t<a href='https:\/\/www.ambienteyenergia.gob.ec\/ambiente\/ministra-lorena-tapia-el-cuidado-y-proteccion-del-parque-nacional-yasuni-es-un-trabajo-permanente-del-ministerio-del-ambiente\/2-44\/'><img loading=\"lazy\" decoding=\"async\" width=\"150\" height=\"150\" src=\"https:\/\/www.ambienteyenergia.gob.ec\/ambiente\/wp-content\/uploads\/sites\/2\/2013\/09\/21-150x150.jpg\" class=\"attachment-thumbnail size-thumbnail\" alt=\"\" \/><\/a>\n\t\t\t<\/dt><\/dl><dl class='gallery-item'>\n\t\t\t<dt class='gallery-icon landscape'>\n\t\t\t\t<a href='https:\/\/www.ambienteyenergia.gob.ec\/ambiente\/ministra-lorena-tapia-el-cuidado-y-proteccion-del-parque-nacional-yasuni-es-un-trabajo-permanente-del-ministerio-del-ambiente\/4-23\/'><img loading=\"lazy\" decoding=\"async\" width=\"150\" height=\"150\" src=\"https:\/\/www.ambienteyenergia.gob.ec\/ambiente\/wp-content\/uploads\/sites\/2\/2013\/09\/41-150x150.jpg\" class=\"attachment-thumbnail size-thumbnail\" alt=\"\" \/><\/a>\n\t\t\t<\/dt><\/dl><br style=\"clear: both\" \/><dl class='gallery-item'>\n\t\t\t<dt class='gallery-icon landscape'>\n\t\t\t\t<a href='https:\/\/www.ambienteyenergia.gob.ec\/ambiente\/ministra-lorena-tapia-el-cuidado-y-proteccion-del-parque-nacional-yasuni-es-un-trabajo-permanente-del-ministerio-del-ambiente\/6-17\/'><img loading=\"lazy\" decoding=\"async\" width=\"150\" height=\"150\" src=\"https:\/\/www.ambienteyenergia.gob.ec\/ambiente\/wp-content\/uploads\/sites\/2\/2013\/09\/6-150x150.jpg\" class=\"attachment-thumbnail size-thumbnail\" alt=\"\" \/><\/a>\n\t\t\t<\/dt><\/dl><dl class='gallery-item'>\n\t\t\t<dt class='gallery-icon landscape'>\n\t\t\t\t<a href='https:\/\/www.ambienteyenergia.gob.ec\/ambiente\/ministra-lorena-tapia-el-cuidado-y-proteccion-del-parque-nacional-yasuni-es-un-trabajo-permanente-del-ministerio-del-ambiente\/9-10\/'><img loading=\"lazy\" decoding=\"async\" width=\"150\" height=\"150\" src=\"https:\/\/www.ambienteyenergia.gob.ec\/ambiente\/wp-content\/uploads\/sites\/2\/2013\/09\/9-150x150.jpg\" class=\"attachment-thumbnail size-thumbnail\" alt=\"\" \/><\/a>\n\t\t\t<\/dt><\/dl><dl class='gallery-item'>\n\t\t\t<dt class='gallery-icon landscape'>\n\t\t\t\t<a href='https:\/\/www.ambienteyenergia.gob.ec\/ambiente\/ministra-lorena-tapia-el-cuidado-y-proteccion-del-parque-nacional-yasuni-es-un-trabajo-permanente-del-ministerio-del-ambiente\/10-9\/'><img loading=\"lazy\" decoding=\"async\" width=\"150\" height=\"150\" src=\"https:\/\/www.ambienteyenergia.gob.ec\/ambiente\/wp-content\/uploads\/sites\/2\/2013\/09\/10-150x150.jpg\" class=\"attachment-thumbnail size-thumbnail\" alt=\"\" \/><\/a>\n\t\t\t<\/dt><\/dl>\n\t\t\t<br style='clear: both' \/>\n\t\t<\/div>\n\n","protected":false},"excerpt":{"rendered":"<p class=\"excerpt\">Hoy, la Ministra del Ambiente, Lorena Tapia, particip\u00f3 en un conversatorio con medios de comunicaci\u00f3n sobre la posible explotaci\u00f3n del bloque ITT, junto con Los ministros Rafael Poveda, Coordinador de Sectores Estrat\u00e9gicos; Pedro Merizalde, de Recursos Naturales No Renovales; el Gerente General del Ecuador Estrat\u00e9gico EP, Ciro Mor\u00e1n; y el Gerente General de Petroamazonas EP, Oswaldo Madrid. En su intervenci\u00f3n,&hellip; <a href=\"https:\/\/www.ambienteyenergia.gob.ec\/ambiente\/ministra-lorena-tapia-el-cuidado-y-proteccion-del-parque-nacional-yasuni-es-un-trabajo-permanente-del-ministerio-del-ambiente\/\">Read more &rarr;<\/a><\/p>\n","protected":false},"author":13,"featured_media":15069,"comment_status":"open","ping_status":"open","sticky":false,"template":"","format":"standard","meta":{"footnotes":""},"categories":[16,4,10],"tags":[],"class_list":["post-15068","post","type-post","status-publish","format-standard","has-post-thumbnail","hentry","category-comunicamos","category-noticias","category-noticias-destacadas","xfolkentry"],"_links":{"self":[{"href":"https:\/\/www.ambienteyenergia.gob.ec\/ambiente\/wp-json\/wp\/v2\/posts\/15068","targetHints":{"allow":["GET"]}}],"collection":[{"href":"https:\/\/www.ambienteyenergia.gob.ec\/ambiente\/wp-json\/wp\/v2\/posts"}],"about":[{"href":"https:\/\/www.ambienteyenergia.gob.ec\/ambiente\/wp-json\/wp\/v2\/types\/post"}],"author":[{"embeddable":true,"href":"https:\/\/www.ambienteyenergia.gob.ec\/ambiente\/wp-json\/wp\/v2\/users\/13"}],"replies":[{"embeddable":true,"href":"https:\/\/www.ambienteyenergia.gob.ec\/ambiente\/wp-json\/wp\/v2\/comments?post=15068"}],"version-history":[{"count":0,"href":"https:\/\/www.ambienteyenergia.gob.ec\/ambiente\/wp-json\/wp\/v2\/posts\/15068\/revisions"}],"wp:featuredmedia":[{"embeddable":true,"href":"https:\/\/www.ambienteyenergia.gob.ec\/ambiente\/wp-json\/wp\/v2\/media\/15069"}],"wp:attachment":[{"href":"https:\/\/www.ambienteyenergia.gob.ec\/ambiente\/wp-json\/wp\/v2\/media?parent=15068"}],"wp:term":[{"taxonomy":"category","embeddable":true,"href":"https:\/\/www.ambienteyenergia.gob.ec\/ambiente\/wp-json\/wp\/v2\/categories?post=15068"},{"taxonomy":"post_tag","embeddable":true,"href":"https:\/\/www.ambienteyenergia.gob.ec\/ambiente\/wp-json\/wp\/v2\/tags?post=15068"}],"curies":[{"name":"wp","href":"https:\/\/api.w.org\/{rel}","templated":true}]}}