{"id":15063,"date":"2013-09-11T14:03:05","date_gmt":"2013-09-11T19:03:05","guid":{"rendered":"http:\/\/www.ambiente.gob.ec\/?p=15063"},"modified":"2013-09-11T14:03:45","modified_gmt":"2013-09-11T19:03:45","slug":"mae-decomisa-producto-forestal-en-el-sector-la-palma-bolivar","status":"publish","type":"post","link":"https:\/\/www.ambienteyenergia.gob.ec\/ambiente\/mae-decomisa-producto-forestal-en-el-sector-la-palma-bolivar\/","title":{"rendered":"MAE decomisa producto forestal en el sector La Palma (Bol\u00edvar)"},"content":{"rendered":"<p style=\"text-align: justify;\">El Ministerio del Ambiente (MAE), en coordinaci\u00f3n con la Unidad de Protecci\u00f3n del Medio Ambiente de la Polic\u00eda Nacional (UPMA), decomis\u00f3 producto forestal de la especie de capul\u00ed de monta\u00f1a, en un operativo de control que se realiz\u00f3 en el sector La Palma del cant\u00f3n Guaranda, provincia de Bol\u00edvar, el pasado 9 de septiembre.<\/p>\n<p style=\"text-align: justify;\">Luego de decomisar la madera, se procedi\u00f3 a la retenci\u00f3n del veh\u00edculo en el que se transportaba la madera y a levantar un proceso administrativo contra el propietario por no tener la gu\u00eda de movilizaci\u00f3n, documento que emite el MAE para transportar producto forestal.<\/p>\n<p style=\"text-align: justify;\">El objetivo de estos operativos es controlar el tr\u00e1fico ilegal de madera y regularizar el aprovechamiento sostenible de los recursos forestales.<\/p>\n<p style=\"text-align: justify;\">El MAE prioriza la conservaci\u00f3n y el manejo sostenible de los bosques. En ese sentido, implement\u00f3 estos sistemas de control, para propiciar un manejo sustentable de recursos forestales y la conservaci\u00f3n de su diversidad, adem\u00e1s de contribuir al crecimiento econ\u00f3mico y al desarrollo social.<\/p>\n<p align=\"JUSTIFY\">\n","protected":false},"excerpt":{"rendered":"<p class=\"excerpt\">El Ministerio del Ambiente (MAE), en coordinaci\u00f3n con la Unidad de Protecci\u00f3n del Medio Ambiente de la Polic\u00eda Nacional (UPMA), decomis\u00f3 producto forestal de la especie de capul\u00ed de monta\u00f1a, en un operativo de control que se realiz\u00f3 en el sector La Palma del cant\u00f3n Guaranda, provincia de Bol\u00edvar, el pasado 9 de septiembre. Luego de decomisar la madera, se&hellip; <a href=\"https:\/\/www.ambienteyenergia.gob.ec\/ambiente\/mae-decomisa-producto-forestal-en-el-sector-la-palma-bolivar\/\">Read more &rarr;<\/a><\/p>\n","protected":false},"author":13,"featured_media":15064,"comment_status":"open","ping_status":"open","sticky":false,"template":"","format":"standard","meta":{"footnotes":""},"categories":[16,4],"tags":[],"class_list":["post-15063","post","type-post","status-publish","format-standard","has-post-thumbnail","hentry","category-comunicamos","category-noticias","xfolkentry"],"_links":{"self":[{"href":"https:\/\/www.ambienteyenergia.gob.ec\/ambiente\/wp-json\/wp\/v2\/posts\/15063","targetHints":{"allow":["GET"]}}],"collection":[{"href":"https:\/\/www.ambienteyenergia.gob.ec\/ambiente\/wp-json\/wp\/v2\/posts"}],"about":[{"href":"https:\/\/www.ambienteyenergia.gob.ec\/ambiente\/wp-json\/wp\/v2\/types\/post"}],"author":[{"embeddable":true,"href":"https:\/\/www.ambienteyenergia.gob.ec\/ambiente\/wp-json\/wp\/v2\/users\/13"}],"replies":[{"embeddable":true,"href":"https:\/\/www.ambienteyenergia.gob.ec\/ambiente\/wp-json\/wp\/v2\/comments?post=15063"}],"version-history":[{"count":0,"href":"https:\/\/www.ambienteyenergia.gob.ec\/ambiente\/wp-json\/wp\/v2\/posts\/15063\/revisions"}],"wp:featuredmedia":[{"embeddable":true,"href":"https:\/\/www.ambienteyenergia.gob.ec\/ambiente\/wp-json\/wp\/v2\/media\/15064"}],"wp:attachment":[{"href":"https:\/\/www.ambienteyenergia.gob.ec\/ambiente\/wp-json\/wp\/v2\/media?parent=15063"}],"wp:term":[{"taxonomy":"category","embeddable":true,"href":"https:\/\/www.ambienteyenergia.gob.ec\/ambiente\/wp-json\/wp\/v2\/categories?post=15063"},{"taxonomy":"post_tag","embeddable":true,"href":"https:\/\/www.ambienteyenergia.gob.ec\/ambiente\/wp-json\/wp\/v2\/tags?post=15063"}],"curies":[{"name":"wp","href":"https:\/\/api.w.org\/{rel}","templated":true}]}}