{"id":15047,"date":"2013-09-11T11:44:28","date_gmt":"2013-09-11T16:44:28","guid":{"rendered":"http:\/\/www.ambiente.gob.ec\/?p=15047"},"modified":"2013-09-11T11:44:28","modified_gmt":"2013-09-11T16:44:28","slug":"mesa-de-trabajo-redd-inicio-analisis-sobre-norma-tecnica-para-consulta-de-implementacion-de-actividades","status":"publish","type":"post","link":"https:\/\/www.ambienteyenergia.gob.ec\/ambiente\/mesa-de-trabajo-redd-inicio-analisis-sobre-norma-tecnica-para-consulta-de-implementacion-de-actividades\/","title":{"rendered":"Mesa de Trabajo REDD+ inici\u00f3 an\u00e1lisis sobre norma t\u00e9cnica para consulta de implementaci\u00f3n de actividades"},"content":{"rendered":"<p style=\"text-align: justify;\">Ayer, el Ministerio del Ambiente (MAE), con el apoyo del Programa Nacional Conjunto ONU-REDD Ecuador (PNC) y la Oficina del Alto Comisionado de Naciones Unidas para los Derechos Humanos (OACDH), realiz\u00f3 una reuni\u00f3n de la \u201cMesa de Trabajo REDD+ Ampliada: norma t\u00e9cnica sobre procesos de consulta para actividades REDD+ en Ecuador\u201d. El objetivo fue recoger las perspectivas y necesidades de la sociedad civil y de las comunidades, pueblos y nacionalidades ind\u00edgenas locales, en relaci\u00f3n con el proceso de Consulta Libre, Previa e Informada (CLPI).<\/p>\n<p style=\"text-align: justify;\">Ecuador ha ratificado su inter\u00e9s en desarrollar un mecanismo REDD+ de alta calidad. En este sentido, el pasado 5 de abril de 2013 esta Cartera de Estado, mediante Acuerdo Ministerial 033, estableci\u00f3 la generaci\u00f3n de un marco regulatorio para la implementaci\u00f3n de actividades REDD+ en el territorio nacional.<\/p>\n<p style=\"text-align: justify;\">A trav\u00e9s de este acuerdo ministerial se pretende generar una serie de normas t\u00e9cnicas que regulen las actividades REDD+ en el pa\u00eds, entre las cuales se incluye la normativa t\u00e9cnica que definir\u00e1 los procedimientos y requisitos para el proceso de consulta, los mismos que regir\u00e1n a las actividades REDD+ a nivel local.<\/p>\n<p style=\"text-align: justify;\">Con miras a cumplir con los plazos definidos en el Acuerdo Ministerial 033 para la generaci\u00f3n de la norma t\u00e9cnica en menci\u00f3n, el MAE, a trav\u00e9s de la Subsecretar\u00eda de Cambio Clim\u00e1tico, lidera el proceso de construcci\u00f3n del Programa Nacional REDD+ (PNREDD+), como una herramienta de planificaci\u00f3n que permita implementar pol\u00edticas, medidas y actividades tendientes a reducir emisiones de Gases de Efecto Invernadero (GEI), asociadas a la deforestaci\u00f3n y degradaci\u00f3n forestal en el Ecuador.<\/p>\n<p style=\"text-align: justify;\">\n<p>&nbsp;<\/p>\n","protected":false},"excerpt":{"rendered":"<p class=\"excerpt\">Ayer, el Ministerio del Ambiente (MAE), con el apoyo del Programa Nacional Conjunto ONU-REDD Ecuador (PNC) y la Oficina del Alto Comisionado de Naciones Unidas para los Derechos Humanos (OACDH), realiz\u00f3 una reuni\u00f3n de la \u201cMesa de Trabajo REDD+ Ampliada: norma t\u00e9cnica sobre procesos de consulta para actividades REDD+ en Ecuador\u201d. El objetivo fue recoger las perspectivas y necesidades de&hellip; <a href=\"https:\/\/www.ambienteyenergia.gob.ec\/ambiente\/mesa-de-trabajo-redd-inicio-analisis-sobre-norma-tecnica-para-consulta-de-implementacion-de-actividades\/\">Read more &rarr;<\/a><\/p>\n","protected":false},"author":13,"featured_media":15048,"comment_status":"open","ping_status":"open","sticky":false,"template":"","format":"standard","meta":{"footnotes":""},"categories":[16,4],"tags":[],"class_list":["post-15047","post","type-post","status-publish","format-standard","has-post-thumbnail","hentry","category-comunicamos","category-noticias","xfolkentry"],"_links":{"self":[{"href":"https:\/\/www.ambienteyenergia.gob.ec\/ambiente\/wp-json\/wp\/v2\/posts\/15047","targetHints":{"allow":["GET"]}}],"collection":[{"href":"https:\/\/www.ambienteyenergia.gob.ec\/ambiente\/wp-json\/wp\/v2\/posts"}],"about":[{"href":"https:\/\/www.ambienteyenergia.gob.ec\/ambiente\/wp-json\/wp\/v2\/types\/post"}],"author":[{"embeddable":true,"href":"https:\/\/www.ambienteyenergia.gob.ec\/ambiente\/wp-json\/wp\/v2\/users\/13"}],"replies":[{"embeddable":true,"href":"https:\/\/www.ambienteyenergia.gob.ec\/ambiente\/wp-json\/wp\/v2\/comments?post=15047"}],"version-history":[{"count":0,"href":"https:\/\/www.ambienteyenergia.gob.ec\/ambiente\/wp-json\/wp\/v2\/posts\/15047\/revisions"}],"wp:featuredmedia":[{"embeddable":true,"href":"https:\/\/www.ambienteyenergia.gob.ec\/ambiente\/wp-json\/wp\/v2\/media\/15048"}],"wp:attachment":[{"href":"https:\/\/www.ambienteyenergia.gob.ec\/ambiente\/wp-json\/wp\/v2\/media?parent=15047"}],"wp:term":[{"taxonomy":"category","embeddable":true,"href":"https:\/\/www.ambienteyenergia.gob.ec\/ambiente\/wp-json\/wp\/v2\/categories?post=15047"},{"taxonomy":"post_tag","embeddable":true,"href":"https:\/\/www.ambienteyenergia.gob.ec\/ambiente\/wp-json\/wp\/v2\/tags?post=15047"}],"curies":[{"name":"wp","href":"https:\/\/api.w.org\/{rel}","templated":true}]}}