{"id":15034,"date":"2013-09-11T11:40:02","date_gmt":"2013-09-11T16:40:02","guid":{"rendered":"http:\/\/www.ambiente.gob.ec\/?p=15034"},"modified":"2013-09-11T13:49:43","modified_gmt":"2013-09-11T18:49:43","slug":"incendio-forestal-en-el-sector-de-guizhaguina-fue-controlado-totalmente-el-oro","status":"publish","type":"post","link":"https:\/\/www.ambienteyenergia.gob.ec\/ambiente\/incendio-forestal-en-el-sector-de-guizhaguina-fue-controlado-totalmente-el-oro\/","title":{"rendered":"Incendio forestal en el sector de Guizhagui\u00f1a fue controlado totalmente (El Oro)"},"content":{"rendered":"<p align=\"JUSTIFY\">El Ministerio del Ambiente (MAE), en coordinaci\u00f3n con la Secretar\u00eda Nacional de Gesti\u00f3n de Riesgos y el Cuerpo de Bomberos, control\u00f3 un incendio que consumi\u00f3 bosque achaparrado, vegetaci\u00f3n de p\u00e1ramo y pajonal en el sector de Guizhagui\u00f1a<strong>, <\/strong>provincia de El Oro. Gracias al trabajo conjunto de las instituciones se logr\u00f3 aplacar el fuego en un tiempo aproximado de 60 horas.<\/p>\n<p align=\"JUSTIFY\">Tras recibir la alerta de incendio, el MAE inmediatamente se moviliz\u00f3 al lugar. Personal de la oficina T\u00e9cnica de Zaruma y de la Unidad de Patrimonio Natural trabajaron en conjunto con el Coronel Jos\u00e9 Barreto, Primer Jefe de la Provincia de El Oro del Cuerpo de Bomberos, en la log\u00edstica y movilizaci\u00f3n de gente especializada al punto del flagelo, para iniciar el trabajo del control y sofocaci\u00f3n del fuego.<\/p>\n<p align=\"JUSTIFY\">Luego de apagar el fuego en su totalidad, la Direcci\u00f3n Provincial del Ambiente de El Oro permaneci\u00f3 vigilante y realizar\u00e1 un monitoreo constante en el sector para evitar que se repita un evento como este. A pesar de que se consumi\u00f3 gran parte de bosque, no existen reportes de personas, ni viviendas afectadas y a\u00fan se desconoce el origen del incendio.<\/p>\n<p align=\"JUSTIFY\">Por su parte, el MAE continuar\u00e1 con campa\u00f1as de prevenci\u00f3n de incendios forestales, comprometiendo a los GADs Municipales y Parroquiales, as\u00ed como a los l\u00edderes comunitarios, a participar de iniciativas de educaci\u00f3n ambiental.<\/p>\n<p align=\"JUSTIFY\">Asimismo, se tomar\u00e1n las acciones administrativas pertinentes y coordinar\u00e1 con la Fiscal\u00eda las investigaciones para determinar si fue un accidente o fue provocado. En el caso de que este fen\u00f3meno haya sido provocado se sancionar\u00e1 de acuerdo a la ley.<\/p>\n<div id='gallery-1' class='gallery galleryid-15034 gallery-columns-4 gallery-size-thumbnail'><dl class='gallery-item'>\n\t\t\t<dt class='gallery-icon landscape'>\n\t\t\t\t<a href='https:\/\/www.ambienteyenergia.gob.ec\/ambiente\/incendio-forestal-en-el-sector-de-guizhaguina-fue-controlado-totalmente-el-oro\/dscn1713\/'><img loading=\"lazy\" decoding=\"async\" width=\"150\" height=\"150\" src=\"https:\/\/www.ambienteyenergia.gob.ec\/ambiente\/wp-content\/uploads\/sites\/2\/2013\/09\/DSCN1713-150x150.jpg\" class=\"attachment-thumbnail size-thumbnail\" alt=\"\" \/><\/a>\n\t\t\t<\/dt><\/dl><dl class='gallery-item'>\n\t\t\t<dt class='gallery-icon landscape'>\n\t\t\t\t<a href='https:\/\/www.ambienteyenergia.gob.ec\/ambiente\/incendio-forestal-en-el-sector-de-guizhaguina-fue-controlado-totalmente-el-oro\/dscn1668\/'><img loading=\"lazy\" decoding=\"async\" width=\"150\" height=\"150\" src=\"https:\/\/www.ambienteyenergia.gob.ec\/ambiente\/wp-content\/uploads\/sites\/2\/2013\/09\/DSCN1668-150x150.jpg\" class=\"attachment-thumbnail size-thumbnail\" alt=\"\" \/><\/a>\n\t\t\t<\/dt><\/dl><dl class='gallery-item'>\n\t\t\t<dt class='gallery-icon landscape'>\n\t\t\t\t<a href='https:\/\/www.ambienteyenergia.gob.ec\/ambiente\/incendio-forestal-en-el-sector-de-guizhaguina-fue-controlado-totalmente-el-oro\/dscn1669\/'><img loading=\"lazy\" decoding=\"async\" width=\"150\" height=\"150\" src=\"https:\/\/www.ambienteyenergia.gob.ec\/ambiente\/wp-content\/uploads\/sites\/2\/2013\/09\/DSCN1669-150x150.jpg\" class=\"attachment-thumbnail size-thumbnail\" alt=\"\" \/><\/a>\n\t\t\t<\/dt><\/dl><dl class='gallery-item'>\n\t\t\t<dt class='gallery-icon landscape'>\n\t\t\t\t<a href='https:\/\/www.ambienteyenergia.gob.ec\/ambiente\/incendio-forestal-en-el-sector-de-guizhaguina-fue-controlado-totalmente-el-oro\/dscn1670\/'><img loading=\"lazy\" decoding=\"async\" width=\"150\" height=\"150\" src=\"https:\/\/www.ambienteyenergia.gob.ec\/ambiente\/wp-content\/uploads\/sites\/2\/2013\/09\/DSCN1670-150x150.jpg\" class=\"attachment-thumbnail size-thumbnail\" alt=\"\" \/><\/a>\n\t\t\t<\/dt><\/dl><br style=\"clear: both\" \/><dl class='gallery-item'>\n\t\t\t<dt class='gallery-icon landscape'>\n\t\t\t\t<a href='https:\/\/www.ambienteyenergia.gob.ec\/ambiente\/incendio-forestal-en-el-sector-de-guizhaguina-fue-controlado-totalmente-el-oro\/dscn1673\/'><img loading=\"lazy\" decoding=\"async\" width=\"150\" height=\"150\" src=\"https:\/\/www.ambienteyenergia.gob.ec\/ambiente\/wp-content\/uploads\/sites\/2\/2013\/09\/DSCN1673-150x150.jpg\" class=\"attachment-thumbnail size-thumbnail\" alt=\"\" \/><\/a>\n\t\t\t<\/dt><\/dl><dl class='gallery-item'>\n\t\t\t<dt class='gallery-icon landscape'>\n\t\t\t\t<a href='https:\/\/www.ambienteyenergia.gob.ec\/ambiente\/incendio-forestal-en-el-sector-de-guizhaguina-fue-controlado-totalmente-el-oro\/dscn1691\/'><img loading=\"lazy\" decoding=\"async\" width=\"150\" height=\"150\" src=\"https:\/\/www.ambienteyenergia.gob.ec\/ambiente\/wp-content\/uploads\/sites\/2\/2013\/09\/DSCN1691-150x150.jpg\" class=\"attachment-thumbnail size-thumbnail\" alt=\"\" \/><\/a>\n\t\t\t<\/dt><\/dl><dl class='gallery-item'>\n\t\t\t<dt class='gallery-icon landscape'>\n\t\t\t\t<a href='https:\/\/www.ambienteyenergia.gob.ec\/ambiente\/incendio-forestal-en-el-sector-de-guizhaguina-fue-controlado-totalmente-el-oro\/dscn1693\/'><img loading=\"lazy\" decoding=\"async\" width=\"150\" height=\"150\" src=\"https:\/\/www.ambienteyenergia.gob.ec\/ambiente\/wp-content\/uploads\/sites\/2\/2013\/09\/DSCN1693-150x150.jpg\" class=\"attachment-thumbnail size-thumbnail\" alt=\"\" \/><\/a>\n\t\t\t<\/dt><\/dl><dl class='gallery-item'>\n\t\t\t<dt class='gallery-icon landscape'>\n\t\t\t\t<a href='https:\/\/www.ambienteyenergia.gob.ec\/ambiente\/incendio-forestal-en-el-sector-de-guizhaguina-fue-controlado-totalmente-el-oro\/dscn1703\/'><img loading=\"lazy\" decoding=\"async\" width=\"150\" height=\"150\" src=\"https:\/\/www.ambienteyenergia.gob.ec\/ambiente\/wp-content\/uploads\/sites\/2\/2013\/09\/DSCN1703-150x150.jpg\" class=\"attachment-thumbnail size-thumbnail\" alt=\"\" \/><\/a>\n\t\t\t<\/dt><\/dl><br style=\"clear: both\" \/><dl class='gallery-item'>\n\t\t\t<dt class='gallery-icon landscape'>\n\t\t\t\t<a href='https:\/\/www.ambienteyenergia.gob.ec\/ambiente\/incendio-forestal-en-el-sector-de-guizhaguina-fue-controlado-totalmente-el-oro\/imagen1020\/'><img loading=\"lazy\" decoding=\"async\" width=\"150\" height=\"150\" src=\"https:\/\/www.ambienteyenergia.gob.ec\/ambiente\/wp-content\/uploads\/sites\/2\/2013\/09\/Imagen1020-150x150.jpg\" class=\"attachment-thumbnail size-thumbnail\" alt=\"\" \/><\/a>\n\t\t\t<\/dt><\/dl><dl class='gallery-item'>\n\t\t\t<dt class='gallery-icon landscape'>\n\t\t\t\t<a href='https:\/\/www.ambienteyenergia.gob.ec\/ambiente\/incendio-forestal-en-el-sector-de-guizhaguina-fue-controlado-totalmente-el-oro\/imagen1021\/'><img loading=\"lazy\" decoding=\"async\" width=\"150\" height=\"150\" src=\"https:\/\/www.ambienteyenergia.gob.ec\/ambiente\/wp-content\/uploads\/sites\/2\/2013\/09\/Imagen1021-150x150.jpg\" class=\"attachment-thumbnail size-thumbnail\" alt=\"\" \/><\/a>\n\t\t\t<\/dt><\/dl><dl class='gallery-item'>\n\t\t\t<dt class='gallery-icon landscape'>\n\t\t\t\t<a href='https:\/\/www.ambienteyenergia.gob.ec\/ambiente\/incendio-forestal-en-el-sector-de-guizhaguina-fue-controlado-totalmente-el-oro\/imagen1024\/'><img loading=\"lazy\" decoding=\"async\" width=\"150\" height=\"150\" src=\"https:\/\/www.ambienteyenergia.gob.ec\/ambiente\/wp-content\/uploads\/sites\/2\/2013\/09\/Imagen1024-150x150.jpg\" class=\"attachment-thumbnail size-thumbnail\" alt=\"\" \/><\/a>\n\t\t\t<\/dt><\/dl>\n\t\t\t<br style='clear: both' \/>\n\t\t<\/div>\n\n","protected":false},"excerpt":{"rendered":"<p class=\"excerpt\">El Ministerio del Ambiente (MAE), en coordinaci\u00f3n con la Secretar\u00eda Nacional de Gesti\u00f3n de Riesgos y el Cuerpo de Bomberos, control\u00f3 un incendio que consumi\u00f3 bosque achaparrado, vegetaci\u00f3n de p\u00e1ramo y pajonal en el sector de Guizhagui\u00f1a, provincia de El Oro. Gracias al trabajo conjunto de las instituciones se logr\u00f3 aplacar el fuego en un tiempo aproximado de 60 horas.&hellip; <a href=\"https:\/\/www.ambienteyenergia.gob.ec\/ambiente\/incendio-forestal-en-el-sector-de-guizhaguina-fue-controlado-totalmente-el-oro\/\">Read more &rarr;<\/a><\/p>\n","protected":false},"author":13,"featured_media":15036,"comment_status":"open","ping_status":"open","sticky":false,"template":"","format":"standard","meta":{"footnotes":""},"categories":[16,4],"tags":[],"class_list":["post-15034","post","type-post","status-publish","format-standard","has-post-thumbnail","hentry","category-comunicamos","category-noticias","xfolkentry"],"_links":{"self":[{"href":"https:\/\/www.ambienteyenergia.gob.ec\/ambiente\/wp-json\/wp\/v2\/posts\/15034","targetHints":{"allow":["GET"]}}],"collection":[{"href":"https:\/\/www.ambienteyenergia.gob.ec\/ambiente\/wp-json\/wp\/v2\/posts"}],"about":[{"href":"https:\/\/www.ambienteyenergia.gob.ec\/ambiente\/wp-json\/wp\/v2\/types\/post"}],"author":[{"embeddable":true,"href":"https:\/\/www.ambienteyenergia.gob.ec\/ambiente\/wp-json\/wp\/v2\/users\/13"}],"replies":[{"embeddable":true,"href":"https:\/\/www.ambienteyenergia.gob.ec\/ambiente\/wp-json\/wp\/v2\/comments?post=15034"}],"version-history":[{"count":0,"href":"https:\/\/www.ambienteyenergia.gob.ec\/ambiente\/wp-json\/wp\/v2\/posts\/15034\/revisions"}],"wp:featuredmedia":[{"embeddable":true,"href":"https:\/\/www.ambienteyenergia.gob.ec\/ambiente\/wp-json\/wp\/v2\/media\/15036"}],"wp:attachment":[{"href":"https:\/\/www.ambienteyenergia.gob.ec\/ambiente\/wp-json\/wp\/v2\/media?parent=15034"}],"wp:term":[{"taxonomy":"category","embeddable":true,"href":"https:\/\/www.ambienteyenergia.gob.ec\/ambiente\/wp-json\/wp\/v2\/categories?post=15034"},{"taxonomy":"post_tag","embeddable":true,"href":"https:\/\/www.ambienteyenergia.gob.ec\/ambiente\/wp-json\/wp\/v2\/tags?post=15034"}],"curies":[{"name":"wp","href":"https:\/\/api.w.org\/{rel}","templated":true}]}}