{"id":15030,"date":"2013-09-11T09:25:55","date_gmt":"2013-09-11T14:25:55","guid":{"rendered":"http:\/\/www.ambiente.gob.ec\/?p=15030"},"modified":"2013-09-11T13:08:18","modified_gmt":"2013-09-11T18:08:18","slug":"mae-controlo-incendio-en-guamote-chimborzo","status":"publish","type":"post","link":"https:\/\/www.ambienteyenergia.gob.ec\/ambiente\/mae-controlo-incendio-en-guamote-chimborzo\/","title":{"rendered":"MAE control\u00f3 incendio en Guamote (Chimborazo)"},"content":{"rendered":"<p style=\"text-align: justify;\">Un incendio registrado ayer a las 15:30 en la comunidad Gramapamba, cant\u00f3n Guamote, pudo ser controlado dos horas despu\u00e9s, gracias a la acci\u00f3n inmediata de 15 Guardaparques\u00a0 de la Direcci\u00f3n Provincial de Ambiente de Chimborazo, personal del Cuerpo de Bomberos y el apoyo de la poblaci\u00f3n.<\/p>\n<p style=\"text-align: justify;\">Luego de haber sido alertados por el Cuerpo de Bombero del cant\u00f3n Guamote, los funcionarios del\u00a0 Ministerio del Ambiente (MAE) se trasladaron al sitio del incendio llevando\u00a0 herramientas como bate fuegos, azadones, palas y machetes.<\/p>\n<p style=\"text-align: justify;\">El da\u00f1o se estima en una hect\u00e1rea de plantaciones de pino (<em>Pinus radiata<\/em>) y tres hect\u00e1reas de pajonal. Se desconoce el origen del flagelo \u00a0por lo que la Direcci\u00f3n Provincial iniciar\u00e1 los tr\u00e1mites correspondientes con la Fiscal\u00eda del Guamote.<\/p>\n<p style=\"text-align: justify;\"><a href=\"http:\/\/www.ambienteyenergia.gob.ec\/ambiente\/wp-content\/uploads\/2013\/09\/GRAMAPAMBA-2.jpg\"><img loading=\"lazy\" decoding=\"async\" class=\"aligncenter size-full wp-image-15031\" title=\"GRAMAPAMBA-2\" src=\"http:\/\/www.ambienteyenergia.gob.ec\/ambiente\/wp-content\/uploads\/2013\/09\/GRAMAPAMBA-2.jpg\" alt=\"\" width=\"650\" height=\"488\" srcset=\"https:\/\/www.ambienteyenergia.gob.ec\/ambiente\/wp-content\/uploads\/sites\/2\/2013\/09\/GRAMAPAMBA-2.jpg 650w, https:\/\/www.ambienteyenergia.gob.ec\/ambiente\/wp-content\/uploads\/sites\/2\/2013\/09\/GRAMAPAMBA-2-300x225.jpg 300w, https:\/\/www.ambienteyenergia.gob.ec\/ambiente\/wp-content\/uploads\/sites\/2\/2013\/09\/GRAMAPAMBA-2-399x300.jpg 399w\" sizes=\"auto, (max-width: 650px) 100vw, 650px\" \/><\/a><\/p>\n","protected":false},"excerpt":{"rendered":"<p class=\"excerpt\">Un incendio registrado ayer a las 15:30 en la comunidad Gramapamba, cant\u00f3n Guamote, pudo ser controlado dos horas despu\u00e9s, gracias a la acci\u00f3n inmediata de 15 Guardaparques\u00a0 de la Direcci\u00f3n Provincial de Ambiente de Chimborazo, personal del Cuerpo de Bomberos y el apoyo de la poblaci\u00f3n. Luego de haber sido alertados por el Cuerpo de Bombero del cant\u00f3n Guamote, los&hellip; <a href=\"https:\/\/www.ambienteyenergia.gob.ec\/ambiente\/mae-controlo-incendio-en-guamote-chimborzo\/\">Read more &rarr;<\/a><\/p>\n","protected":false},"author":13,"featured_media":15032,"comment_status":"open","ping_status":"open","sticky":false,"template":"","format":"standard","meta":{"footnotes":""},"categories":[16,4],"tags":[],"class_list":["post-15030","post","type-post","status-publish","format-standard","has-post-thumbnail","hentry","category-comunicamos","category-noticias","xfolkentry"],"_links":{"self":[{"href":"https:\/\/www.ambienteyenergia.gob.ec\/ambiente\/wp-json\/wp\/v2\/posts\/15030","targetHints":{"allow":["GET"]}}],"collection":[{"href":"https:\/\/www.ambienteyenergia.gob.ec\/ambiente\/wp-json\/wp\/v2\/posts"}],"about":[{"href":"https:\/\/www.ambienteyenergia.gob.ec\/ambiente\/wp-json\/wp\/v2\/types\/post"}],"author":[{"embeddable":true,"href":"https:\/\/www.ambienteyenergia.gob.ec\/ambiente\/wp-json\/wp\/v2\/users\/13"}],"replies":[{"embeddable":true,"href":"https:\/\/www.ambienteyenergia.gob.ec\/ambiente\/wp-json\/wp\/v2\/comments?post=15030"}],"version-history":[{"count":0,"href":"https:\/\/www.ambienteyenergia.gob.ec\/ambiente\/wp-json\/wp\/v2\/posts\/15030\/revisions"}],"wp:featuredmedia":[{"embeddable":true,"href":"https:\/\/www.ambienteyenergia.gob.ec\/ambiente\/wp-json\/wp\/v2\/media\/15032"}],"wp:attachment":[{"href":"https:\/\/www.ambienteyenergia.gob.ec\/ambiente\/wp-json\/wp\/v2\/media?parent=15030"}],"wp:term":[{"taxonomy":"category","embeddable":true,"href":"https:\/\/www.ambienteyenergia.gob.ec\/ambiente\/wp-json\/wp\/v2\/categories?post=15030"},{"taxonomy":"post_tag","embeddable":true,"href":"https:\/\/www.ambienteyenergia.gob.ec\/ambiente\/wp-json\/wp\/v2\/tags?post=15030"}],"curies":[{"name":"wp","href":"https:\/\/api.w.org\/{rel}","templated":true}]}}