{"id":15027,"date":"2013-09-11T09:22:54","date_gmt":"2013-09-11T14:22:54","guid":{"rendered":"http:\/\/www.ambiente.gob.ec\/?p=15027"},"modified":"2013-09-11T22:33:52","modified_gmt":"2013-09-12T03:33:52","slug":"ecuador-logra-apoyo-del-gobierno-de-corea-para-programa-de-reforestacion-nacional","status":"publish","type":"post","link":"https:\/\/www.ambienteyenergia.gob.ec\/ambiente\/ecuador-logra-apoyo-del-gobierno-de-corea-para-programa-de-reforestacion-nacional\/","title":{"rendered":"Ecuador logra apoyo del Gobierno de Corea para programa de reforestaci\u00f3n nacional"},"content":{"rendered":"<p style=\"text-align: justify;\">Ayer, la Viceministra del Ambiente de Ecuador, M\u00f3nica Hidalgo, se reuni\u00f3n con Kim Yong-Ha, Viceministro de Bosques del Servicio Forestal de la Rep\u00fablica de Corea, en el marco de la visita oficial que realiza a este pa\u00eds, con el objetivo de estrechar relaciones, concretar apoyo bilateral en algunos temas ambientales e intercambiar experiencias exitosas especialmente en el campo forestal. En la reuni\u00f3n estuvo tambi\u00e9n el Embajador de la Rep\u00fablica del Ecuador, Nicolas Trujillo.<\/p>\n<p style=\"text-align: justify;\">Hidalgo inici\u00f3 agradeciendo al Gobierno de la Rep\u00fablica de Corea por su hospitalidad y por la visita que realiz\u00f3 a nuestro pa\u00eds Kim Hyunsik, Director General del Bureu de Recursos Forestales del Servicio Forestal de Corea, el pasado 5 de septiembre.<\/p>\n<p style=\"text-align: justify;\">En su intervenci\u00f3n la Viceministra Hidalgo destac\u00f3 que la tasa de deforestaci\u00f3n en Ecuador en el per\u00edodo 2008-2012 alcanz\u00f3 aproximadamente las 65 mil hect\u00e1reas al a\u00f1o. Sin embargo, la tasa de reforestaci\u00f3n alcanza las 30 mil hect\u00e1reas anuales.<\/p>\n<p style=\"text-align: justify;\">Por esta raz\u00f3n, se ha planteado la creaci\u00f3n de un programa de reforestaci\u00f3n nacional, cuyos gastos ser\u00e1n financiados por el Gobierno de Ecuador con apoyo y asesoria del Gobierno de Corea. Este proyecto de reforestaci\u00f3n es una disposici\u00f3n directa del Presidente de la Rep\u00fablica, Rafael Correa, para lo cual se necesita implementar acciones concretas en los tres pr\u00f3ximos meses. Para esto, se dise\u00f1ar\u00e1 un plan maestro de reforestaci\u00f3n, cuya meta para el 2014 es reforestar 200 mil hect\u00e1reas<\/p>\n<p style=\"text-align: justify;\">El prop\u00f3sito no solo es superar las 65 mil hect\u00e1reas al a\u00f1o, sino que se busca incrementar la tasa de reforestaci\u00f3n, es decir, se debe lograr unas 200 mil hect\u00e1reas por a\u00f1o como meta destinada para fines de conservaci\u00f3n.<\/p>\n<p style=\"text-align: justify;\">Adicionalmente, es necesario articular este proceso con la finalidad de eliminar la deforestaci\u00f3n a nivel nacional. \u201cMejorar la calidad de vida de nuestro pueblo y disminuir la vulnerabilidad ambiental, es el motor que impulsa al Gobierno ecuatoriano a buscar e implementar acciones exitosas de pa\u00edses y pueblos hermanos\u201d, afirm\u00f3 Hidalgo.<\/p>\n<p style=\"text-align: justify;\">El Servicio Forestal de Corea apoyar\u00e1 al Ecuador en todo lo que el pa\u00eds necesite. Para esto el Viceministro Kim solicito el envi\u00f3 de una delegaci\u00f3n de planeamiento forestal desde Ecuador. \u00c9sta instituci\u00f3n tiene experiencias exitosas de reforestaci\u00f3n en Mongolia y otros pa\u00edses del mundo.<\/p>\n","protected":false},"excerpt":{"rendered":"<p class=\"excerpt\">Ayer, la Viceministra del Ambiente de Ecuador, M\u00f3nica Hidalgo, se reuni\u00f3n con Kim Yong-Ha, Viceministro de Bosques del Servicio Forestal de la Rep\u00fablica de Corea, en el marco de la visita oficial que realiza a este pa\u00eds, con el objetivo de estrechar relaciones, concretar apoyo bilateral en algunos temas ambientales e intercambiar experiencias exitosas especialmente en el campo forestal. En&hellip; <a href=\"https:\/\/www.ambienteyenergia.gob.ec\/ambiente\/ecuador-logra-apoyo-del-gobierno-de-corea-para-programa-de-reforestacion-nacional\/\">Read more &rarr;<\/a><\/p>\n","protected":false},"author":13,"featured_media":15028,"comment_status":"open","ping_status":"open","sticky":false,"template":"","format":"standard","meta":{"footnotes":""},"categories":[16,4],"tags":[],"class_list":["post-15027","post","type-post","status-publish","format-standard","has-post-thumbnail","hentry","category-comunicamos","category-noticias","xfolkentry"],"_links":{"self":[{"href":"https:\/\/www.ambienteyenergia.gob.ec\/ambiente\/wp-json\/wp\/v2\/posts\/15027","targetHints":{"allow":["GET"]}}],"collection":[{"href":"https:\/\/www.ambienteyenergia.gob.ec\/ambiente\/wp-json\/wp\/v2\/posts"}],"about":[{"href":"https:\/\/www.ambienteyenergia.gob.ec\/ambiente\/wp-json\/wp\/v2\/types\/post"}],"author":[{"embeddable":true,"href":"https:\/\/www.ambienteyenergia.gob.ec\/ambiente\/wp-json\/wp\/v2\/users\/13"}],"replies":[{"embeddable":true,"href":"https:\/\/www.ambienteyenergia.gob.ec\/ambiente\/wp-json\/wp\/v2\/comments?post=15027"}],"version-history":[{"count":0,"href":"https:\/\/www.ambienteyenergia.gob.ec\/ambiente\/wp-json\/wp\/v2\/posts\/15027\/revisions"}],"wp:featuredmedia":[{"embeddable":true,"href":"https:\/\/www.ambienteyenergia.gob.ec\/ambiente\/wp-json\/wp\/v2\/media\/15028"}],"wp:attachment":[{"href":"https:\/\/www.ambienteyenergia.gob.ec\/ambiente\/wp-json\/wp\/v2\/media?parent=15027"}],"wp:term":[{"taxonomy":"category","embeddable":true,"href":"https:\/\/www.ambienteyenergia.gob.ec\/ambiente\/wp-json\/wp\/v2\/categories?post=15027"},{"taxonomy":"post_tag","embeddable":true,"href":"https:\/\/www.ambienteyenergia.gob.ec\/ambiente\/wp-json\/wp\/v2\/tags?post=15027"}],"curies":[{"name":"wp","href":"https:\/\/api.w.org\/{rel}","templated":true}]}}