{"id":15017,"date":"2013-09-10T17:01:05","date_gmt":"2013-09-10T22:01:05","guid":{"rendered":"http:\/\/www.ambiente.gob.ec\/?p=15017"},"modified":"2013-09-11T13:32:40","modified_gmt":"2013-09-11T18:32:40","slug":"109-libras-de-langosta-retenidas-desde-inicio-de-pesqueria","status":"publish","type":"post","link":"https:\/\/www.ambienteyenergia.gob.ec\/ambiente\/109-libras-de-langosta-retenidas-desde-inicio-de-pesqueria\/","title":{"rendered":"109 libras de langosta retenidas desde inicio de pesquer\u00eda"},"content":{"rendered":"<p style=\"text-align: justify;\">Desde el pasado 20 de agosto, fecha en la que inici\u00f3 la pesquer\u00eda de langosta espinosa en la Reserva Marina de Gal\u00e1pagos, han sido retenidas 109 libras de esta especie, entre colas e individuos enteros.<\/p>\n<p style=\"text-align: justify;\">De acuerdo a la regulaci\u00f3n emitida por la Direcci\u00f3n del Parque Nacional Gal\u00e1pagos (DPNG) del Ministerio del Ambiente (MAE), la talla m\u00ednima para la captura es de 26 cent\u00edmetros (entera) o 15 cent\u00edmetros (cola), los individuos capturados con tallas inferiores.<\/p>\n<p>Guardaparques de la DPNG realizan controles con la finalidad de garantizar el respeto de las tallas establecidas. Los monitoreos tambi\u00e9n son realizados en las embarcaciones y los puertos de desembarque.<\/p>\n<p style=\"text-align: justify;\">La DPNG recuerda a la ciudadan\u00eda que no adquiera langostas de tallas inferiores a las establecidas, tampoco aquellas que se encuentran ovadas.<\/p>\n<p style=\"text-align: justify;\">Las retenciones son realizadas por la DPNG para cuidar que las langostas cumplan su vida reproductiva. Y estas solo son realizadas en aquellos casos en los que no cumplan las medidas dispuestas en la resoluci\u00f3n 070-2013, es decir, las antes citadas.<\/p>\n<p>Tras las retenciones, los guardaparques trasladan los individuos a las zonas rocosas, porque es su h\u00e1bitat natural, tambi\u00e9n las playas o zonas arenosas, una vez en el agua buscan sus sitios naturales.<\/p>\n<p style=\"text-align: justify;\">\n","protected":false},"excerpt":{"rendered":"<p class=\"excerpt\">Desde el pasado 20 de agosto, fecha en la que inici\u00f3 la pesquer\u00eda de langosta espinosa en la Reserva Marina de Gal\u00e1pagos, han sido retenidas 109 libras de esta especie, entre colas e individuos enteros. De acuerdo a la regulaci\u00f3n emitida por la Direcci\u00f3n del Parque Nacional Gal\u00e1pagos (DPNG) del Ministerio del Ambiente (MAE), la talla m\u00ednima para la captura&hellip; <a href=\"https:\/\/www.ambienteyenergia.gob.ec\/ambiente\/109-libras-de-langosta-retenidas-desde-inicio-de-pesqueria\/\">Read more &rarr;<\/a><\/p>\n","protected":false},"author":13,"featured_media":15018,"comment_status":"open","ping_status":"open","sticky":false,"template":"","format":"standard","meta":{"footnotes":""},"categories":[16,4],"tags":[],"class_list":["post-15017","post","type-post","status-publish","format-standard","has-post-thumbnail","hentry","category-comunicamos","category-noticias","xfolkentry"],"_links":{"self":[{"href":"https:\/\/www.ambienteyenergia.gob.ec\/ambiente\/wp-json\/wp\/v2\/posts\/15017","targetHints":{"allow":["GET"]}}],"collection":[{"href":"https:\/\/www.ambienteyenergia.gob.ec\/ambiente\/wp-json\/wp\/v2\/posts"}],"about":[{"href":"https:\/\/www.ambienteyenergia.gob.ec\/ambiente\/wp-json\/wp\/v2\/types\/post"}],"author":[{"embeddable":true,"href":"https:\/\/www.ambienteyenergia.gob.ec\/ambiente\/wp-json\/wp\/v2\/users\/13"}],"replies":[{"embeddable":true,"href":"https:\/\/www.ambienteyenergia.gob.ec\/ambiente\/wp-json\/wp\/v2\/comments?post=15017"}],"version-history":[{"count":0,"href":"https:\/\/www.ambienteyenergia.gob.ec\/ambiente\/wp-json\/wp\/v2\/posts\/15017\/revisions"}],"wp:featuredmedia":[{"embeddable":true,"href":"https:\/\/www.ambienteyenergia.gob.ec\/ambiente\/wp-json\/wp\/v2\/media\/15018"}],"wp:attachment":[{"href":"https:\/\/www.ambienteyenergia.gob.ec\/ambiente\/wp-json\/wp\/v2\/media?parent=15017"}],"wp:term":[{"taxonomy":"category","embeddable":true,"href":"https:\/\/www.ambienteyenergia.gob.ec\/ambiente\/wp-json\/wp\/v2\/categories?post=15017"},{"taxonomy":"post_tag","embeddable":true,"href":"https:\/\/www.ambienteyenergia.gob.ec\/ambiente\/wp-json\/wp\/v2\/tags?post=15017"}],"curies":[{"name":"wp","href":"https:\/\/api.w.org\/{rel}","templated":true}]}}