{"id":15010,"date":"2013-09-10T16:46:30","date_gmt":"2013-09-10T21:46:30","guid":{"rendered":"http:\/\/www.ambiente.gob.ec\/?p=15010"},"modified":"2013-09-11T07:41:07","modified_gmt":"2013-09-11T12:41:07","slug":"aumenta-poblacion-de-piqueros-patas-rojas-en-punta-pitt","status":"publish","type":"post","link":"https:\/\/www.ambienteyenergia.gob.ec\/ambiente\/aumenta-poblacion-de-piqueros-patas-rojas-en-punta-pitt\/","title":{"rendered":"Aumenta poblaci\u00f3n de piqueros patas rojas en Punta Pitt (Gal\u00e1pagos)"},"content":{"rendered":"<p style=\"text-align: justify;\"><strong><em>El monitoreo realizado evidenci\u00f3 un incremento del 52% de individuos en este sitio ubicado en la isla San Crist\u00f3bal. <\/em><\/strong><\/p>\n<p style=\"text-align: justify;\">Un total de 615 individuos de la especie Sula sula o piqueros patas rojas fue monitoreado por el Ministerio del Ambiente (MAE), a trav\u00e9s de la Direcci\u00f3n del Parque Nacional Gal\u00e1pagos (DPNG), en el sector de Punta Pitt. El trabajo realizado por los guardaparques de la Unidad T\u00e9cnica San Crist\u00f3bal, de la Direcci\u00f3n del Parque Nacional Gal\u00e1pagos (DPNG), evidenci\u00f3 un incremento de la poblaci\u00f3n de estas aves de acuerdo a los registros del a\u00f1o 2012.<\/p>\n<p style=\"text-align: justify;\">Cuatro d\u00edas de campamento en el este de la isla San Crist\u00f3bal permitieron a los guardaparques realizar esta labor, para la cual recorrieron las zonas de Cerro y Playa Grande, donde efectuaron el levantamiento de informaci\u00f3n de los piqueros patas rojas que habitan en ese lugar.<\/p>\n<p style=\"text-align: justify;\">A trav\u00e9s del monitoreo se detect\u00f3 la existencia de 615 aves, 427 adultos, 96 juveniles y 92 pichones. Asimismo, se registraron 300 nidos ocupados, 89 nidos incubando, 134 nidos viejos y solo la presencia de 3 aves muertas, aparentemente por causas naturales.<\/p>\n<p style=\"text-align: justify;\">Con este trabajo se pudo evidenciar que los piqueros patas rojas han incrementado en un 52% su poblaci\u00f3n, en comparaci\u00f3n a la exploraci\u00f3n realizada en el 2012, cuando la DPNG registr\u00f3 386 individuos en este sitio.<\/p>\n<p style=\"text-align: justify;\">Adicional a este trabajo de monitoreo, los guardaparques ejecutaron acciones de control y eliminaci\u00f3n de gatos ferales, con la metodolog\u00eda de cebamiento y georeferenciaci\u00f3n, que consiste en la colocaci\u00f3n de cebo atrayente y la eliminaci\u00f3n, en puntos estrat\u00e9gicos y marcados.<\/p>\n<p style=\"text-align: justify;\">Esta primera parte de la actividad se desarrolla con la ca\u00edda del sol. La segunda parte que radica en inspeccionar y retirar los cebos es realizada al amanecer, para verificar el impacto generado en las especies introducidas (gatos y ratas).<\/p>\n<p style=\"text-align: justify;\">\n","protected":false},"excerpt":{"rendered":"<p class=\"excerpt\">El monitoreo realizado evidenci\u00f3 un incremento del 52% de individuos en este sitio ubicado en la isla San Crist\u00f3bal. Un total de 615 individuos de la especie Sula sula o piqueros patas rojas fue monitoreado por el Ministerio del Ambiente (MAE), a trav\u00e9s de la Direcci\u00f3n del Parque Nacional Gal\u00e1pagos (DPNG), en el sector de Punta Pitt. El trabajo realizado&hellip; <a href=\"https:\/\/www.ambienteyenergia.gob.ec\/ambiente\/aumenta-poblacion-de-piqueros-patas-rojas-en-punta-pitt\/\">Read more &rarr;<\/a><\/p>\n","protected":false},"author":13,"featured_media":15012,"comment_status":"open","ping_status":"open","sticky":false,"template":"","format":"standard","meta":{"footnotes":""},"categories":[16,4],"tags":[],"class_list":["post-15010","post","type-post","status-publish","format-standard","has-post-thumbnail","hentry","category-comunicamos","category-noticias","xfolkentry"],"_links":{"self":[{"href":"https:\/\/www.ambienteyenergia.gob.ec\/ambiente\/wp-json\/wp\/v2\/posts\/15010","targetHints":{"allow":["GET"]}}],"collection":[{"href":"https:\/\/www.ambienteyenergia.gob.ec\/ambiente\/wp-json\/wp\/v2\/posts"}],"about":[{"href":"https:\/\/www.ambienteyenergia.gob.ec\/ambiente\/wp-json\/wp\/v2\/types\/post"}],"author":[{"embeddable":true,"href":"https:\/\/www.ambienteyenergia.gob.ec\/ambiente\/wp-json\/wp\/v2\/users\/13"}],"replies":[{"embeddable":true,"href":"https:\/\/www.ambienteyenergia.gob.ec\/ambiente\/wp-json\/wp\/v2\/comments?post=15010"}],"version-history":[{"count":0,"href":"https:\/\/www.ambienteyenergia.gob.ec\/ambiente\/wp-json\/wp\/v2\/posts\/15010\/revisions"}],"wp:featuredmedia":[{"embeddable":true,"href":"https:\/\/www.ambienteyenergia.gob.ec\/ambiente\/wp-json\/wp\/v2\/media\/15012"}],"wp:attachment":[{"href":"https:\/\/www.ambienteyenergia.gob.ec\/ambiente\/wp-json\/wp\/v2\/media?parent=15010"}],"wp:term":[{"taxonomy":"category","embeddable":true,"href":"https:\/\/www.ambienteyenergia.gob.ec\/ambiente\/wp-json\/wp\/v2\/categories?post=15010"},{"taxonomy":"post_tag","embeddable":true,"href":"https:\/\/www.ambienteyenergia.gob.ec\/ambiente\/wp-json\/wp\/v2\/tags?post=15010"}],"curies":[{"name":"wp","href":"https:\/\/api.w.org\/{rel}","templated":true}]}}