{"id":15005,"date":"2013-09-10T16:39:36","date_gmt":"2013-09-10T21:39:36","guid":{"rendered":"http:\/\/www.ambiente.gob.ec\/?p=15005"},"modified":"2013-09-10T16:39:36","modified_gmt":"2013-09-10T21:39:36","slug":"ministros-ratifican-compromiso-con-la-proteccion-del-ambiente-y-a-las-comunidades-aledanas-al-itt","status":"publish","type":"post","link":"https:\/\/www.ambienteyenergia.gob.ec\/ambiente\/ministros-ratifican-compromiso-con-la-proteccion-del-ambiente-y-a-las-comunidades-aledanas-al-itt\/","title":{"rendered":"Ministros ratifican compromiso con la protecci\u00f3n del  ambiente y a las comunidades aleda\u00f1as al ITT"},"content":{"rendered":"<p style=\"text-align: justify;\">Los ministros Rafael Poveda, Coordinador de Sectores Estrat\u00e9gicos; Pedro Merizalde, de Recursos Naturales No Renovales; y del Ambiente, Lorena Tapia, comparecieron ante la Comisi\u00f3n de Biodiversidad de la Asamblea Nacional en el contexto del an\u00e1lisis de la petici\u00f3n para declarar de \u201cinter\u00e9s nacional\u201d la explotaci\u00f3n petrolera de los bloques 31 y 43.<\/p>\n<p style=\"text-align: justify;\">En su intervenci\u00f3n, el ministro Rafael Poveda expuso la necesidad de que el pa\u00eds debata sobre el objetivo nacional de explotar los recursos naturales con responsabilidad, en beneficio de los 14 millones de habitantes.<\/p>\n<p style=\"text-align: justify;\">Coment\u00f3 que el pa\u00eds vive un nuevo momento en la explotaci\u00f3n petrolera, el mismo que est\u00e1 caracterizado por el respeto absoluto al ambiente, a las comunidades aleda\u00f1as y con el uso de tecnolog\u00eda de punta para disminuir la afectaci\u00f3n al entorno.<\/p>\n<p style=\"text-align: justify;\">El Ministro Poveda afirm\u00f3 que no habr\u00e1 carreteras dentro del ITT. \u201cLo que se construir\u00e1 son senderos ecol\u00f3gicos, que servir\u00e1n \u00fanicamente para movilizarse de un punto a otro\u201d. De ninguna manera estas v\u00edas ser\u00e1n transitables y no ser\u00e1n de uso p\u00fablico, pues su control estar\u00e1 bajo el Estado. De esta forma el Ministro desminti\u00f3 las versiones sobre la supuesta apertura de una carretera de conexi\u00f3n al campo 31.<\/p>\n<p style=\"text-align: justify;\">Toda la infraestructura para trasladar el crudo ser\u00e1 subterr\u00e1nea y cumplir\u00e1 los m\u00e1s altos est\u00e1ndares ambientales, de calidad y seguridad. \u201cEl transporte del crudo ser\u00e1 subterr\u00e1neo, con altos est\u00e1ndares de calidad y seguridad. El transporte de materiales se realizar\u00e1 por helic\u00f3ptero y v\u00eda fluvial; la energ\u00eda vendr\u00e1 desde el campo Ed\u00e9n Yuturi y no se generar\u00e1 electricidad dentro del Parque Yasun\u00ed\u201d, precis\u00f3.<\/p>\n<p style=\"text-align: justify;\">\u201cEste Gobierno no pinta sus palabras de verde; no dice ser ecologista, sino que act\u00faa con hechos concretos. Hemos trabajado por el ambiente con hidroel\u00e9ctricas y la sustituci\u00f3n del parque termoel\u00e9ctrico obsoleto y contaminante; con el mejoramiento de los combustibles sin subir su precio; con el aprovechamiento del gas del petr\u00f3leo para generaci\u00f3n el\u00e9ctrica y evitar usar di\u00e9sel; con el plan de cocinas de inducci\u00f3n; con reforestaci\u00f3n\u201d, dijo.<\/p>\n<p style=\"text-align: justify;\"><strong>No se iniciar\u00e1n trabajos sin las aprobaciones<\/strong><\/p>\n<p style=\"text-align: justify;\">Entre tanto, el ministro de Recursos Naturales No Renovables, Pedro Merizalde, dijo que la actividad petrolera en el Bloque 43 no se realizar\u00e1 mientras no haya las respectivas aprobaciones del Ministerio del Ambiente.<\/p>\n<p style=\"text-align: justify;\">Agreg\u00f3 que cuando se llegue a desarrollar se aplicar\u00e1n las mejores pr\u00e1cticas ambientales y tecnol\u00f3gicas que ya implementa Petroamazonas. Merizalde puso como ejemplo el desarrollo del campo Pa\u00f1acocha, que es operado por Petroamazonas, empresa estatal dedicada a la exploraci\u00f3n y explotaci\u00f3n de hidrocarburos.<\/p>\n<p style=\"text-align: justify;\">El Ministro indico que no s\u00f3lo Petroamazonas aplica innovadora tecnolog\u00eda, sino las 14 empresas prestadoras de servicios que operan en el pa\u00eds.<\/p>\n<p style=\"text-align: justify;\">De su parte, el gerente de Petroamazonas, Oswaldo Madrid, quien tambi\u00e9n estuvo en la Comisi\u00f3n Especializada, luego de explicar las reservas de crudo existente en los bloques 31 y 43, la viabilidad t\u00e9cnica para desarrollar los campos petroleros, precis\u00f3 que la tecnolog\u00eda a aplicarse ayudar\u00e1 a evitar ruidos y la emisi\u00f3n de CO2, y que los sistemas de explotaci\u00f3n reducir\u00e1 la extensi\u00f3n que ser\u00e1 utilizada. Para el efecto, indic\u00f3 que aplicar\u00e1n sistemas de nuevos de perforaci\u00f3n como la de racimos.<\/p>\n<p style=\"text-align: justify;\">Madrid agreg\u00f3 que equipos de especialistas realizar\u00e1n estudios y monitorear\u00e1n al antes, durante y despu\u00e9s de las actividades petroleras, y a\u00f1adi\u00f3 que en la zona\u00a0 del ITT ha existido actividad, producto de lo cual ya existen perforados pozos.<\/p>\n<p style=\"text-align: justify;\"><strong>Habr\u00e1 monitoreo permanente en cada etapa de desarrollo del proyecto<\/strong><\/p>\n<p style=\"text-align: justify;\">La Ministra Lorena Tapia, en su exposici\u00f3n, explic\u00f3 los puntos fundamentales para comprender todo lo que conlleva el desarrollo de estos campos petroleros. Entre ellos,\u00a0 mencion\u00f3 los bienes y servicios ambientales en el PNY, categor\u00eda de protecci\u00f3n, perspectiva ambiental (que se refiere a los impactos identificados frente a la actividad petrolera), soluciones y licenciamiento ambiental y finalmente el control que ejercer\u00e1 el MAE como autoridad ambiental.<\/p>\n<p style=\"text-align: justify;\">\u201cLa autoridad ambiental gener\u00f3 un informe de car\u00e1cter t\u00e9cnico y jur\u00eddico en funci\u00f3n de\u00a0 los lineamientos ambientales para que la Asamblea, a trav\u00e9s de la mesa de Biodiversidad, pueda tomar una decisi\u00f3n. El reto de esta Cartera de Estado es controlar los impactos que genera esta actividad\u201d, afirm\u00f3 Tapia.<\/p>\n<p style=\"text-align: justify;\">Para el an\u00e1lisis de esta propuesta y su viabilidad se tomaron como referencia dos premisas fundamentales: el compromiso con el medio ambiente y la aplicaci\u00f3n de las mejores pr\u00e1cticas constructivas y operacionales.<\/p>\n<p style=\"text-align: justify;\">Para esto, existe una normativa ambiental que permite y obliga a aplicar tecnolog\u00edas amigables con el ambiente; la normativa ecuatoriana y las buenas pr\u00e1cticas internacionales lo exigen. \u201cCada una de las fases de la actividad hidrocarbur\u00edfera debe contar con un licenciamiento y la viabilidad ambiental se la enmarca en un proceso administrativo y de evaluaci\u00f3n de impactos ambientales\u201d, manifest\u00f3 Tapia.<\/p>\n<p style=\"text-align: justify;\">El estudio del impacto ambiental y el alcance est\u00e1n expuestos en el informe que el MAE present\u00f3 al Ejecutivo. \u201cEs importante destacar la rigurosidad y el nivel de precisi\u00f3n que la normativa ambiental tiene en cada una de las fases de la actividad petrolera\u201d, asegur\u00f3 la Secretaria de Estado.<\/p>\n<p style=\"text-align: justify;\">El MAE est\u00e1 preparado y tendremos un equipo multidisciplinario permanentemente en campo haciendo un control de cada una de las etapas de una posible explotaci\u00f3n del Bloque 43.<\/p>\n<div id='gallery-1' class='gallery galleryid-15005 gallery-columns-4 gallery-size-thumbnail'><dl class='gallery-item'>\n\t\t\t<dt class='gallery-icon landscape'>\n\t\t\t\t<a href='https:\/\/www.ambienteyenergia.gob.ec\/ambiente\/ministros-ratifican-compromiso-con-la-proteccion-del-ambiente-y-a-las-comunidades-aledanas-al-itt\/10-09-2013-ministro-ing-pedro-merizalde-en-la-asamblea-118\/'><img loading=\"lazy\" decoding=\"async\" width=\"150\" height=\"150\" src=\"https:\/\/www.ambienteyenergia.gob.ec\/ambiente\/wp-content\/uploads\/sites\/2\/2013\/09\/10-09-2013-MINISTRO-Ing.-PEDRO-MERIZALDE-EN-LA-ASAMBLEA-118-150x150.jpg\" class=\"attachment-thumbnail size-thumbnail\" alt=\"\" \/><\/a>\n\t\t\t<\/dt><\/dl><dl class='gallery-item'>\n\t\t\t<dt class='gallery-icon landscape'>\n\t\t\t\t<a href='https:\/\/www.ambienteyenergia.gob.ec\/ambiente\/ministros-ratifican-compromiso-con-la-proteccion-del-ambiente-y-a-las-comunidades-aledanas-al-itt\/10-09-2013-ministro-ing-pedro-merizalde-en-la-asamblea-121\/'><img loading=\"lazy\" decoding=\"async\" width=\"150\" height=\"150\" src=\"https:\/\/www.ambienteyenergia.gob.ec\/ambiente\/wp-content\/uploads\/sites\/2\/2013\/09\/10-09-2013-MINISTRO-Ing.-PEDRO-MERIZALDE-EN-LA-ASAMBLEA-121-150x150.jpg\" class=\"attachment-thumbnail size-thumbnail\" alt=\"\" \/><\/a>\n\t\t\t<\/dt><\/dl><dl class='gallery-item'>\n\t\t\t<dt class='gallery-icon landscape'>\n\t\t\t\t<a href='https:\/\/www.ambienteyenergia.gob.ec\/ambiente\/ministros-ratifican-compromiso-con-la-proteccion-del-ambiente-y-a-las-comunidades-aledanas-al-itt\/10-09-2013-ministro-ing-pedro-merizalde-en-la-asamblea-127\/'><img loading=\"lazy\" decoding=\"async\" width=\"150\" height=\"150\" src=\"https:\/\/www.ambienteyenergia.gob.ec\/ambiente\/wp-content\/uploads\/sites\/2\/2013\/09\/10-09-2013-MINISTRO-Ing.-PEDRO-MERIZALDE-EN-LA-ASAMBLEA-127-150x150.jpg\" class=\"attachment-thumbnail size-thumbnail\" alt=\"\" \/><\/a>\n\t\t\t<\/dt><\/dl>\n\t\t\t<br style='clear: both' \/>\n\t\t<\/div>\n\n","protected":false},"excerpt":{"rendered":"<p class=\"excerpt\">Los ministros Rafael Poveda, Coordinador de Sectores Estrat\u00e9gicos; Pedro Merizalde, de Recursos Naturales No Renovales; y del Ambiente, Lorena Tapia, comparecieron ante la Comisi\u00f3n de Biodiversidad de la Asamblea Nacional en el contexto del an\u00e1lisis de la petici\u00f3n para declarar de \u201cinter\u00e9s nacional\u201d la explotaci\u00f3n petrolera de los bloques 31 y 43. En su intervenci\u00f3n, el ministro Rafael Poveda expuso&hellip; <a href=\"https:\/\/www.ambienteyenergia.gob.ec\/ambiente\/ministros-ratifican-compromiso-con-la-proteccion-del-ambiente-y-a-las-comunidades-aledanas-al-itt\/\">Read more &rarr;<\/a><\/p>\n","protected":false},"author":13,"featured_media":15008,"comment_status":"open","ping_status":"open","sticky":false,"template":"","format":"standard","meta":{"footnotes":""},"categories":[16,4],"tags":[],"class_list":["post-15005","post","type-post","status-publish","format-standard","has-post-thumbnail","hentry","category-comunicamos","category-noticias","xfolkentry"],"_links":{"self":[{"href":"https:\/\/www.ambienteyenergia.gob.ec\/ambiente\/wp-json\/wp\/v2\/posts\/15005","targetHints":{"allow":["GET"]}}],"collection":[{"href":"https:\/\/www.ambienteyenergia.gob.ec\/ambiente\/wp-json\/wp\/v2\/posts"}],"about":[{"href":"https:\/\/www.ambienteyenergia.gob.ec\/ambiente\/wp-json\/wp\/v2\/types\/post"}],"author":[{"embeddable":true,"href":"https:\/\/www.ambienteyenergia.gob.ec\/ambiente\/wp-json\/wp\/v2\/users\/13"}],"replies":[{"embeddable":true,"href":"https:\/\/www.ambienteyenergia.gob.ec\/ambiente\/wp-json\/wp\/v2\/comments?post=15005"}],"version-history":[{"count":0,"href":"https:\/\/www.ambienteyenergia.gob.ec\/ambiente\/wp-json\/wp\/v2\/posts\/15005\/revisions"}],"wp:featuredmedia":[{"embeddable":true,"href":"https:\/\/www.ambienteyenergia.gob.ec\/ambiente\/wp-json\/wp\/v2\/media\/15008"}],"wp:attachment":[{"href":"https:\/\/www.ambienteyenergia.gob.ec\/ambiente\/wp-json\/wp\/v2\/media?parent=15005"}],"wp:term":[{"taxonomy":"category","embeddable":true,"href":"https:\/\/www.ambienteyenergia.gob.ec\/ambiente\/wp-json\/wp\/v2\/categories?post=15005"},{"taxonomy":"post_tag","embeddable":true,"href":"https:\/\/www.ambienteyenergia.gob.ec\/ambiente\/wp-json\/wp\/v2\/tags?post=15005"}],"curies":[{"name":"wp","href":"https:\/\/api.w.org\/{rel}","templated":true}]}}