{"id":14988,"date":"2013-09-10T08:39:02","date_gmt":"2013-09-10T13:39:02","guid":{"rendered":"http:\/\/www.ambiente.gob.ec\/?p=14988"},"modified":"2013-09-11T13:34:41","modified_gmt":"2013-09-11T18:34:41","slug":"mae-recibe-a-delegacion-coreana-para-tratar-temas-de-conservacion-ambiental-en-chimborazo","status":"publish","type":"post","link":"https:\/\/www.ambienteyenergia.gob.ec\/ambiente\/mae-recibe-a-delegacion-coreana-para-tratar-temas-de-conservacion-ambiental-en-chimborazo\/","title":{"rendered":"MAE recibe a delegaci\u00f3n coreana para tratar temas de conservaci\u00f3n ambiental en Chimborazo"},"content":{"rendered":"<p style=\"text-align: justify;\">El Ministerio del Ambiente (MAE) y representantes del Servicio Forestal de la Rep\u00fablica de Corea se reunieron el pasado 7 y 8 de septiembre, con el fin de fortalecer la cooperaci\u00f3n bilateral en materia forestal, en el marco del Memorando de Entendimiento que tiene esta Cartera de Estado con el pa\u00eds coreano. El objetivo del encuentro fue compartir conocimientos y experiencias en la restauraci\u00f3n de ecosistemas y pr\u00e1cticas de reforestaci\u00f3n para la recuperaci\u00f3n de suelos degradados.<\/p>\n<p style=\"text-align: justify;\">En ese sentido, la delegaci\u00f3n coreana visit\u00f3 el sector de Cacha, ubicado en la provincia de Chimborazo, donde el MAE ha intervenido alrededor de 500 hect\u00e1reas dentro del programa de forestaci\u00f3n y reforestaci\u00f3n para la protecci\u00f3n y conservaci\u00f3n de especies nativas. Este tipo de iniciativas busca recuperar grandes extensiones de tierra y evitar la desertificaci\u00f3n de las mismas.<\/p>\n<p style=\"text-align: justify;\">La Direcci\u00f3n del Ambiente de Chimborazo trabaja en estos programas como actividad prioritaria y permanente, para garantizar de esta manera el Buen Vivir de las personas y el equilibrio socioambiental. Adem\u00e1s, articula pol\u00edticas sectoriales que generen un desarrollo productivo teniendo como base la conservaci\u00f3n.<\/p>\n<div id='gallery-1' class='gallery galleryid-14988 gallery-columns-4 gallery-size-thumbnail'><dl class='gallery-item'>\n\t\t\t<dt class='gallery-icon landscape'>\n\t\t\t\t<a href='https:\/\/www.ambienteyenergia.gob.ec\/ambiente\/mae-recibe-a-delegacion-coreana-para-tratar-temas-de-conservacion-ambiental-en-chimborazo\/dsc01101\/'><img loading=\"lazy\" decoding=\"async\" width=\"150\" height=\"150\" src=\"https:\/\/www.ambienteyenergia.gob.ec\/ambiente\/wp-content\/uploads\/sites\/2\/2013\/09\/DSC01101-150x150.jpg\" class=\"attachment-thumbnail size-thumbnail\" alt=\"\" \/><\/a>\n\t\t\t<\/dt><\/dl><dl class='gallery-item'>\n\t\t\t<dt class='gallery-icon landscape'>\n\t\t\t\t<a href='https:\/\/www.ambienteyenergia.gob.ec\/ambiente\/mae-recibe-a-delegacion-coreana-para-tratar-temas-de-conservacion-ambiental-en-chimborazo\/dsc01112\/'><img loading=\"lazy\" decoding=\"async\" width=\"150\" height=\"150\" src=\"https:\/\/www.ambienteyenergia.gob.ec\/ambiente\/wp-content\/uploads\/sites\/2\/2013\/09\/DSC01112-150x150.jpg\" class=\"attachment-thumbnail size-thumbnail\" alt=\"\" \/><\/a>\n\t\t\t<\/dt><\/dl><dl class='gallery-item'>\n\t\t\t<dt class='gallery-icon portrait'>\n\t\t\t\t<a href='https:\/\/www.ambienteyenergia.gob.ec\/ambiente\/mae-recibe-a-delegacion-coreana-para-tratar-temas-de-conservacion-ambiental-en-chimborazo\/dsc01126\/'><img loading=\"lazy\" decoding=\"async\" width=\"150\" height=\"150\" src=\"https:\/\/www.ambienteyenergia.gob.ec\/ambiente\/wp-content\/uploads\/sites\/2\/2013\/09\/DSC01126-150x150.jpg\" class=\"attachment-thumbnail size-thumbnail\" alt=\"\" \/><\/a>\n\t\t\t<\/dt><\/dl><dl class='gallery-item'>\n\t\t\t<dt class='gallery-icon landscape'>\n\t\t\t\t<a href='https:\/\/www.ambienteyenergia.gob.ec\/ambiente\/mae-recibe-a-delegacion-coreana-para-tratar-temas-de-conservacion-ambiental-en-chimborazo\/dsc01172\/'><img loading=\"lazy\" decoding=\"async\" width=\"150\" height=\"150\" src=\"https:\/\/www.ambienteyenergia.gob.ec\/ambiente\/wp-content\/uploads\/sites\/2\/2013\/09\/DSC01172-150x150.jpg\" class=\"attachment-thumbnail size-thumbnail\" alt=\"\" \/><\/a>\n\t\t\t<\/dt><\/dl><br style=\"clear: both\" \/>\n\t\t<\/div>\n\n","protected":false},"excerpt":{"rendered":"<p class=\"excerpt\">El Ministerio del Ambiente (MAE) y representantes del Servicio Forestal de la Rep\u00fablica de Corea se reunieron el pasado 7 y 8 de septiembre, con el fin de fortalecer la cooperaci\u00f3n bilateral en materia forestal, en el marco del Memorando de Entendimiento que tiene esta Cartera de Estado con el pa\u00eds coreano. El objetivo del encuentro fue compartir conocimientos y&hellip; <a href=\"https:\/\/www.ambienteyenergia.gob.ec\/ambiente\/mae-recibe-a-delegacion-coreana-para-tratar-temas-de-conservacion-ambiental-en-chimborazo\/\">Read more &rarr;<\/a><\/p>\n","protected":false},"author":13,"featured_media":14992,"comment_status":"open","ping_status":"open","sticky":false,"template":"","format":"standard","meta":{"footnotes":""},"categories":[16,4],"tags":[],"class_list":["post-14988","post","type-post","status-publish","format-standard","has-post-thumbnail","hentry","category-comunicamos","category-noticias","xfolkentry"],"_links":{"self":[{"href":"https:\/\/www.ambienteyenergia.gob.ec\/ambiente\/wp-json\/wp\/v2\/posts\/14988","targetHints":{"allow":["GET"]}}],"collection":[{"href":"https:\/\/www.ambienteyenergia.gob.ec\/ambiente\/wp-json\/wp\/v2\/posts"}],"about":[{"href":"https:\/\/www.ambienteyenergia.gob.ec\/ambiente\/wp-json\/wp\/v2\/types\/post"}],"author":[{"embeddable":true,"href":"https:\/\/www.ambienteyenergia.gob.ec\/ambiente\/wp-json\/wp\/v2\/users\/13"}],"replies":[{"embeddable":true,"href":"https:\/\/www.ambienteyenergia.gob.ec\/ambiente\/wp-json\/wp\/v2\/comments?post=14988"}],"version-history":[{"count":0,"href":"https:\/\/www.ambienteyenergia.gob.ec\/ambiente\/wp-json\/wp\/v2\/posts\/14988\/revisions"}],"wp:featuredmedia":[{"embeddable":true,"href":"https:\/\/www.ambienteyenergia.gob.ec\/ambiente\/wp-json\/wp\/v2\/media\/14992"}],"wp:attachment":[{"href":"https:\/\/www.ambienteyenergia.gob.ec\/ambiente\/wp-json\/wp\/v2\/media?parent=14988"}],"wp:term":[{"taxonomy":"category","embeddable":true,"href":"https:\/\/www.ambienteyenergia.gob.ec\/ambiente\/wp-json\/wp\/v2\/categories?post=14988"},{"taxonomy":"post_tag","embeddable":true,"href":"https:\/\/www.ambienteyenergia.gob.ec\/ambiente\/wp-json\/wp\/v2\/tags?post=14988"}],"curies":[{"name":"wp","href":"https:\/\/api.w.org\/{rel}","templated":true}]}}