{"id":14975,"date":"2013-09-09T15:15:04","date_gmt":"2013-09-09T20:15:04","guid":{"rendered":"http:\/\/www.ambiente.gob.ec\/?p=14975"},"modified":"2013-09-09T15:16:31","modified_gmt":"2013-09-09T20:16:31","slug":"mae-decomisa-producto-forestal-en-el-sector-sabanetillas-bolivar","status":"publish","type":"post","link":"https:\/\/www.ambienteyenergia.gob.ec\/ambiente\/mae-decomisa-producto-forestal-en-el-sector-sabanetillas-bolivar\/","title":{"rendered":"MAE decomisa producto forestal en el sector Sabanetillas (Bol\u00edvar)"},"content":{"rendered":"<p style=\"text-align: justify;\" align=\"JUSTIFY\">El Ministerio del Ambiente (MAE), en coordinaci\u00f3n con la Unidad de Protecci\u00f3n del Medio Ambiente (UPMA), decomis\u00f3 5,22 m\u00b3 de balsa (una especie de madera), en un operativo de control forestal que se realiz\u00f3 en el sector Sabanetillas del cant\u00f3n Echeand\u00eda, provincia de Bol\u00edvar, el pasado 6 de septiembre.<\/p>\n<p style=\"text-align: justify;\">El objetivo de estos operativos es controlar el tr\u00e1fico ilegal de madera y regularizar aprovechamiento sostenible de los recursos forestales.<\/p>\n<p style=\"text-align: justify;\">Luego decomisar la madera, se procedi\u00f3 a la retenci\u00f3n del veh\u00edculo en el que se transportaba la madera y a levantar un proceso administrativo contra el propietario por no tener los permisos como la gu\u00eda de movilizaci\u00f3n, documento que emite el MAE para transportar producto forestal.<\/p>\n<p style=\"text-align: justify;\">El MAE prioriza la conservaci\u00f3n y el manejo sostenible de los bosques. En ese sentido,\u00a0\u00a0 implement\u00f3 estos sistemas de control, para propiciar un manejo sustentable de\u00a0\u00a0 recursos forestales y la conservaci\u00f3n de su diversidad, adem\u00e1s de contribuir al crecimiento econ\u00f3mico y al desarrollo social.<\/p>\n<div id='gallery-1' class='gallery galleryid-14975 gallery-columns-4 gallery-size-thumbnail'><dl class='gallery-item'>\n\t\t\t<dt class='gallery-icon landscape'>\n\t\t\t\t<a href='https:\/\/www.ambienteyenergia.gob.ec\/ambiente\/mae-decomisa-producto-forestal-en-el-sector-sabanetillas-bolivar\/decomiso-1-2\/'><img loading=\"lazy\" decoding=\"async\" width=\"150\" height=\"150\" src=\"https:\/\/www.ambienteyenergia.gob.ec\/ambiente\/wp-content\/uploads\/sites\/2\/2013\/09\/Decomiso-1-150x150.jpg\" class=\"attachment-thumbnail size-thumbnail\" alt=\"\" \/><\/a>\n\t\t\t<\/dt><\/dl><dl class='gallery-item'>\n\t\t\t<dt class='gallery-icon landscape'>\n\t\t\t\t<a href='https:\/\/www.ambienteyenergia.gob.ec\/ambiente\/mae-decomisa-producto-forestal-en-el-sector-sabanetillas-bolivar\/decomiso-2\/'><img loading=\"lazy\" decoding=\"async\" width=\"150\" height=\"150\" src=\"https:\/\/www.ambienteyenergia.gob.ec\/ambiente\/wp-content\/uploads\/sites\/2\/2013\/09\/Decomiso-2-150x150.jpg\" class=\"attachment-thumbnail size-thumbnail\" alt=\"\" \/><\/a>\n\t\t\t<\/dt><\/dl><dl class='gallery-item'>\n\t\t\t<dt class='gallery-icon landscape'>\n\t\t\t\t<a href='https:\/\/www.ambienteyenergia.gob.ec\/ambiente\/mae-decomisa-producto-forestal-en-el-sector-sabanetillas-bolivar\/decomiso-3\/'><img loading=\"lazy\" decoding=\"async\" width=\"150\" height=\"150\" src=\"https:\/\/www.ambienteyenergia.gob.ec\/ambiente\/wp-content\/uploads\/sites\/2\/2013\/09\/Decomiso-3-150x150.jpg\" class=\"attachment-thumbnail size-thumbnail\" alt=\"\" \/><\/a>\n\t\t\t<\/dt><\/dl>\n\t\t\t<br style='clear: both' \/>\n\t\t<\/div>\n\n","protected":false},"excerpt":{"rendered":"<p class=\"excerpt\">El Ministerio del Ambiente (MAE), en coordinaci\u00f3n con la Unidad de Protecci\u00f3n del Medio Ambiente (UPMA), decomis\u00f3 5,22 m\u00b3 de balsa (una especie de madera), en un operativo de control forestal que se realiz\u00f3 en el sector Sabanetillas del cant\u00f3n Echeand\u00eda, provincia de Bol\u00edvar, el pasado 6 de septiembre. El objetivo de estos operativos es controlar el tr\u00e1fico ilegal de&hellip; <a href=\"https:\/\/www.ambienteyenergia.gob.ec\/ambiente\/mae-decomisa-producto-forestal-en-el-sector-sabanetillas-bolivar\/\">Read more &rarr;<\/a><\/p>\n","protected":false},"author":13,"featured_media":14976,"comment_status":"open","ping_status":"open","sticky":false,"template":"","format":"standard","meta":{"footnotes":""},"categories":[16,4],"tags":[],"class_list":["post-14975","post","type-post","status-publish","format-standard","has-post-thumbnail","hentry","category-comunicamos","category-noticias","xfolkentry"],"_links":{"self":[{"href":"https:\/\/www.ambienteyenergia.gob.ec\/ambiente\/wp-json\/wp\/v2\/posts\/14975","targetHints":{"allow":["GET"]}}],"collection":[{"href":"https:\/\/www.ambienteyenergia.gob.ec\/ambiente\/wp-json\/wp\/v2\/posts"}],"about":[{"href":"https:\/\/www.ambienteyenergia.gob.ec\/ambiente\/wp-json\/wp\/v2\/types\/post"}],"author":[{"embeddable":true,"href":"https:\/\/www.ambienteyenergia.gob.ec\/ambiente\/wp-json\/wp\/v2\/users\/13"}],"replies":[{"embeddable":true,"href":"https:\/\/www.ambienteyenergia.gob.ec\/ambiente\/wp-json\/wp\/v2\/comments?post=14975"}],"version-history":[{"count":0,"href":"https:\/\/www.ambienteyenergia.gob.ec\/ambiente\/wp-json\/wp\/v2\/posts\/14975\/revisions"}],"wp:featuredmedia":[{"embeddable":true,"href":"https:\/\/www.ambienteyenergia.gob.ec\/ambiente\/wp-json\/wp\/v2\/media\/14976"}],"wp:attachment":[{"href":"https:\/\/www.ambienteyenergia.gob.ec\/ambiente\/wp-json\/wp\/v2\/media?parent=14975"}],"wp:term":[{"taxonomy":"category","embeddable":true,"href":"https:\/\/www.ambienteyenergia.gob.ec\/ambiente\/wp-json\/wp\/v2\/categories?post=14975"},{"taxonomy":"post_tag","embeddable":true,"href":"https:\/\/www.ambienteyenergia.gob.ec\/ambiente\/wp-json\/wp\/v2\/tags?post=14975"}],"curies":[{"name":"wp","href":"https:\/\/api.w.org\/{rel}","templated":true}]}}