{"id":14958,"date":"2013-09-07T14:59:09","date_gmt":"2013-09-07T19:59:09","guid":{"rendered":"http:\/\/www.ambiente.gob.ec\/?p=14958"},"modified":"2013-09-07T15:13:29","modified_gmt":"2013-09-07T20:13:29","slug":"ministra-lorena-tapia-informo-sobre-la-gestion-ambiental-en-el-yasuni-y-aclaro-que-los-requerimientos-para-ingresar-en-el-parque-estan-vigentes-desde-2011","status":"publish","type":"post","link":"https:\/\/www.ambienteyenergia.gob.ec\/ambiente\/ministra-lorena-tapia-informo-sobre-la-gestion-ambiental-en-el-yasuni-y-aclaro-que-los-requerimientos-para-ingresar-en-el-parque-estan-vigentes-desde-2011\/","title":{"rendered":"Ministra Lorena Tapia inform\u00f3 sobre la gesti\u00f3n ambiental en el Yasun\u00ed y aclar\u00f3 que los requerimientos para ingresar al Parque est\u00e1n vigentes desde 2011"},"content":{"rendered":"<p style=\"text-align: justify;\">\u201cEl Yasun\u00ed siempre ha sido objeto de todo el cuidado ambiental y lo va a seguir siendo, como nos hemos comprometido con los ecuatorianos. Esta Cartera de Estado cuenta con un equipo humano y t\u00e9cnico para controlar efectivamente el posible desarrollo del bloque 43\u201d, explic\u00f3 hoy la Ministra del Ambiente, Lorena Tapia, en el enlace ciudadano No. 338, realizado en Zumba, provincia de Zamora Chinchipe.<\/p>\n<p style=\"text-align: justify;\">Asimismo, inform\u00f3 que el Parque Nacional Yasun\u00ed (PNY) ha sido un ejemplo de conservaci\u00f3n, desde hace varios a\u00f1os. \u201cEl Ministerio del Ambiente (MAE) realiza acciones de control y prevenci\u00f3n de car\u00e1cter permanente. La gesti\u00f3n realizada por el MAE ha sido reconocida internacionalmente\u201d.<\/p>\n<p style=\"text-align: justify;\">La M\u00e1xima Autoridad Ambiental del pa\u00eds comunic\u00f3, adem\u00e1s, que estas actividades de control en el PNY y en todas las \u00c1reas Protegidas del Ecuador son permanentes y no circunstanciales. \u201cHemos fortaleciendo estas acciones y contamos con el contingente necesario para desarrollarlas\u201d.<\/p>\n<p style=\"text-align: justify;\"><strong>Requisitos para filmar en el Yasun\u00ed<\/strong><\/p>\n<p style=\"text-align: justify;\">Sobre los requisitos que se necesitan para realizar trabajos de car\u00e1cter audiovisual en el Parque Nacional Yasun\u00ed, la Ministra Tapia aclar\u00f3 que estos son parte la normativa ambiental vigente, desde 2011. Es decir, no se trata de una medida coyuntural. \u201cEl MAE tiene la obligaci\u00f3n de exigir el cumplimiento de esos requerimientos que son parte de las acciones para proteger todas las \u00c1reas Protegidas de nuestro pa\u00eds\u201d.<\/p>\n<p style=\"text-align: justify;\">En ese sentido, el Presidente de la Rep\u00fablica del Ecuador, Rafael Correa, explic\u00f3 que estos requisitos no son sin\u00f3nimos de censura. \u201cNo se pretende ocultar nada sobre el Yasun\u00ed, todo Parque Nacional en el planeta tiene normas estrictas para cons\u00e9rvalo\u201d.<\/p>\n<p style=\"text-align: justify;\">Entre algunos ejemplos, se mencion\u00f3 que Per\u00fa, Argentina, Brasil, Italia, Estados Unidos, etc., solicitan el cumplimiento de pagos y hasta los guiones de las filmaciones a realizarse, con la finalidad de salvaguardar el \u00e1rea natural.<\/p>\n<p style=\"text-align: justify;\">En el pa\u00eds, para ingresar al Parque Nacional Gal\u00e1pagos, se solicitan requerimientos desde hace 20 a\u00f1os. As\u00ed explic\u00f3 Arturo Izurieta, Titular de la Direcci\u00f3n del Parque Nacional Gal\u00e1pagos (DPNG). \u201cLas producciones comerciales tiene que pagar derechos y garant\u00edas, mientras que las educativas solo garant\u00edas. Las productoras son responsables de entregar una copia del material realizado, con el objetivo de confirmar que se han respetado los lineamientos de protecci\u00f3n. Ese material es aprovechado con fines educativos\u201d.<\/p>\n","protected":false},"excerpt":{"rendered":"<p class=\"excerpt\">\u201cEl Yasun\u00ed siempre ha sido objeto de todo el cuidado ambiental y lo va a seguir siendo, como nos hemos comprometido con los ecuatorianos. Esta Cartera de Estado cuenta con un equipo humano y t\u00e9cnico para controlar efectivamente el posible desarrollo del bloque 43\u201d, explic\u00f3 hoy la Ministra del Ambiente, Lorena Tapia, en el enlace ciudadano No. 338, realizado en&hellip; <a href=\"https:\/\/www.ambienteyenergia.gob.ec\/ambiente\/ministra-lorena-tapia-informo-sobre-la-gestion-ambiental-en-el-yasuni-y-aclaro-que-los-requerimientos-para-ingresar-en-el-parque-estan-vigentes-desde-2011\/\">Read more &rarr;<\/a><\/p>\n","protected":false},"author":13,"featured_media":14960,"comment_status":"open","ping_status":"open","sticky":false,"template":"","format":"standard","meta":{"footnotes":""},"categories":[16,4,10],"tags":[],"class_list":["post-14958","post","type-post","status-publish","format-standard","has-post-thumbnail","hentry","category-comunicamos","category-noticias","category-noticias-destacadas","xfolkentry"],"_links":{"self":[{"href":"https:\/\/www.ambienteyenergia.gob.ec\/ambiente\/wp-json\/wp\/v2\/posts\/14958","targetHints":{"allow":["GET"]}}],"collection":[{"href":"https:\/\/www.ambienteyenergia.gob.ec\/ambiente\/wp-json\/wp\/v2\/posts"}],"about":[{"href":"https:\/\/www.ambienteyenergia.gob.ec\/ambiente\/wp-json\/wp\/v2\/types\/post"}],"author":[{"embeddable":true,"href":"https:\/\/www.ambienteyenergia.gob.ec\/ambiente\/wp-json\/wp\/v2\/users\/13"}],"replies":[{"embeddable":true,"href":"https:\/\/www.ambienteyenergia.gob.ec\/ambiente\/wp-json\/wp\/v2\/comments?post=14958"}],"version-history":[{"count":0,"href":"https:\/\/www.ambienteyenergia.gob.ec\/ambiente\/wp-json\/wp\/v2\/posts\/14958\/revisions"}],"wp:featuredmedia":[{"embeddable":true,"href":"https:\/\/www.ambienteyenergia.gob.ec\/ambiente\/wp-json\/wp\/v2\/media\/14960"}],"wp:attachment":[{"href":"https:\/\/www.ambienteyenergia.gob.ec\/ambiente\/wp-json\/wp\/v2\/media?parent=14958"}],"wp:term":[{"taxonomy":"category","embeddable":true,"href":"https:\/\/www.ambienteyenergia.gob.ec\/ambiente\/wp-json\/wp\/v2\/categories?post=14958"},{"taxonomy":"post_tag","embeddable":true,"href":"https:\/\/www.ambienteyenergia.gob.ec\/ambiente\/wp-json\/wp\/v2\/tags?post=14958"}],"curies":[{"name":"wp","href":"https:\/\/api.w.org\/{rel}","templated":true}]}}