{"id":14952,"date":"2013-09-07T09:43:51","date_gmt":"2013-09-07T14:43:51","guid":{"rendered":"http:\/\/www.ambiente.gob.ec\/?p=14952"},"modified":"2013-09-07T10:45:38","modified_gmt":"2013-09-07T15:45:38","slug":"reserva-ecologica-el-angel-celebra-21-anos-como-area-protegida","status":"publish","type":"post","link":"https:\/\/www.ambienteyenergia.gob.ec\/ambiente\/reserva-ecologica-el-angel-celebra-21-anos-como-area-protegida\/","title":{"rendered":"Reserva Ecol\u00f3gica El \u00c1ngel celebra 21 a\u00f1os como \u00c1rea Protegida"},"content":{"rendered":"<p style=\"text-align: justify;\">Con una caminata ecol\u00f3gica, la Sesi\u00f3n Solemne, el Informe de Gesti\u00f3n, y otras actividades culturales y deportivas, se conmemorar\u00e1 el 21.\u00b0 aniversario de la Declaratoria de la Reserva Ecol\u00f3gica El \u00c1ngel (REEA) como \u00c1rea Protegida. El Ministerio del Ambiente del Ecuador (MAE), a trav\u00e9s de la Direcci\u00f3n Provincial del Carchi, invita a toda la ciudadan\u00eda a celebrar este importante hecho.<\/p>\n<p style=\"text-align: justify;\">Hoy se efectuar\u00e1 la caminata ecol\u00f3gica \u201cCuidemos el agua que es vida\u201d. El recorrido iniciar\u00e1 a las 7:00 en la ciudad de Tulc\u00e1n, pasar\u00e1 por Las Juntas y culminar\u00e1 en la Reserva El \u00c1ngel, sector El Voladero, a las 13:00.<\/p>\n<p style=\"text-align: justify;\">El jueves 12 de septiembre, a las 10:00, se realizar\u00e1 la Sesi\u00f3n Solemne y el Informe de Gesti\u00f3n de la REEA en el sal\u00f3n de sesiones del GAD Municipal del cant\u00f3n Espejo.<\/p>\n<p style=\"text-align: justify;\">Sus importantes valores esc\u00e9nicos, hidrol\u00f3gicos, biol\u00f3gicas, culturales, presencia predominante del p\u00e1ramo de frailejones, \u00fanico en el norte del pa\u00eds, fueron los factores que hicieron que \u00e1rea pase a formar parte del Sistema Nacional de \u00c1reas Protegidas del (SNAP), a partir del 08 de septiembre del a\u00f1o 1992.<\/p>\n<p style=\"text-align: justify;\"><strong>Actividades del MAE para proteger, conservar y potenciar a la Reserva El \u00c1ngel<\/strong><\/p>\n<ul>\n<li style=\"text-align: justify;\">Esta Cartera de Estado ha realizado charlas de informaci\u00f3n e interpretaci\u00f3n ambiental, as\u00ed como de difusi\u00f3n de normas de comportamiento para controlar el ingreso de turistas.<\/li>\n<li style=\"text-align: justify;\">El MAE ejecuta acciones de prevenci\u00f3n y control de actividades il\u00edcitas como caza, pesca, incendios forestales y todo que lo atente a la viabilidad ecol\u00f3gica del \u00e1rea por acciones antropog\u00e9nicas (efectuadas por seres humanos).<\/li>\n<li style=\"text-align: justify;\">Adem\u00e1s, ha impartido talleres de Educaci\u00f3n Ambiental, a trav\u00e9s de de presentaci\u00f3n de t\u00edteres, giras de observaci\u00f3n, campa\u00f1as de prevenci\u00f3n de incendios forestales, buen uso del agua, tala de palma de cera. Ello, en instituciones educativas y comunidades de zona de amortiguamiento del \u00c1rea Protegida y dentro de la provincia, en general.<\/li>\n<li style=\"text-align: justify;\">Sobre mantenimiento de infraestructura, se han realizado con actividades como limpieza del sendero autoguiado el Voladero, los sitios de control de los sectores del Voladero y Salado, y la adecuaci\u00f3n y reparaci\u00f3n de \u00e1reas de descanso.<\/li>\n<li style=\"text-align: justify;\">Se ha gestionado iniciativas locales y desarrollo comunitario, mediante la capacitaci\u00f3n e implementaci\u00f3n de huertos hort\u00edcolas con producci\u00f3n org\u00e1nica; producci\u00f3n y reproducci\u00f3n de plantas nativas para recuperaci\u00f3n de espacios degradados y protecci\u00f3n de fuentes de agua.<\/li>\n<li style=\"text-align: justify;\">Asimismo, ha fomentado, la cooperaci\u00f3n Interinstitucional, a trav\u00e9s de la suscripci\u00f3n de convenios de aporte a la protecci\u00f3n y conservaci\u00f3n del \u00e1rea protegida en coordinaci\u00f3n con GADs Municipales, Provincial e Instituciones afines.<\/li>\n<\/ul>\n<p>&nbsp;<\/p>\n<p>&nbsp;<\/p>\n<p>&nbsp;<\/p>\n<p>&nbsp;<\/p>\n<p>&nbsp;<\/p>\n<p>&nbsp;<\/p>\n<p>&nbsp;<\/p>\n<p>&nbsp;<\/p>\n<p>&nbsp;<\/p>\n<p>&nbsp;<\/p>\n<p>&nbsp;<\/p>\n<p>&nbsp;<\/p>\n","protected":false},"excerpt":{"rendered":"<p class=\"excerpt\">Con una caminata ecol\u00f3gica, la Sesi\u00f3n Solemne, el Informe de Gesti\u00f3n, y otras actividades culturales y deportivas, se conmemorar\u00e1 el 21.\u00b0 aniversario de la Declaratoria de la Reserva Ecol\u00f3gica El \u00c1ngel (REEA) como \u00c1rea Protegida. El Ministerio del Ambiente del Ecuador (MAE), a trav\u00e9s de la Direcci\u00f3n Provincial del Carchi, invita a toda la ciudadan\u00eda a celebrar este importante hecho.&hellip; <a href=\"https:\/\/www.ambienteyenergia.gob.ec\/ambiente\/reserva-ecologica-el-angel-celebra-21-anos-como-area-protegida\/\">Read more &rarr;<\/a><\/p>\n","protected":false},"author":13,"featured_media":14953,"comment_status":"open","ping_status":"open","sticky":false,"template":"","format":"standard","meta":{"footnotes":""},"categories":[16,4],"tags":[],"class_list":["post-14952","post","type-post","status-publish","format-standard","has-post-thumbnail","hentry","category-comunicamos","category-noticias","xfolkentry"],"_links":{"self":[{"href":"https:\/\/www.ambienteyenergia.gob.ec\/ambiente\/wp-json\/wp\/v2\/posts\/14952","targetHints":{"allow":["GET"]}}],"collection":[{"href":"https:\/\/www.ambienteyenergia.gob.ec\/ambiente\/wp-json\/wp\/v2\/posts"}],"about":[{"href":"https:\/\/www.ambienteyenergia.gob.ec\/ambiente\/wp-json\/wp\/v2\/types\/post"}],"author":[{"embeddable":true,"href":"https:\/\/www.ambienteyenergia.gob.ec\/ambiente\/wp-json\/wp\/v2\/users\/13"}],"replies":[{"embeddable":true,"href":"https:\/\/www.ambienteyenergia.gob.ec\/ambiente\/wp-json\/wp\/v2\/comments?post=14952"}],"version-history":[{"count":0,"href":"https:\/\/www.ambienteyenergia.gob.ec\/ambiente\/wp-json\/wp\/v2\/posts\/14952\/revisions"}],"wp:featuredmedia":[{"embeddable":true,"href":"https:\/\/www.ambienteyenergia.gob.ec\/ambiente\/wp-json\/wp\/v2\/media\/14953"}],"wp:attachment":[{"href":"https:\/\/www.ambienteyenergia.gob.ec\/ambiente\/wp-json\/wp\/v2\/media?parent=14952"}],"wp:term":[{"taxonomy":"category","embeddable":true,"href":"https:\/\/www.ambienteyenergia.gob.ec\/ambiente\/wp-json\/wp\/v2\/categories?post=14952"},{"taxonomy":"post_tag","embeddable":true,"href":"https:\/\/www.ambienteyenergia.gob.ec\/ambiente\/wp-json\/wp\/v2\/tags?post=14952"}],"curies":[{"name":"wp","href":"https:\/\/api.w.org\/{rel}","templated":true}]}}