{"id":14947,"date":"2013-09-06T17:02:51","date_gmt":"2013-09-06T22:02:51","guid":{"rendered":"http:\/\/www.ambiente.gob.ec\/?p=14947"},"modified":"2013-09-06T17:02:51","modified_gmt":"2013-09-06T22:02:51","slug":"desalojo-de-camaronera-permitira-la-proteccion-del-manglar-guayas","status":"publish","type":"post","link":"https:\/\/www.ambienteyenergia.gob.ec\/ambiente\/desalojo-de-camaronera-permitira-la-proteccion-del-manglar-guayas\/","title":{"rendered":"Desalojo de camaronera permitir\u00e1 la protecci\u00f3n del manglar (Guayas)"},"content":{"rendered":"<p style=\"text-align: justify;\">Personal del Ministerio del Ambiente (MAE) y de la Subsecretar\u00eda de Acuacultura procedieron hoy el desalojo de una camaronera, ubicada en la parroquia Santa Rosa, del Cant\u00f3n Naranjal, provincia de Guayas, con el objetivo de proteger y conservar un \u00e1rea de manglar que creci\u00f3 naturalmente dentro de las piscinas.<\/p>\n<p style=\"text-align: justify;\">Cerca del 70% del \u00e1rea, de una extensi\u00f3n de 6,77 hect\u00e1reas, se regener\u00f3 naturalmente conformando un bosque de manglar, especie protegida por el Estado ecuatoriano. El bosque est\u00e1 compuesto de mangle blanco y rojo, de hasta seis metros de alto.<\/p>\n<p style=\"text-align: justify;\">Las denuncias de tala de manglar y el cierre de las compuertas que impidan el flujo y reflujo del agua en las zonas de piscinas, cortando el ciclo de vida, aceleraron el archivo del tr\u00e1mite de regularizaci\u00f3n de la camaronera, revirtiendo el espacio de playa y bah\u00eda a favor del Ministerio del Ambiente.<\/p>\n<p style=\"text-align: justify;\">Manuel Bermudez, abogado de la Subsecretaria de Gesti\u00f3n Marina y Costera del MAE, durante el desalojo\u00a0 mencion\u00f3 que el personal t\u00e9cnico realiz\u00f3 inspecciones, constatando la agresi\u00f3n contra el mangle.<\/p>\n<p style=\"text-align: justify;\">\u00abHoy vinimos a retirar las tablas de las compuertas para que circule el agua y el mangle no se muera, pero pueden ver que el manglar ha sido talado y para protegerlo seguiremos haciendo rondas, junto a la Polic\u00eda Nacional y organizaciones de pescadores que nos ayudan a vigilar\u00bb, explic\u00f3 el abogado.<\/p>\n<p style=\"text-align: justify;\">Ello, a decir de Bermudez, hizo que se promueva ante Acuacultura la recuperaci\u00f3n del \u00e1rea, que seg\u00fan los datos t\u00e9cnicos ten\u00edan, por lo menos, cuatro a\u00f1os de crecimiento, evidenciando el abandono de las piscinas.<\/p>\n<p style=\"text-align: justify;\">Los informes fueron remitidos a la Subsecretar\u00eda de Acuacultura, autoridad competente en el tema, disponi\u00e9ndose el desalojo de la camaronera y archivando el tr\u00e1mite de regularizaci\u00f3n que segu\u00eda el usuario Rafael Medina S\u00e1nchez, coment\u00f3 Miguel Aldaz, funcionario de Acuacultura.<\/p>\n<p style=\"text-align: justify;\">Se siguieron todos los procesos legales, notificaciones, tiempo de espera por descargo, ahora las 6,77 hect\u00e1reas son transferidas al MAE para su protecci\u00f3n, beneficiando al ecosistema marino costero, en donde podr\u00e1n vivir y reproducirse m\u00e1s especies, como aves, peces, moluscos, crust\u00e1ceos, etc.; devolvi\u00e9ndole a la naturaleza un espacio que se le hab\u00eda restado.<\/p>\n<p style=\"text-align: justify;\">Alonso Mejillones, presidente de la Cooperativa de Pescadores Artesanales Nuevo Porvenir, junto a sus agremiados colaboraron en el desalojo pacifico, del lugar abandonado, y manifestaron el inter\u00e9s de sumar a sus \u00e1reas concesionadas este espacio recuperado.<\/p>\n<p style=\"text-align: justify;\"><strong>Recuperaci\u00f3n de manglar<\/strong><\/p>\n<p style=\"text-align: justify;\">A trav\u00e9s del Proyecto de Forestaci\u00f3n y Reforestaci\u00f3n de manglar del Ministerio del Ambiente, hasta la fecha se ha evaluado 1 069 planes de reforestaci\u00f3n en sectores recuperados de camaroneras, alcanzando un total de 2.241,63 hect\u00e1reas de manglar devueltas a prestar nuevamente sus funciones naturales y los servicios ambientales.<\/p>\n<p style=\"text-align: justify;\">El desglose corresponde a 1.946,42 hect\u00e1reas de manglar recuperados por la regularizaci\u00f3n de camaroneras y 295,21 hect\u00e1reas reforestadas tras el desalojo de infraestructura camaronera que estuvo asentada en \u00e1reas protegidas.<\/p>\n<p style=\"text-align: justify;\"><div id='gallery-1' class='gallery galleryid-14947 gallery-columns-4 gallery-size-thumbnail'><dl class='gallery-item'>\n\t\t\t<dt class='gallery-icon landscape'>\n\t\t\t\t<a href='https:\/\/www.ambienteyenergia.gob.ec\/ambiente\/desalojo-de-camaronera-permitira-la-proteccion-del-manglar-guayas\/img-20130906-04415\/'><img loading=\"lazy\" decoding=\"async\" width=\"150\" height=\"150\" src=\"https:\/\/www.ambienteyenergia.gob.ec\/ambiente\/wp-content\/uploads\/sites\/2\/2013\/09\/IMG-20130906-04415-150x150.jpg\" class=\"attachment-thumbnail size-thumbnail\" alt=\"\" \/><\/a>\n\t\t\t<\/dt><\/dl><dl class='gallery-item'>\n\t\t\t<dt class='gallery-icon landscape'>\n\t\t\t\t<a href='https:\/\/www.ambienteyenergia.gob.ec\/ambiente\/desalojo-de-camaronera-permitira-la-proteccion-del-manglar-guayas\/img-20130906-04407\/'><img loading=\"lazy\" decoding=\"async\" width=\"150\" height=\"150\" src=\"https:\/\/www.ambienteyenergia.gob.ec\/ambiente\/wp-content\/uploads\/sites\/2\/2013\/09\/IMG-20130906-04407-150x150.jpg\" class=\"attachment-thumbnail size-thumbnail\" alt=\"\" \/><\/a>\n\t\t\t<\/dt><\/dl><dl class='gallery-item'>\n\t\t\t<dt class='gallery-icon landscape'>\n\t\t\t\t<a href='https:\/\/www.ambienteyenergia.gob.ec\/ambiente\/desalojo-de-camaronera-permitira-la-proteccion-del-manglar-guayas\/img-20130906-04414\/'><img loading=\"lazy\" decoding=\"async\" width=\"150\" height=\"150\" src=\"https:\/\/www.ambienteyenergia.gob.ec\/ambiente\/wp-content\/uploads\/sites\/2\/2013\/09\/IMG-20130906-04414-150x150.jpg\" class=\"attachment-thumbnail size-thumbnail\" alt=\"\" \/><\/a>\n\t\t\t<\/dt><\/dl>\n\t\t\t<br style='clear: both' \/>\n\t\t<\/div>\n<\/p>\n<p style=\"text-align: justify;\">\n<p style=\"text-align: justify;\">\n","protected":false},"excerpt":{"rendered":"<p class=\"excerpt\">Personal del Ministerio del Ambiente (MAE) y de la Subsecretar\u00eda de Acuacultura procedieron hoy el desalojo de una camaronera, ubicada en la parroquia Santa Rosa, del Cant\u00f3n Naranjal, provincia de Guayas, con el objetivo de proteger y conservar un \u00e1rea de manglar que creci\u00f3 naturalmente dentro de las piscinas. Cerca del 70% del \u00e1rea, de una extensi\u00f3n de 6,77 hect\u00e1reas,&hellip; <a href=\"https:\/\/www.ambienteyenergia.gob.ec\/ambiente\/desalojo-de-camaronera-permitira-la-proteccion-del-manglar-guayas\/\">Read more &rarr;<\/a><\/p>\n","protected":false},"author":13,"featured_media":14948,"comment_status":"open","ping_status":"open","sticky":false,"template":"","format":"standard","meta":{"footnotes":""},"categories":[16,4],"tags":[],"class_list":["post-14947","post","type-post","status-publish","format-standard","has-post-thumbnail","hentry","category-comunicamos","category-noticias","xfolkentry"],"_links":{"self":[{"href":"https:\/\/www.ambienteyenergia.gob.ec\/ambiente\/wp-json\/wp\/v2\/posts\/14947","targetHints":{"allow":["GET"]}}],"collection":[{"href":"https:\/\/www.ambienteyenergia.gob.ec\/ambiente\/wp-json\/wp\/v2\/posts"}],"about":[{"href":"https:\/\/www.ambienteyenergia.gob.ec\/ambiente\/wp-json\/wp\/v2\/types\/post"}],"author":[{"embeddable":true,"href":"https:\/\/www.ambienteyenergia.gob.ec\/ambiente\/wp-json\/wp\/v2\/users\/13"}],"replies":[{"embeddable":true,"href":"https:\/\/www.ambienteyenergia.gob.ec\/ambiente\/wp-json\/wp\/v2\/comments?post=14947"}],"version-history":[{"count":0,"href":"https:\/\/www.ambienteyenergia.gob.ec\/ambiente\/wp-json\/wp\/v2\/posts\/14947\/revisions"}],"wp:featuredmedia":[{"embeddable":true,"href":"https:\/\/www.ambienteyenergia.gob.ec\/ambiente\/wp-json\/wp\/v2\/media\/14948"}],"wp:attachment":[{"href":"https:\/\/www.ambienteyenergia.gob.ec\/ambiente\/wp-json\/wp\/v2\/media?parent=14947"}],"wp:term":[{"taxonomy":"category","embeddable":true,"href":"https:\/\/www.ambienteyenergia.gob.ec\/ambiente\/wp-json\/wp\/v2\/categories?post=14947"},{"taxonomy":"post_tag","embeddable":true,"href":"https:\/\/www.ambienteyenergia.gob.ec\/ambiente\/wp-json\/wp\/v2\/tags?post=14947"}],"curies":[{"name":"wp","href":"https:\/\/api.w.org\/{rel}","templated":true}]}}