{"id":14936,"date":"2013-09-06T15:19:30","date_gmt":"2013-09-06T20:19:30","guid":{"rendered":"http:\/\/www.ambiente.gob.ec\/?p=14936"},"modified":"2013-09-06T15:19:30","modified_gmt":"2013-09-06T20:19:30","slug":"mae-lidero-el-primer-comite-de-cooperacion-en-materia-forestal-entre-los-gobiernos-del-ecuador-y-de-corea","status":"publish","type":"post","link":"https:\/\/www.ambienteyenergia.gob.ec\/ambiente\/mae-lidero-el-primer-comite-de-cooperacion-en-materia-forestal-entre-los-gobiernos-del-ecuador-y-de-corea\/","title":{"rendered":"MAE lider\u00f3 el Primer Comit\u00e9 de Cooperaci\u00f3n en materia forestal entre los Gobiernos del Ecuador y de Corea"},"content":{"rendered":"<p style=\"text-align: justify;\">Ayer, en horas de la tarde, se celebr\u00f3 el Primer Comit\u00e9 de Cooperaci\u00f3n en materia forestal entre los Gobiernos del Ecuador y de Corea, en el marco del Memorando de Entendimiento entre el Ministerio del Ambiente del Ecuador (MAE) y el Servicio Forestal de la Rep\u00fablica de Corea (KFS),\u00a0suscrito en junio\u00a0de 2012 en\u00a0R\u00edo de\u00a0Janeiro (Brasil), con el\u00a0prop\u00f3sito de fortalecer la cooperaci\u00f3n en el \u00e1rea forestal.<\/p>\n<p style=\"text-align: justify;\">El Gobierno del Ecuador estuvo representado por el Ministerio del Ambiente (MAE), Ministerio del Agricultura, Acuacultura y Pesca (MAGAP), Ministerio Coordinador de Sectores Estrat\u00e9gicos (MICSE) y la\u00a0Secretar\u00eda T\u00e9cnica de Cooperaci\u00f3n Internacional (S<em>ETECI), por parte de Ecuador.<\/em><\/p>\n<p style=\"text-align: justify;\">Cristian Ter\u00e1n, Subsecretario de Patrimonio Natural de esta Cartera de Estado, dio la bienvenida a la delegaci\u00f3n coreana encabezada por el Se\u00f1or\u00a0Kim Hyunsik, Director General de la Oficina de Recursos Forestales del Servicio Forestal de Corea (KFS) .<\/p>\n<p style=\"text-align: justify;\">Antes de iniciar las ponencias, el Se\u00f1or Kim Hyunsik,\u00a0subrayo la importancia de la firma del Memorando de Entendimiento entre nuestras instituciones y\u00a0destac\u00f3 el valor de la cooperaci\u00f3n en materia forestal y la funci\u00f3n de los bosques en la mitigaci\u00f3n del cambio clim\u00e1tico.<\/p>\n<p style=\"text-align: justify;\">Los representantes ecuatorianos expusieron las pol\u00edticas de Ecuador y la situaci\u00f3n actual en el sector forestal, el Programa Nacional de Incentivo \u00abSocio Bosque\u00bb del Ecuador, y el Programa de Incentivos de Ecuador de Reforestaci\u00f3n con fines comerciales. Mientras que, de la parte coreana, se realiz\u00f3 una presentaci\u00f3n sobre la pol\u00edtica forestal de Corea y la cooperaci\u00f3n internacional.<\/p>\n<p style=\"text-align: justify;\">Luego de haber concluido con las exposiciones, la delegaci\u00f3n coreana propuso la creaci\u00f3n de un proyecto piloto para la creaci\u00f3n de un bosque con el objetivo de fomentar las inversiones en el sector forestal por empresas de Corea interesadas en Ecuador . Este proyecto podr\u00eda llevarse a cabo durante el 2014.<\/p>\n<p style=\"text-align: justify;\">Otro de los puntos acordados fue la publicaci\u00f3n del libro Forest Plantation Investment Guide Book \u2013Ecuador. La Agencia de Promoci\u00f3n Verde Corea (KGPA) promocionar\u00e1 esta publicaci\u00f3n, con el fin de promover las inversiones en plantaciones forestales. Los trabajos relacionados con esta publicaci\u00f3n podr\u00edan comenzar a partir del 2014.<\/p>\n<p>En cuanto al desarrollo del talento humano, la\u00a0Agencia de Promoci\u00f3n Verde Corea (KGPA)\u00a0inform\u00f3 sobre el programa de becas que \u00e9sta promociona y solicit\u00f3 la participaci\u00f3n de los agentes forestales se especializ\u00f3 desde el lado ecuatoriano.<\/p>\n<p style=\"text-align: justify;\">Sobre la Restauraci\u00f3n de Ecosistemas y Pr\u00e1ctica de Reforestaci\u00f3n, Corea present\u00f3 un video que muestra c\u00f3mo las tierras degradadas se convirtieron en bosques en el pasado, realizaron tambi\u00e9n otra presentaci\u00f3n sobre pr\u00e1cticas de reforestaci\u00f3n en ese pa\u00eds, adem\u00e1s de m\u00e9todos de gesti\u00f3n de las \u00e1reas reforestadas . Los representantes ecuatorianos plantearon la posibilidad de obtener apoyo t\u00e9cnico para la restauraci\u00f3n de ecosistemas.<\/p>\n<p>Finalmente, Ecuador se comprometi\u00f3 a compartir informaci\u00f3n sobre su Plan Nacional de Control y Mitigaci\u00f3n de Incendios Forestales, y Corea, se comprometi\u00f3 a informar sobre del proceso metodol\u00f3gico para la ejecuci\u00f3n del bosque piloto mencionados en esta reuni\u00f3n.<\/p>\n<p>La pr\u00f3xima reuni\u00f3n se realizar\u00e1 en 2015 en la Rep\u00fablica de Corea.<\/p>\n<div id='gallery-1' class='gallery galleryid-14936 gallery-columns-4 gallery-size-thumbnail'><dl class='gallery-item'>\n\t\t\t<dt class='gallery-icon landscape'>\n\t\t\t\t<a href='https:\/\/www.ambienteyenergia.gob.ec\/ambiente\/mae-lidero-el-primer-comite-de-cooperacion-en-materia-forestal-entre-los-gobiernos-del-ecuador-y-de-corea\/3-29\/'><img loading=\"lazy\" decoding=\"async\" width=\"150\" height=\"150\" src=\"https:\/\/www.ambienteyenergia.gob.ec\/ambiente\/wp-content\/uploads\/sites\/2\/2013\/09\/31-150x150.jpg\" class=\"attachment-thumbnail size-thumbnail\" alt=\"\" \/><\/a>\n\t\t\t<\/dt><\/dl><dl class='gallery-item'>\n\t\t\t<dt class='gallery-icon landscape'>\n\t\t\t\t<a href='https:\/\/www.ambienteyenergia.gob.ec\/ambiente\/mae-lidero-el-primer-comite-de-cooperacion-en-materia-forestal-entre-los-gobiernos-del-ecuador-y-de-corea\/1-55\/'><img loading=\"lazy\" decoding=\"async\" width=\"150\" height=\"150\" src=\"https:\/\/www.ambienteyenergia.gob.ec\/ambiente\/wp-content\/uploads\/sites\/2\/2013\/09\/11-150x150.jpg\" class=\"attachment-thumbnail size-thumbnail\" alt=\"\" \/><\/a>\n\t\t\t<\/dt><\/dl><dl class='gallery-item'>\n\t\t\t<dt class='gallery-icon landscape'>\n\t\t\t\t<a href='https:\/\/www.ambienteyenergia.gob.ec\/ambiente\/mae-lidero-el-primer-comite-de-cooperacion-en-materia-forestal-entre-los-gobiernos-del-ecuador-y-de-corea\/attachment\/22\/'><img loading=\"lazy\" decoding=\"async\" width=\"150\" height=\"150\" src=\"https:\/\/www.ambienteyenergia.gob.ec\/ambiente\/wp-content\/uploads\/sites\/2\/2013\/09\/22-150x150.jpg\" class=\"attachment-thumbnail size-thumbnail\" alt=\"\" \/><\/a>\n\t\t\t<\/dt><\/dl>\n\t\t\t<br style='clear: both' \/>\n\t\t<\/div>\n\n","protected":false},"excerpt":{"rendered":"<p class=\"excerpt\">Ayer, en horas de la tarde, se celebr\u00f3 el Primer Comit\u00e9 de Cooperaci\u00f3n en materia forestal entre los Gobiernos del Ecuador y de Corea, en el marco del Memorando de Entendimiento entre el Ministerio del Ambiente del Ecuador (MAE) y el Servicio Forestal de la Rep\u00fablica de Corea (KFS),\u00a0suscrito en junio\u00a0de 2012 en\u00a0R\u00edo de\u00a0Janeiro (Brasil), con el\u00a0prop\u00f3sito de fortalecer la&hellip; <a href=\"https:\/\/www.ambienteyenergia.gob.ec\/ambiente\/mae-lidero-el-primer-comite-de-cooperacion-en-materia-forestal-entre-los-gobiernos-del-ecuador-y-de-corea\/\">Read more &rarr;<\/a><\/p>\n","protected":false},"author":13,"featured_media":14937,"comment_status":"open","ping_status":"open","sticky":false,"template":"","format":"standard","meta":{"footnotes":""},"categories":[16,4],"tags":[],"class_list":["post-14936","post","type-post","status-publish","format-standard","has-post-thumbnail","hentry","category-comunicamos","category-noticias","xfolkentry"],"_links":{"self":[{"href":"https:\/\/www.ambienteyenergia.gob.ec\/ambiente\/wp-json\/wp\/v2\/posts\/14936","targetHints":{"allow":["GET"]}}],"collection":[{"href":"https:\/\/www.ambienteyenergia.gob.ec\/ambiente\/wp-json\/wp\/v2\/posts"}],"about":[{"href":"https:\/\/www.ambienteyenergia.gob.ec\/ambiente\/wp-json\/wp\/v2\/types\/post"}],"author":[{"embeddable":true,"href":"https:\/\/www.ambienteyenergia.gob.ec\/ambiente\/wp-json\/wp\/v2\/users\/13"}],"replies":[{"embeddable":true,"href":"https:\/\/www.ambienteyenergia.gob.ec\/ambiente\/wp-json\/wp\/v2\/comments?post=14936"}],"version-history":[{"count":0,"href":"https:\/\/www.ambienteyenergia.gob.ec\/ambiente\/wp-json\/wp\/v2\/posts\/14936\/revisions"}],"wp:featuredmedia":[{"embeddable":true,"href":"https:\/\/www.ambienteyenergia.gob.ec\/ambiente\/wp-json\/wp\/v2\/media\/14937"}],"wp:attachment":[{"href":"https:\/\/www.ambienteyenergia.gob.ec\/ambiente\/wp-json\/wp\/v2\/media?parent=14936"}],"wp:term":[{"taxonomy":"category","embeddable":true,"href":"https:\/\/www.ambienteyenergia.gob.ec\/ambiente\/wp-json\/wp\/v2\/categories?post=14936"},{"taxonomy":"post_tag","embeddable":true,"href":"https:\/\/www.ambienteyenergia.gob.ec\/ambiente\/wp-json\/wp\/v2\/tags?post=14936"}],"curies":[{"name":"wp","href":"https:\/\/api.w.org\/{rel}","templated":true}]}}