{"id":14932,"date":"2013-09-06T13:47:50","date_gmt":"2013-09-06T18:47:50","guid":{"rendered":"http:\/\/www.ambiente.gob.ec\/?p=14932"},"modified":"2013-09-06T13:48:36","modified_gmt":"2013-09-06T18:48:36","slug":"gad%c2%b4s-provinciales-aprenden-de-experiencias-ambientales-positivas","status":"publish","type":"post","link":"https:\/\/www.ambienteyenergia.gob.ec\/ambiente\/gad%c2%b4s-provinciales-aprenden-de-experiencias-ambientales-positivas\/","title":{"rendered":"GAD\u00b4s provinciales aprenden de experiencias ambientales positivas"},"content":{"rendered":"<p style=\"text-align: justify;\">Los d\u00edas 4 y 5 de septiembre, el Ministerio del Ambiente del Ecuador (MAE), en coordinaci\u00f3n con el Consorcio de Gobiernos Provinciales del Ecuador (CONGOPE),\u00a0 realiz\u00f3 el octavo m\u00f3dulo del curso \u201cCambio clim\u00e1tico en la gesti\u00f3n provincial\u201d para Gobiernos Aut\u00f3nomos Descentralizados (GAD\u00b4s). En esta ocasi\u00f3n la capacitaci\u00f3n, efectuada\u00a0 en la ciudad de Ibarra (provincia de \u00a0Imbabura), \u00a0estuvo orientada en\u00a0 el desarrollo de medidas de adaptaci\u00f3n, de acuerdo con la realidad socio- econ\u00f3mica ambiental de cada sector.<\/p>\n<p style=\"text-align: justify;\">Los talleres que se han dictado hasta el momento buscan fortalecer las capacidades t\u00e9cnicas de sus asistentes. Adem\u00e1s, que con ejemplos pr\u00e1cticos, conozcan experiencias exitosas de proyectos ambientales desarrollados por los GAD\u00b4s,<\/p>\n<p style=\"text-align: justify;\">Por esta raz\u00f3n, \u00a0los t\u00e9cnicos visitaron el \u201c Proyecto de protecci\u00f3n f\u00edsica y biol\u00f3gica de los p\u00e1ramos y fuentes de agua en la cordillera oriental\u201d, iniciativa desarrollada y ejecutada por el Gobierno Provincial de Imbabura con la colaboraci\u00f3n de organismos internacionales.<\/p>\n<p style=\"text-align: justify;\"><strong>Visita de campo<\/strong><\/p>\n<p style=\"text-align: justify;\">Dora Camaquaz, t\u00e9cnica en Recursos Naturales y Ambiente del GAD de Imbabura, explic\u00f3 que el proyecto en menci\u00f3n busca garantizar la sostenibilidad de las acciones de conservaci\u00f3n de los p\u00e1ramos y de las fuentes h\u00eddricas, las cuales abastecen de agua para consumo humano a cinco comunidades de la parroquia Mariano Acosta, el centro poblado del cant\u00f3n Pimampiro, y a 3 000 \u00a0personas de la Parroquia Ambuqu\u00ed del cant\u00f3n Ibarra.<\/p>\n<p style=\"text-align: justify;\">Una de las acciones que resalt\u00f3 Camaquaz, es el trabajo coordinado con las Juntas Administradoras de agua que est\u00e1n conformadas por las personas de las comunidades, con quienes se trabaja en mingas permanentes para realizar el mantenimiento de caminos cortafuegos, que\u00a0contrarrestan los incendios forestales, en caso de presentarse.<\/p>\n<p style=\"text-align: justify;\">La t\u00e9cnica enfatiz\u00f3 que para trabajar en conjunto con las comunidades se realizaron procesos de sensibilizaci\u00f3n y concienciaci\u00f3n ambiental, enfocados en \u00a0ni\u00f1os, j\u00f3venes y adultos. De esta manera, se dio a conocer la importancia de los p\u00e1ramos y su estrecha relaci\u00f3n para garantizar la suficiente cantidad de agua en el consumo humano.<\/p>\n<p style=\"text-align: justify;\"><strong>El dato<\/strong><\/p>\n<p style=\"text-align: justify;\">Al finalizar el curso de capacitaci\u00f3n los t\u00e9cnicos de los GAD\u00b4s deber\u00e1n presentar, a manera de tesina, un proyecto de adaptaci\u00f3n o mitigaci\u00f3n que pueda desarrollarse en cada uno de sus territorios.<\/p>\n<p style=\"text-align: justify;\">\n","protected":false},"excerpt":{"rendered":"<p class=\"excerpt\">Los d\u00edas 4 y 5 de septiembre, el Ministerio del Ambiente del Ecuador (MAE), en coordinaci\u00f3n con el Consorcio de Gobiernos Provinciales del Ecuador (CONGOPE),\u00a0 realiz\u00f3 el octavo m\u00f3dulo del curso \u201cCambio clim\u00e1tico en la gesti\u00f3n provincial\u201d para Gobiernos Aut\u00f3nomos Descentralizados (GAD\u00b4s). En esta ocasi\u00f3n la capacitaci\u00f3n, efectuada\u00a0 en la ciudad de Ibarra (provincia de \u00a0Imbabura), \u00a0estuvo orientada en\u00a0 el&hellip; <a href=\"https:\/\/www.ambienteyenergia.gob.ec\/ambiente\/gad%c2%b4s-provinciales-aprenden-de-experiencias-ambientales-positivas\/\">Read more &rarr;<\/a><\/p>\n","protected":false},"author":13,"featured_media":14933,"comment_status":"open","ping_status":"open","sticky":false,"template":"","format":"standard","meta":{"footnotes":""},"categories":[16,4],"tags":[],"class_list":["post-14932","post","type-post","status-publish","format-standard","has-post-thumbnail","hentry","category-comunicamos","category-noticias","xfolkentry"],"_links":{"self":[{"href":"https:\/\/www.ambienteyenergia.gob.ec\/ambiente\/wp-json\/wp\/v2\/posts\/14932","targetHints":{"allow":["GET"]}}],"collection":[{"href":"https:\/\/www.ambienteyenergia.gob.ec\/ambiente\/wp-json\/wp\/v2\/posts"}],"about":[{"href":"https:\/\/www.ambienteyenergia.gob.ec\/ambiente\/wp-json\/wp\/v2\/types\/post"}],"author":[{"embeddable":true,"href":"https:\/\/www.ambienteyenergia.gob.ec\/ambiente\/wp-json\/wp\/v2\/users\/13"}],"replies":[{"embeddable":true,"href":"https:\/\/www.ambienteyenergia.gob.ec\/ambiente\/wp-json\/wp\/v2\/comments?post=14932"}],"version-history":[{"count":0,"href":"https:\/\/www.ambienteyenergia.gob.ec\/ambiente\/wp-json\/wp\/v2\/posts\/14932\/revisions"}],"wp:featuredmedia":[{"embeddable":true,"href":"https:\/\/www.ambienteyenergia.gob.ec\/ambiente\/wp-json\/wp\/v2\/media\/14933"}],"wp:attachment":[{"href":"https:\/\/www.ambienteyenergia.gob.ec\/ambiente\/wp-json\/wp\/v2\/media?parent=14932"}],"wp:term":[{"taxonomy":"category","embeddable":true,"href":"https:\/\/www.ambienteyenergia.gob.ec\/ambiente\/wp-json\/wp\/v2\/categories?post=14932"},{"taxonomy":"post_tag","embeddable":true,"href":"https:\/\/www.ambienteyenergia.gob.ec\/ambiente\/wp-json\/wp\/v2\/tags?post=14932"}],"curies":[{"name":"wp","href":"https:\/\/api.w.org\/{rel}","templated":true}]}}