{"id":14929,"date":"2013-09-06T10:58:44","date_gmt":"2013-09-06T15:58:44","guid":{"rendered":"http:\/\/www.ambiente.gob.ec\/?p=14929"},"modified":"2013-09-06T17:00:39","modified_gmt":"2013-09-06T22:00:39","slug":"mae-trabaja-en-la-descontaminacion-del-rio-puyango-en-tres-componentes","status":"publish","type":"post","link":"https:\/\/www.ambienteyenergia.gob.ec\/ambiente\/mae-trabaja-en-la-descontaminacion-del-rio-puyango-en-tres-componentes\/","title":{"rendered":"MAE trabaja en la descontaminaci\u00f3n del r\u00edo Puyango en tres componentes"},"content":{"rendered":"<p style=\"text-align: justify;\"><a href=\"http:\/\/www.ambienteyenergia.gob.ec\/ambiente\/wp-content\/uploads\/2013\/09\/rivera-del-rio-puyango.jpg\"><br \/>\n<\/a>Procesos de regularizaci\u00f3n y control de la miner\u00eda,\u00a0saneamiento ambiental, y proyectos de reforestaci\u00f3n, entre otras, son las principales\u00a0 acciones que el Ministerio del Ambiente del Ecuador (MAE) ejecuta, desde 2012, como parte del Programa de Ordenamiento ambiental en la cuenca del R\u00edo Puyango. El objetivo es eliminar las fuentes de contaminaci\u00f3n , mejorar la calidad de vida de la poblaci\u00f3n y restaurar los ecosistemas afectados por actividades humanas en el sector<\/p>\n<p style=\"text-align: justify;\">A trav\u00e9s del Programa de Reparaci\u00f3n Ambiental y Social (PRAS), esta Cartera de Estado descontaminar\u00e1 el 80% de los r\u00edos Calera y Amarillo (principales afluentes del Puyango), mediante una represa que evite que las plantas de beneficio minero hagan descargas clandestinas de relaves de los r\u00edos mencionados.<\/p>\n<p style=\"text-align: justify;\">Es decir, en un plazo aproximado de 4 a\u00f1os<strong>, <\/strong>se instalar\u00e1 un parque industrial minero en la zona de El Tabl\u00f3n. Este estar\u00e1 constituido por\u00a0 una planta de tratamiento y recuperaci\u00f3n de relaves, una planta de energ\u00eda, una relavera, un sistema de tratamiento de lixiviados, y un sistema de recolecci\u00f3n y transporte de material y una comercializadora.\u00a0 As\u00ed se eliminar\u00e1 la presencia de mercurio, metales pesados, compuestos cianurados y coliformes totales, aportados por aguas servidas de las poblaciones y actividades ganaderas<\/p>\n<p style=\"text-align: justify;\">Adem\u00e1s se ha regularizado 70 plantas de beneficio minero con la aplicaci\u00f3n del Plan de Regularizaci\u00f3n de las actividades mineras desarrolladas en la cuenca del r\u00edo Puyango. Tomando en cuenta que estas actividades se realizan desde hace m\u00e1s de cien a\u00f1os, y que en los a\u00f1os ochenta, antiguos trabajadores y emigrantes de varias regiones del pa\u00eds (principalmente de la costa ecuatoriana), quienes hu\u00edan de la crisis del agro, invadieron los\u00a0 pozos mineros, lo que caus\u00f3 principalmente la contaminaci\u00f3n del agua y suelo.<\/p>\n<p style=\"text-align: justify;\">Asimismo, para erradicar el uso de mercurio, elemento nocivo para el ambiente y la salud, \u00a0en el distrito minero Zaruma-Portovelo (El Oro), el MAE puso en marcha el Plan Cero Mercurio, fomentando el uso de\u00a0 nuevas tecnolog\u00edas limpias.<\/p>\n<p style=\"text-align: justify;\"><strong>Gesti\u00f3n de desechos s\u00f3lidos<\/strong><\/p>\n<p style=\"text-align: justify;\">En el \u00e1mbito de saneamiento ambiental, las acciones de esta Instituci\u00f3n, a trav\u00e9s del Programa Nacional para la Gesti\u00f3n Integral de Desechos S\u00f3lidos (PNGIDS), se enfocan en el cierre de botaderos de manera t\u00e9cnica y la construcci\u00f3n de rellenos sanitarios, manejo adecuado de desechos s\u00f3lidos, tratamiento de aguas residuales y ordenamiento agroindustrial.<\/p>\n<p style=\"text-align: justify;\">Para ello, el MAE inici\u00f3 un proceso de formaci\u00f3n de Mancomunidades. En \u00a02012, solicit\u00f3 a los GADS Municipales de la provincia de Loja, la presentaci\u00f3n de Planes Emergentes de Manejo de Desechos S\u00f3lidos. Adem\u00e1s, ha entregado alrededor de 1 500 tachos para separaci\u00f3n en la fuente en Pi\u00f1as y Lajas. En la Mancomunidad Bosque Seco, financi\u00f3 los estudios para cierre de botaderos e implementaci\u00f3n de modelos de gesti\u00f3n integral de desechos s\u00f3lidos, con un monto de $ 200 mil. A nivel provincial, se ha dotado de recipientes para disposici\u00f3n y clasificaci\u00f3n de desechos s\u00f3lidos, picadoras, bandas transportadoras, geomembrana, material divulgativo, etc., invirtiendo $250 mil.<\/p>\n<p style=\"text-align: justify;\">En lo que se refiere a sistemas de tratamiento de aguas residuales, esta Cartera de Estado coordin\u00f3 con el Ministerio de Salud P\u00fablica (MSP) el levantamiento de informaci\u00f3n sobre\u00a0 la situaci\u00f3n actual de esos sistemas.<\/p>\n<p style=\"text-align: justify;\"><strong>Manejo forestal<\/strong><\/p>\n<p style=\"text-align: justify;\">Por otra parte, esta Cartera de Estado ha realizado la demarcaci\u00f3n hidrogr\u00e1fica Puyango en temas de manejo y conservaci\u00f3n de ecosistemas. La meta es\u00a0 reforestar al menos el 50% de las zonas m\u00e1s vulnerables y erosionadas de la cuenca.<\/p>\n<p style=\"text-align: justify;\">En ese sentido, en 2013,\u00a0 se reforestaron 2 000 hect\u00e1reas destinadas a microcuencas prioritarias de agua, en la Provincia de El Oro, con una\u00a0 inversi\u00f3n de $ 400 mil aproximadamente. Adem\u00e1s, a trav\u00e9s del Programa Socio Bosque se mantienen bajo conservaci\u00f3n 7846,74 hect\u00e1reas, que representan un incentivo de $ 137.876,40 a 347 beneficiarios directos.<\/p>\n<p style=\"text-align: justify;\">Para concienciar y sensibilizar a la poblaci\u00f3n, se han realizado campa\u00f1as de educaci\u00f3n ambiental a niveles primario, secundario y comunitario). La tem\u00e1tica incluye \u00a0prevenci\u00f3n de incendios forestales, manejo y conservaci\u00f3n de microcuencas, gesti\u00f3n integral de residuos s\u00f3lidos, etc.<\/p>\n<p style=\"text-align: justify;\">Esta instituci\u00f3n apoy\u00f3 en la declaraci\u00f3n bajo ordenanza de consorcio el \u00e1rea protegida Provincial \u201cBosque Petrificado de Puyango\u201d. Asimismo, se firm\u00f3 un convenio con la mancomunidad del Bosque Seco, que la compone el Municipio de Puyango, con objetivo de crear las condiciones para el manejo y conservaci\u00f3n del Bosque Seco como medida de adaptaci\u00f3n y mitigaci\u00f3n al cambio clim\u00e1tico y lucha contra la desertificaci\u00f3n.<\/p>\n<p>\u00a0<a href=\"http:\/\/www.ambienteyenergia.gob.ec\/ambiente\/wp-content\/uploads\/2013\/09\/rivera-del-rio-puyango.jpg\"><img loading=\"lazy\" decoding=\"async\" class=\"aligncenter size-full wp-image-14942\" title=\"rivera-del-rio-puyango\" src=\"http:\/\/www.ambienteyenergia.gob.ec\/ambiente\/wp-content\/uploads\/2013\/09\/rivera-del-rio-puyango.jpg\" alt=\"\" width=\"650\" height=\"434\" srcset=\"https:\/\/www.ambienteyenergia.gob.ec\/ambiente\/wp-content\/uploads\/sites\/2\/2013\/09\/rivera-del-rio-puyango.jpg 650w, https:\/\/www.ambienteyenergia.gob.ec\/ambiente\/wp-content\/uploads\/sites\/2\/2013\/09\/rivera-del-rio-puyango-300x200.jpg 300w, https:\/\/www.ambienteyenergia.gob.ec\/ambiente\/wp-content\/uploads\/sites\/2\/2013\/09\/rivera-del-rio-puyango-449x300.jpg 449w\" sizes=\"auto, (max-width: 650px) 100vw, 650px\" \/><\/a><\/p>\n<p>&nbsp;<\/p>\n<p>&nbsp;<\/p>\n","protected":false},"excerpt":{"rendered":"<p class=\"excerpt\">Procesos de regularizaci\u00f3n y control de la miner\u00eda,\u00a0saneamiento ambiental, y proyectos de reforestaci\u00f3n, entre otras, son las principales\u00a0 acciones que el Ministerio del Ambiente del Ecuador (MAE) ejecuta, desde 2012, como parte del Programa de Ordenamiento ambiental en la cuenca del R\u00edo Puyango. El objetivo es eliminar las fuentes de contaminaci\u00f3n , mejorar la calidad de vida de la poblaci\u00f3n&hellip; <a href=\"https:\/\/www.ambienteyenergia.gob.ec\/ambiente\/mae-trabaja-en-la-descontaminacion-del-rio-puyango-en-tres-componentes\/\">Read more &rarr;<\/a><\/p>\n","protected":false},"author":13,"featured_media":14941,"comment_status":"open","ping_status":"open","sticky":false,"template":"","format":"standard","meta":{"footnotes":""},"categories":[16,4],"tags":[],"class_list":["post-14929","post","type-post","status-publish","format-standard","has-post-thumbnail","hentry","category-comunicamos","category-noticias","xfolkentry"],"_links":{"self":[{"href":"https:\/\/www.ambienteyenergia.gob.ec\/ambiente\/wp-json\/wp\/v2\/posts\/14929","targetHints":{"allow":["GET"]}}],"collection":[{"href":"https:\/\/www.ambienteyenergia.gob.ec\/ambiente\/wp-json\/wp\/v2\/posts"}],"about":[{"href":"https:\/\/www.ambienteyenergia.gob.ec\/ambiente\/wp-json\/wp\/v2\/types\/post"}],"author":[{"embeddable":true,"href":"https:\/\/www.ambienteyenergia.gob.ec\/ambiente\/wp-json\/wp\/v2\/users\/13"}],"replies":[{"embeddable":true,"href":"https:\/\/www.ambienteyenergia.gob.ec\/ambiente\/wp-json\/wp\/v2\/comments?post=14929"}],"version-history":[{"count":0,"href":"https:\/\/www.ambienteyenergia.gob.ec\/ambiente\/wp-json\/wp\/v2\/posts\/14929\/revisions"}],"wp:featuredmedia":[{"embeddable":true,"href":"https:\/\/www.ambienteyenergia.gob.ec\/ambiente\/wp-json\/wp\/v2\/media\/14941"}],"wp:attachment":[{"href":"https:\/\/www.ambienteyenergia.gob.ec\/ambiente\/wp-json\/wp\/v2\/media?parent=14929"}],"wp:term":[{"taxonomy":"category","embeddable":true,"href":"https:\/\/www.ambienteyenergia.gob.ec\/ambiente\/wp-json\/wp\/v2\/categories?post=14929"},{"taxonomy":"post_tag","embeddable":true,"href":"https:\/\/www.ambienteyenergia.gob.ec\/ambiente\/wp-json\/wp\/v2\/tags?post=14929"}],"curies":[{"name":"wp","href":"https:\/\/api.w.org\/{rel}","templated":true}]}}