{"id":14923,"date":"2013-09-06T09:39:32","date_gmt":"2013-09-06T14:39:32","guid":{"rendered":"http:\/\/www.ambiente.gob.ec\/?p=14923"},"modified":"2013-09-06T09:39:32","modified_gmt":"2013-09-06T14:39:32","slug":"1-559-estudiantes-son-capacitados-en-temas-ambientales","status":"publish","type":"post","link":"https:\/\/www.ambienteyenergia.gob.ec\/ambiente\/1-559-estudiantes-son-capacitados-en-temas-ambientales\/","title":{"rendered":"1 559 estudiantes son capacitados en temas ambientales"},"content":{"rendered":"<p style=\"text-align: justify;\">Alrededor de 1 559 estudiantes de diferentes centros educativos particulares, que se encuentran en sectores aleda\u00f1os al Estero Salado, participan en un programa de capacitaci\u00f3n ambiental, denominado <strong>\u201cEstero Salado porque eres m\u00edo te cuido\u201d,<\/strong> el cual\u00a0 inici\u00f3 en el mes de Agosto y culminar\u00e1 a finales del a\u00f1o en curso.<\/p>\n<p style=\"text-align: justify;\">Este programa es una de las actividades que se desarrollan en el Proyecto Guayaquil Ecol\u00f3gico \u2013 Componente Estero Salado, como parte de la estrategia de Educaci\u00f3n Ambiental y Social, implementada para la recuperaci\u00f3n de este brazo de mar; cuyo objetivo es sensibilizar y concienciar a la comunidad, sobre la importancia de no contaminar el Estero Salado.<\/p>\n<p style=\"text-align: justify;\">Tesoritos de Jes\u00fas, Fe y Alegr\u00eda, Amiguitos de Shalom, Juan XXIII, son algunas de las 16 escuelas seleccionadas para ser parte de este proceso. Los talleres profundizar\u00e1n los temas de difusi\u00f3n del Proyecto Guayaquil Ecol\u00f3gico, correcto manejo de los desechos s\u00f3lidos, contaminaci\u00f3n ambiental y compromiso ambiental.<\/p>\n<p style=\"text-align: justify;\">Al t\u00e9rmino de cada charla se realizan trabajos pr\u00e1cticos con los estudiantes, los cuales ser\u00e1n expuestos en un evento art\u00edstico cultural, dando por finalizado el programa de capacitaci\u00f3n.<\/p>\n<p style=\"text-align: justify;\">Dalt\u00f3n \u00c1lvarez, quien cursa el sexto a\u00f1o de educaci\u00f3n b\u00e1sica,\u00a0 expresa sentirse contento, pues las capacitaciones que est\u00e1 recibiendo, le permiten valorar y tomar conciencia sobre el cuidado que merece el Estero Salado.<\/p>\n<div id='gallery-1' class='gallery galleryid-14923 gallery-columns-4 gallery-size-thumbnail'><dl class='gallery-item'>\n\t\t\t<dt class='gallery-icon landscape'>\n\t\t\t\t<a href='https:\/\/www.ambienteyenergia.gob.ec\/ambiente\/1-559-estudiantes-son-capacitados-en-temas-ambientales\/dsc00557\/'><img loading=\"lazy\" decoding=\"async\" width=\"150\" height=\"150\" src=\"https:\/\/www.ambienteyenergia.gob.ec\/ambiente\/wp-content\/uploads\/sites\/2\/2013\/09\/DSC00557-150x150.jpg\" class=\"attachment-thumbnail size-thumbnail\" alt=\"\" \/><\/a>\n\t\t\t<\/dt><\/dl><dl class='gallery-item'>\n\t\t\t<dt class='gallery-icon landscape'>\n\t\t\t\t<a href='https:\/\/www.ambienteyenergia.gob.ec\/ambiente\/1-559-estudiantes-son-capacitados-en-temas-ambientales\/dsc00566\/'><img loading=\"lazy\" decoding=\"async\" width=\"150\" height=\"150\" src=\"https:\/\/www.ambienteyenergia.gob.ec\/ambiente\/wp-content\/uploads\/sites\/2\/2013\/09\/DSC00566-150x150.jpg\" class=\"attachment-thumbnail size-thumbnail\" alt=\"\" \/><\/a>\n\t\t\t<\/dt><\/dl><dl class='gallery-item'>\n\t\t\t<dt class='gallery-icon landscape'>\n\t\t\t\t<a href='https:\/\/www.ambienteyenergia.gob.ec\/ambiente\/1-559-estudiantes-son-capacitados-en-temas-ambientales\/dsc00697\/'><img loading=\"lazy\" decoding=\"async\" width=\"150\" height=\"150\" src=\"https:\/\/www.ambienteyenergia.gob.ec\/ambiente\/wp-content\/uploads\/sites\/2\/2013\/09\/DSC00697-150x150.jpg\" class=\"attachment-thumbnail size-thumbnail\" alt=\"\" \/><\/a>\n\t\t\t<\/dt><\/dl><dl class='gallery-item'>\n\t\t\t<dt class='gallery-icon landscape'>\n\t\t\t\t<a href='https:\/\/www.ambienteyenergia.gob.ec\/ambiente\/1-559-estudiantes-son-capacitados-en-temas-ambientales\/dsc00699\/'><img loading=\"lazy\" decoding=\"async\" width=\"150\" height=\"150\" src=\"https:\/\/www.ambienteyenergia.gob.ec\/ambiente\/wp-content\/uploads\/sites\/2\/2013\/09\/DSC00699-150x150.jpg\" class=\"attachment-thumbnail size-thumbnail\" alt=\"\" \/><\/a>\n\t\t\t<\/dt><\/dl><br style=\"clear: both\" \/>\n\t\t<\/div>\n\n<p style=\"text-align: justify;\"><strong>\u00a0<\/strong><\/p>\n<p style=\"text-align: justify;\"><strong>\u00a0<\/strong><\/p>\n","protected":false},"excerpt":{"rendered":"<p class=\"excerpt\">Alrededor de 1 559 estudiantes de diferentes centros educativos particulares, que se encuentran en sectores aleda\u00f1os al Estero Salado, participan en un programa de capacitaci\u00f3n ambiental, denominado \u201cEstero Salado porque eres m\u00edo te cuido\u201d, el cual\u00a0 inici\u00f3 en el mes de Agosto y culminar\u00e1 a finales del a\u00f1o en curso. Este programa es una de las actividades que se desarrollan&hellip; <a href=\"https:\/\/www.ambienteyenergia.gob.ec\/ambiente\/1-559-estudiantes-son-capacitados-en-temas-ambientales\/\">Read more &rarr;<\/a><\/p>\n","protected":false},"author":13,"featured_media":14927,"comment_status":"open","ping_status":"open","sticky":false,"template":"","format":"standard","meta":{"footnotes":""},"categories":[16,4],"tags":[],"class_list":["post-14923","post","type-post","status-publish","format-standard","has-post-thumbnail","hentry","category-comunicamos","category-noticias","xfolkentry"],"_links":{"self":[{"href":"https:\/\/www.ambienteyenergia.gob.ec\/ambiente\/wp-json\/wp\/v2\/posts\/14923","targetHints":{"allow":["GET"]}}],"collection":[{"href":"https:\/\/www.ambienteyenergia.gob.ec\/ambiente\/wp-json\/wp\/v2\/posts"}],"about":[{"href":"https:\/\/www.ambienteyenergia.gob.ec\/ambiente\/wp-json\/wp\/v2\/types\/post"}],"author":[{"embeddable":true,"href":"https:\/\/www.ambienteyenergia.gob.ec\/ambiente\/wp-json\/wp\/v2\/users\/13"}],"replies":[{"embeddable":true,"href":"https:\/\/www.ambienteyenergia.gob.ec\/ambiente\/wp-json\/wp\/v2\/comments?post=14923"}],"version-history":[{"count":0,"href":"https:\/\/www.ambienteyenergia.gob.ec\/ambiente\/wp-json\/wp\/v2\/posts\/14923\/revisions"}],"wp:featuredmedia":[{"embeddable":true,"href":"https:\/\/www.ambienteyenergia.gob.ec\/ambiente\/wp-json\/wp\/v2\/media\/14927"}],"wp:attachment":[{"href":"https:\/\/www.ambienteyenergia.gob.ec\/ambiente\/wp-json\/wp\/v2\/media?parent=14923"}],"wp:term":[{"taxonomy":"category","embeddable":true,"href":"https:\/\/www.ambienteyenergia.gob.ec\/ambiente\/wp-json\/wp\/v2\/categories?post=14923"},{"taxonomy":"post_tag","embeddable":true,"href":"https:\/\/www.ambienteyenergia.gob.ec\/ambiente\/wp-json\/wp\/v2\/tags?post=14923"}],"curies":[{"name":"wp","href":"https:\/\/api.w.org\/{rel}","templated":true}]}}