{"id":14914,"date":"2013-09-06T08:53:42","date_gmt":"2013-09-06T13:53:42","guid":{"rendered":"http:\/\/www.ambiente.gob.ec\/?p=14914"},"modified":"2013-09-06T09:08:25","modified_gmt":"2013-09-06T14:08:25","slug":"galapagos-celebra-35-anos-de-la-declaratoria-como-patrimonio-natural-de-la-humanidad","status":"publish","type":"post","link":"https:\/\/www.ambienteyenergia.gob.ec\/ambiente\/galapagos-celebra-35-anos-de-la-declaratoria-como-patrimonio-natural-de-la-humanidad\/","title":{"rendered":"Gal\u00e1pagos celebra 35 a\u00f1os de la declaratoria como Patrimonio Natural de la Humanidad"},"content":{"rendered":"<p style=\"text-align: justify;\"><strong>Con desfiles, conversatorios y paseos cicl\u00edsticos en las islas Santa Cruz e Isabela , se conmemorar\u00e1 este aniversario.<\/strong><\/p>\n<p style=\"text-align: justify;\">La Direcci\u00f3n del Parque Nacional Gal\u00e1pagos (DPNG) ha organizado varias actividades conmemorativas, por los 35 a\u00f1os de la declaratoria del archipi\u00e9lago de Gal\u00e1pagos como Patrimonio Natural de la Humanidad.<\/p>\n<p style=\"text-align: justify;\">Hoy a las 08:00, la DPNG se suma al desfile con el que las instituciones p\u00fablicas y los planteles educativos rinden homenaje al archipi\u00e9lago, por el reconocimiento conferido el 8 de septiembre de 1978, por el Comit\u00e9 de Patrimonios de la Organizaci\u00f3n de las Naciones Unidas para la Educaci\u00f3n, la Ciencia y la Cultura (Unesco). El recorrido iniciar\u00e1 en la explanada del estadio Pampas Coloradas, en Puerto Ayora, y recorrer\u00e1 la avenida Baltra hasta el parque San Francisco.<\/p>\n<p style=\"text-align: justify;\">El domingo, la DPNG realizar\u00e1 en la playa de Los Alemanes un conversatorio con los j\u00f3venes que conforman la directiva\u00a0 del Consejo Cantonal de la Ni\u00f1ez y Adolescencia de Santa Cruz, para analizar la tem\u00e1tica del Patrimonio y la conservaci\u00f3n de este t\u00edtulo.<\/p>\n<p style=\"text-align: justify;\">La autoridad ambiental invita a la comunidad, funcionarios p\u00fablicos y sectores sociales a participar en la celebraci\u00f3n, en la isla Isabela, con dos actividades organizadas para concienciar a la comunidad local sobre las visitas responsables a los sitios tur\u00edsticos y la limpieza de Puerto Villamil.<\/p>\n<p style=\"text-align: justify;\">El domingo desde las 14:00 hasta las 18:00, se desarrollar\u00e1 el paseo cicl\u00edstico que recorrer\u00e1 el Complejo Humedales hasta el sector del Muro de las L\u00e1grimas. Mientras que el lunes est\u00e1 prevista la limpieza de v\u00edas, a lo largo de la carretera Puerto Villamil-Thom\u00e1s de Berlanga, desde las 08:00 hasta las 12:00.<\/p>\n<p style=\"text-align: justify;\">El Parque Nacional Gal\u00e1pagos fue declarado Patrimonio Natural de la Humanidad el 8 de septiembre de 1978 por el Comit\u00e9 de Patrimonios de la Unesco, fue el primer sitio incluido en esta prestigiosa lista y uno de los pocos que cumple con los 4 criterios establecidos por la organizaci\u00f3n para recibir esta designaci\u00f3n. Posteriormente, el 2 de diciembre de 2001, tambi\u00e9n se incluy\u00f3 en la declaratoria a la Reserva Marina de Gal\u00e1pagos.<\/p>\n<p style=\"text-align: justify;\">La belleza natural de las islas, la diversidad y singularidad de especies que alberga, su origen volc\u00e1nico, su din\u00e1mica geol\u00f3gica con permanentes cambios y variedad de formaciones; el ser considerado un laboratorio vivo de procesos evolutivos a\u00fan en marcha, sumado a que dio cabida para el desarrollo de un gran n\u00famero de especies tanto animales como vegetales que no existen en ning\u00fan otro lugar del mundo, convierten a Gal\u00e1pagos en un sitio muy singular y de importancia mundial para la herencia com\u00fan de la humanidad.<\/p>\n<p style=\"text-align: justify;\">M\u00e1s de 233 islas, islotes y rocas, nacidas de volcanes, conforman el archipi\u00e9lago de Gal\u00e1pagos.\u00a0 Gracias a su aislamiento, y a millones de a\u00f1os de evoluci\u00f3n, hoy cuenta con una variedad de ecosistemas pr\u00edstinos y \u00fanicos en el mundo.<\/p>\n<p style=\"text-align: justify;\">\u00a0<a href=\"http:\/\/www.ambienteyenergia.gob.ec\/ambiente\/wp-content\/uploads\/2013\/09\/galapagos3.jpg\"><img loading=\"lazy\" decoding=\"async\" class=\"aligncenter size-full wp-image-14920\" title=\"galapagos3\" src=\"http:\/\/www.ambienteyenergia.gob.ec\/ambiente\/wp-content\/uploads\/2013\/09\/galapagos3.jpg\" alt=\"\" width=\"843\" height=\"403\" srcset=\"https:\/\/www.ambienteyenergia.gob.ec\/ambiente\/wp-content\/uploads\/sites\/2\/2013\/09\/galapagos3.jpg 843w, https:\/\/www.ambienteyenergia.gob.ec\/ambiente\/wp-content\/uploads\/sites\/2\/2013\/09\/galapagos3-300x143.jpg 300w, https:\/\/www.ambienteyenergia.gob.ec\/ambiente\/wp-content\/uploads\/sites\/2\/2013\/09\/galapagos3-500x239.jpg 500w\" sizes=\"auto, (max-width: 843px) 100vw, 843px\" \/><\/a><a href=\"http:\/\/www.ambienteyenergia.gob.ec\/ambiente\/wp-content\/uploads\/2013\/09\/GALAPAGOS1.jpg\"><br \/>\n<\/a><\/p>\n","protected":false},"excerpt":{"rendered":"<p class=\"excerpt\">Con desfiles, conversatorios y paseos cicl\u00edsticos en las islas Santa Cruz e Isabela , se conmemorar\u00e1 este aniversario. La Direcci\u00f3n del Parque Nacional Gal\u00e1pagos (DPNG) ha organizado varias actividades conmemorativas, por los 35 a\u00f1os de la declaratoria del archipi\u00e9lago de Gal\u00e1pagos como Patrimonio Natural de la Humanidad. Hoy a las 08:00, la DPNG se suma al desfile con el que&hellip; <a href=\"https:\/\/www.ambienteyenergia.gob.ec\/ambiente\/galapagos-celebra-35-anos-de-la-declaratoria-como-patrimonio-natural-de-la-humanidad\/\">Read more &rarr;<\/a><\/p>\n","protected":false},"author":13,"featured_media":14915,"comment_status":"open","ping_status":"open","sticky":false,"template":"","format":"standard","meta":{"footnotes":""},"categories":[16,4],"tags":[],"class_list":["post-14914","post","type-post","status-publish","format-standard","has-post-thumbnail","hentry","category-comunicamos","category-noticias","xfolkentry"],"_links":{"self":[{"href":"https:\/\/www.ambienteyenergia.gob.ec\/ambiente\/wp-json\/wp\/v2\/posts\/14914","targetHints":{"allow":["GET"]}}],"collection":[{"href":"https:\/\/www.ambienteyenergia.gob.ec\/ambiente\/wp-json\/wp\/v2\/posts"}],"about":[{"href":"https:\/\/www.ambienteyenergia.gob.ec\/ambiente\/wp-json\/wp\/v2\/types\/post"}],"author":[{"embeddable":true,"href":"https:\/\/www.ambienteyenergia.gob.ec\/ambiente\/wp-json\/wp\/v2\/users\/13"}],"replies":[{"embeddable":true,"href":"https:\/\/www.ambienteyenergia.gob.ec\/ambiente\/wp-json\/wp\/v2\/comments?post=14914"}],"version-history":[{"count":0,"href":"https:\/\/www.ambienteyenergia.gob.ec\/ambiente\/wp-json\/wp\/v2\/posts\/14914\/revisions"}],"wp:featuredmedia":[{"embeddable":true,"href":"https:\/\/www.ambienteyenergia.gob.ec\/ambiente\/wp-json\/wp\/v2\/media\/14915"}],"wp:attachment":[{"href":"https:\/\/www.ambienteyenergia.gob.ec\/ambiente\/wp-json\/wp\/v2\/media?parent=14914"}],"wp:term":[{"taxonomy":"category","embeddable":true,"href":"https:\/\/www.ambienteyenergia.gob.ec\/ambiente\/wp-json\/wp\/v2\/categories?post=14914"},{"taxonomy":"post_tag","embeddable":true,"href":"https:\/\/www.ambienteyenergia.gob.ec\/ambiente\/wp-json\/wp\/v2\/tags?post=14914"}],"curies":[{"name":"wp","href":"https:\/\/api.w.org\/{rel}","templated":true}]}}