{"id":14906,"date":"2013-09-05T18:42:32","date_gmt":"2013-09-05T23:42:32","guid":{"rendered":"http:\/\/www.ambiente.gob.ec\/?p=14906"},"modified":"2013-11-12T09:03:25","modified_gmt":"2013-11-12T14:03:25","slug":"mae-rescato-osezno-en-patate-tungurahua","status":"publish","type":"post","link":"https:\/\/www.ambienteyenergia.gob.ec\/ambiente\/mae-rescato-osezno-en-patate-tungurahua\/","title":{"rendered":"MAE rescat\u00f3 osezno en Patate (Tungurahua)"},"content":{"rendered":"<p style=\"text-align: justify;\">El pasado 3 de septiembre, un cachorro hembra de Oso andino (Tremarctos ornatus), de aproximadamente 8 meses de edad, fue rescatado en el caser\u00edo Cruz Loma (parroquia el Triunfo, cant\u00f3n Patate) y fue trasladado al centro de manejo de Fauna Silvestre Ecozool\u00f3gico San Mart\u00edn, donde recibi\u00f3 atenci\u00f3n veterinaria y se le suministro alimentaci\u00f3n basada en frutas y agua.<\/p>\n<p style=\"text-align: justify;\">Luego de haber sido informados por Luis Rojano, quien encontr\u00f3 al osezno en el huerto de su casa, funcionarios de Ministerio del Ambiente se trasladaron al lugar y verificaron la presencia de ejemplar. Seg\u00fan la informaci\u00f3n vertida por la poblaci\u00f3n, el cachorro de color apareci\u00f3 en horas ma\u00f1ana. Asustado por los ladridos de los perros y guiado por su instinto de protecci\u00f3n se subi\u00f3 a un \u00e1rbol de manzana.<\/p>\n<p style=\"text-align: justify;\">Se presume que el peque\u00f1o oso baj\u00f3 desde los p\u00e1ramos de Cruz Loma, zona de amortiguamiento del Parque Nacional Llanganates, junto con su madre. Pero al sentir la presencia de los perros \u00e9sta se asust\u00f3 y huy\u00f3. El cachorro no pudo seguirla, se desorient\u00f3 y se extravi\u00f3.<\/p>\n<p style=\"text-align: justify;\">Para movilizar al osezno, los t\u00e9cnicos de esta Cartera de Estado lo colocaron en una jaula de transporte. Al mediod\u00eda, lleg\u00f3 hasta las instalaciones Ecozool\u00f3gico San Mart\u00edn, donde recibi\u00f3 alimento. Luego de haber sido evaluado m\u00e9dicamente, se determin\u00f3 que se trataba de una hembra. En este lugar permanecer\u00e1 en cuarentena y monitoreo constante.<\/p>\n<p style=\"text-align: justify;\">Antes de trasladarlo al centro de manejo, los funcionarios de ambiente se reunieron con las autoridades locales para informar sobre el rescate. Adem\u00e1s, se les inform\u00f3 que estas especies est\u00e1n protegidos por la Ley Forestal de \u00c1reas Naturales Protegidas y de Vida Silvestre. Asimismo, pidieron que se comunique de manera inmediata a la autoridad ambiental, si registra otro avistamiento. As\u00ed, se podr\u00e1n tomar las medidas pertinentes, para evitar que la poblaci\u00f3n capture o elimine a estas especies.<\/p>\n<p><strong>Otros rescates de oseznos<\/strong><\/p>\n<p style=\"text-align: justify;\">Hasta el pasado mes de agosto, esta Cartera de Estado, cumpliendo con sus competencias como m\u00e1xima autoridad ambiental del pa\u00eds, ha recatado a tres cachorros de oso de anteojos.<\/p>\n<p style=\"text-align: justify;\">El 30 de abril, un osezno de cinco meses, aproximadamente, fue rescatado en el cant\u00f3n Los Bancos, provincia de Pichincha. T\u00e9cnicos y veterinarios, movilizaron esp\u00e9cimen hacia el Hospital veterinario de la Universidad San Francisco de Quito (USFQ), y coordinaron protocolos m\u00e9dicos aplicados con el doctor veterinario tratante del ese centro. Luego fue trasladado al Centro de rescate \u00abSegunda oportunidad\u00bb (Pichincha).<\/p>\n<p style=\"text-align: justify;\">Asimismo, el 26 de abril, otro cachorro de oso de la misma especie fue rescatado en La Man\u00e1 (Cotopaxi) y fue llevado al Zool\u00f3gico San Martin (\u00e1rea sin exhibici\u00f3n) de Tungurahua.<\/p>\n<p style=\"text-align: justify;\">Adem\u00e1s, se gestion\u00f3 la log\u00edstica para que el Sr. Armando Castellanos, especialista y presidente de la Fundaci\u00f3n Oso Andino, realice una visita t\u00e9cnica al lugar de custodia del oso y observe su estado. El MAE recibe informes semanales del estado del ejemplar por parte del Responsable de Vida Silvestre de la Direcci\u00f3n provincial del Ambiente Tungurahua.<\/p>\n<p style=\"text-align: justify;\">Para estos dos ositos este Ministerio gestion\u00f3 la colaboraci\u00f3n del Blgo. Andres Laguna miembro de la Fundaci\u00f3n Oso andino, especialista en monitoreo de osos andinos en el Norte del pa\u00eds, para realizar las actividades de rehabilitaci\u00f3n, monitoreo y evaluaci\u00f3n etol\u00f3gica. Hasta la fecha, recibe informes de las evaluaciones etol\u00f3gicas que realiza Laguna, las cuales concluyen que las condiciones sanitarias y de manejo son adecuadas.<\/p>\n<p style=\"text-align: justify;\">El 22 de agosto, en Sigchos, provincia de Cotopaxi, funcionarios del MAE rescataron a un peque\u00f1o oso andino de 3 meses aproximadamente. Lo trasladaron hacia la cl\u00ednica veterinaria Planeta Vida, donde a\u00fan permanece y ha sido sometido a una cirug\u00eda leve y se encuentra en proceso de recuperaci\u00f3n satisfactorio. El MAE se encuentra en espera del alta m\u00e9dica para disponer su custodia a un centro autorizado priorizado su liberaci\u00f3n, y cancelar\u00e1 los servicios de la cl\u00ednica.<\/p>\n<p style=\"text-align: justify;\">A los cuatro oseznos, incluido el rescatado hoy, se les ha colocado microchips.<\/p>\n<p>&nbsp;<\/p>\n<p>&nbsp;<\/p>\n<p>&nbsp;<\/p>\n<p>&nbsp;<\/p>\n<p>&nbsp;<\/p>\n<p>&nbsp;<\/p>\n<p>&nbsp;<\/p>\n<div id='gallery-1' class='gallery galleryid-14906 gallery-columns-4 gallery-size-thumbnail'><dl class='gallery-item'>\n\t\t\t<dt class='gallery-icon landscape'>\n\t\t\t\t<a href='https:\/\/www.ambienteyenergia.gob.ec\/ambiente\/mae-rescato-osezno-en-patate-tungurahua\/o1-2\/'><img loading=\"lazy\" decoding=\"async\" width=\"150\" height=\"150\" src=\"https:\/\/www.ambienteyenergia.gob.ec\/ambiente\/wp-content\/uploads\/sites\/2\/2013\/09\/o1-150x150.jpg\" class=\"attachment-thumbnail size-thumbnail\" alt=\"\" \/><\/a>\n\t\t\t<\/dt><\/dl><dl class='gallery-item'>\n\t\t\t<dt class='gallery-icon landscape'>\n\t\t\t\t<a href='https:\/\/www.ambienteyenergia.gob.ec\/ambiente\/mae-rescato-osezno-en-patate-tungurahua\/02-6\/'><img loading=\"lazy\" decoding=\"async\" width=\"150\" height=\"150\" src=\"https:\/\/www.ambienteyenergia.gob.ec\/ambiente\/wp-content\/uploads\/sites\/2\/2013\/09\/02-150x150.jpg\" class=\"attachment-thumbnail size-thumbnail\" alt=\"\" \/><\/a>\n\t\t\t<\/dt><\/dl><dl class='gallery-item'>\n\t\t\t<dt class='gallery-icon landscape'>\n\t\t\t\t<a href='https:\/\/www.ambienteyenergia.gob.ec\/ambiente\/mae-rescato-osezno-en-patate-tungurahua\/o3\/'><img loading=\"lazy\" decoding=\"async\" width=\"150\" height=\"150\" src=\"https:\/\/www.ambienteyenergia.gob.ec\/ambiente\/wp-content\/uploads\/sites\/2\/2013\/09\/o3-150x150.jpg\" class=\"attachment-thumbnail size-thumbnail\" alt=\"\" \/><\/a>\n\t\t\t<\/dt><\/dl>\n\t\t\t<br style='clear: both' \/>\n\t\t<\/div>\n\n<p>&nbsp;<\/p>\n<p>&nbsp;<\/p>\n","protected":false},"excerpt":{"rendered":"<p class=\"excerpt\">El pasado 3 de septiembre, un cachorro hembra de Oso andino (Tremarctos ornatus), de aproximadamente 8 meses de edad, fue rescatado en el caser\u00edo Cruz Loma (parroquia el Triunfo, cant\u00f3n Patate) y fue trasladado al centro de manejo de Fauna Silvestre Ecozool\u00f3gico San Mart\u00edn, donde recibi\u00f3 atenci\u00f3n veterinaria y se le suministro alimentaci\u00f3n basada en frutas y agua. Luego de&hellip; <a href=\"https:\/\/www.ambienteyenergia.gob.ec\/ambiente\/mae-rescato-osezno-en-patate-tungurahua\/\">Read more &rarr;<\/a><\/p>\n","protected":false},"author":13,"featured_media":14907,"comment_status":"open","ping_status":"open","sticky":false,"template":"","format":"standard","meta":{"footnotes":""},"categories":[16,4],"tags":[],"class_list":["post-14906","post","type-post","status-publish","format-standard","has-post-thumbnail","hentry","category-comunicamos","category-noticias","xfolkentry"],"_links":{"self":[{"href":"https:\/\/www.ambienteyenergia.gob.ec\/ambiente\/wp-json\/wp\/v2\/posts\/14906","targetHints":{"allow":["GET"]}}],"collection":[{"href":"https:\/\/www.ambienteyenergia.gob.ec\/ambiente\/wp-json\/wp\/v2\/posts"}],"about":[{"href":"https:\/\/www.ambienteyenergia.gob.ec\/ambiente\/wp-json\/wp\/v2\/types\/post"}],"author":[{"embeddable":true,"href":"https:\/\/www.ambienteyenergia.gob.ec\/ambiente\/wp-json\/wp\/v2\/users\/13"}],"replies":[{"embeddable":true,"href":"https:\/\/www.ambienteyenergia.gob.ec\/ambiente\/wp-json\/wp\/v2\/comments?post=14906"}],"version-history":[{"count":0,"href":"https:\/\/www.ambienteyenergia.gob.ec\/ambiente\/wp-json\/wp\/v2\/posts\/14906\/revisions"}],"wp:featuredmedia":[{"embeddable":true,"href":"https:\/\/www.ambienteyenergia.gob.ec\/ambiente\/wp-json\/wp\/v2\/media\/14907"}],"wp:attachment":[{"href":"https:\/\/www.ambienteyenergia.gob.ec\/ambiente\/wp-json\/wp\/v2\/media?parent=14906"}],"wp:term":[{"taxonomy":"category","embeddable":true,"href":"https:\/\/www.ambienteyenergia.gob.ec\/ambiente\/wp-json\/wp\/v2\/categories?post=14906"},{"taxonomy":"post_tag","embeddable":true,"href":"https:\/\/www.ambienteyenergia.gob.ec\/ambiente\/wp-json\/wp\/v2\/tags?post=14906"}],"curies":[{"name":"wp","href":"https:\/\/api.w.org\/{rel}","templated":true}]}}