{"id":14892,"date":"2013-09-05T09:04:05","date_gmt":"2013-09-05T14:04:05","guid":{"rendered":"http:\/\/www.ambiente.gob.ec\/?p=14892"},"modified":"2013-09-05T09:04:56","modified_gmt":"2013-09-05T14:04:56","slug":"mae-cuerpo-de-bomberos-y-comuneros-extinguieron-un-incendio-en-la-reserva-de-fauna-chimborazo","status":"publish","type":"post","link":"https:\/\/www.ambienteyenergia.gob.ec\/ambiente\/mae-cuerpo-de-bomberos-y-comuneros-extinguieron-un-incendio-en-la-reserva-de-fauna-chimborazo\/","title":{"rendered":"Cuerpo de Bomberos y comuneros extinguieron un incendio en la Reserva de Fauna Chimborazo"},"content":{"rendered":"<p style=\"text-align: justify;\">Un incendio en los p\u00e1ramos de Zanja Pamba y Punibata de la comunidad la esperanza, zona de amortiguamiento de la Reserva de Producci\u00f3n de Fauna Chimborazo, \u00a0fue controlado ayer a las 22:50, gracias a las r\u00e1pidas acciones de funcionarios del Ministerio del Ambiente (MAE), el apoyo de el Cuerpo de Bomberos y de comuneros.<\/p>\n<p style=\"text-align: justify;\">El flagelo que consumi\u00f3 50 hect\u00e1reas de pajonal en alrededor de cinco horas, fue localizado por guardaparques de esa \u00c1rea Protegida, mientras realizaban recorridos de control rutinarios. De manera inmediata, personal de esta Cartera de Estado se moviliz\u00f3 al sector ubicado entre las provincias de Tungurahua y Chimborazo, activ\u00f3 el Plan de Contingencia. y se comunic\u00f3 al Cuerpo de\u00a0 Bomberos y Secretaria Nacional de Gesti\u00f3n de Riesgos de Tungurahua. Adem\u00e1s, funcionarios de la Direcci\u00f3n Provincial de Bol\u00edvar, llegaron hasta el lugar para apoyar en las acciones de control.<\/p>\n<p style=\"text-align: justify;\">La vegetaci\u00f3n afectada por el fuego es el pajonal (<em>Stipa ichu<\/em>) \/ (<em>Calamagrostis festuca<\/em>) almoadilla (<em>Plantago rigida<\/em>) y romerillo (<em>Hyperucum juniperium<\/em>). Se evidenci\u00f3 conejos silvestres calcinados.<\/p>\n<p style=\"text-align: justify;\">El MAE, como principal organismo rector ambiental del pa\u00eds, se mantendr\u00e1 vigilante para evitar la reactivaci\u00f3n de los flagelos o el inicio de nuevos incendios.<\/p>\n<div id='gallery-1' class='gallery galleryid-14892 gallery-columns-4 gallery-size-thumbnail'><dl class='gallery-item'>\n\t\t\t<dt class='gallery-icon landscape'>\n\t\t\t\t<a href='https:\/\/www.ambienteyenergia.gob.ec\/ambiente\/mae-cuerpo-de-bomberos-y-comuneros-extinguieron-un-incendio-en-la-reserva-de-fauna-chimborazo\/foto-1-6\/'><img loading=\"lazy\" decoding=\"async\" width=\"150\" height=\"150\" src=\"https:\/\/www.ambienteyenergia.gob.ec\/ambiente\/wp-content\/uploads\/sites\/2\/2013\/09\/Foto-1-150x150.jpg\" class=\"attachment-thumbnail size-thumbnail\" alt=\"\" \/><\/a>\n\t\t\t<\/dt><\/dl><dl class='gallery-item'>\n\t\t\t<dt class='gallery-icon landscape'>\n\t\t\t\t<a href='https:\/\/www.ambienteyenergia.gob.ec\/ambiente\/mae-cuerpo-de-bomberos-y-comuneros-extinguieron-un-incendio-en-la-reserva-de-fauna-chimborazo\/foto-3-6\/'><img loading=\"lazy\" decoding=\"async\" width=\"150\" height=\"150\" src=\"https:\/\/www.ambienteyenergia.gob.ec\/ambiente\/wp-content\/uploads\/sites\/2\/2013\/09\/Foto-3-150x150.jpg\" class=\"attachment-thumbnail size-thumbnail\" alt=\"\" \/><\/a>\n\t\t\t<\/dt><\/dl><dl class='gallery-item'>\n\t\t\t<dt class='gallery-icon landscape'>\n\t\t\t\t<a href='https:\/\/www.ambienteyenergia.gob.ec\/ambiente\/mae-cuerpo-de-bomberos-y-comuneros-extinguieron-un-incendio-en-la-reserva-de-fauna-chimborazo\/foto-5-3\/'><img loading=\"lazy\" decoding=\"async\" width=\"150\" height=\"150\" src=\"https:\/\/www.ambienteyenergia.gob.ec\/ambiente\/wp-content\/uploads\/sites\/2\/2013\/09\/foto-5-150x150.jpg\" class=\"attachment-thumbnail size-thumbnail\" alt=\"\" \/><\/a>\n\t\t\t<\/dt><\/dl>\n\t\t\t<br style='clear: both' \/>\n\t\t<\/div>\n\n","protected":false},"excerpt":{"rendered":"<p class=\"excerpt\">Un incendio en los p\u00e1ramos de Zanja Pamba y Punibata de la comunidad la esperanza, zona de amortiguamiento de la Reserva de Producci\u00f3n de Fauna Chimborazo, \u00a0fue controlado ayer a las 22:50, gracias a las r\u00e1pidas acciones de funcionarios del Ministerio del Ambiente (MAE), el apoyo de el Cuerpo de Bomberos y de comuneros. El flagelo que consumi\u00f3 50 hect\u00e1reas&hellip; <a href=\"https:\/\/www.ambienteyenergia.gob.ec\/ambiente\/mae-cuerpo-de-bomberos-y-comuneros-extinguieron-un-incendio-en-la-reserva-de-fauna-chimborazo\/\">Read more &rarr;<\/a><\/p>\n","protected":false},"author":13,"featured_media":14893,"comment_status":"open","ping_status":"open","sticky":false,"template":"","format":"standard","meta":{"footnotes":""},"categories":[16,4],"tags":[],"class_list":["post-14892","post","type-post","status-publish","format-standard","has-post-thumbnail","hentry","category-comunicamos","category-noticias","xfolkentry"],"_links":{"self":[{"href":"https:\/\/www.ambienteyenergia.gob.ec\/ambiente\/wp-json\/wp\/v2\/posts\/14892","targetHints":{"allow":["GET"]}}],"collection":[{"href":"https:\/\/www.ambienteyenergia.gob.ec\/ambiente\/wp-json\/wp\/v2\/posts"}],"about":[{"href":"https:\/\/www.ambienteyenergia.gob.ec\/ambiente\/wp-json\/wp\/v2\/types\/post"}],"author":[{"embeddable":true,"href":"https:\/\/www.ambienteyenergia.gob.ec\/ambiente\/wp-json\/wp\/v2\/users\/13"}],"replies":[{"embeddable":true,"href":"https:\/\/www.ambienteyenergia.gob.ec\/ambiente\/wp-json\/wp\/v2\/comments?post=14892"}],"version-history":[{"count":0,"href":"https:\/\/www.ambienteyenergia.gob.ec\/ambiente\/wp-json\/wp\/v2\/posts\/14892\/revisions"}],"wp:featuredmedia":[{"embeddable":true,"href":"https:\/\/www.ambienteyenergia.gob.ec\/ambiente\/wp-json\/wp\/v2\/media\/14893"}],"wp:attachment":[{"href":"https:\/\/www.ambienteyenergia.gob.ec\/ambiente\/wp-json\/wp\/v2\/media?parent=14892"}],"wp:term":[{"taxonomy":"category","embeddable":true,"href":"https:\/\/www.ambienteyenergia.gob.ec\/ambiente\/wp-json\/wp\/v2\/categories?post=14892"},{"taxonomy":"post_tag","embeddable":true,"href":"https:\/\/www.ambienteyenergia.gob.ec\/ambiente\/wp-json\/wp\/v2\/tags?post=14892"}],"curies":[{"name":"wp","href":"https:\/\/api.w.org\/{rel}","templated":true}]}}