{"id":14876,"date":"2013-09-04T20:29:09","date_gmt":"2013-09-05T01:29:09","guid":{"rendered":"http:\/\/www.ambiente.gob.ec\/?p=14876"},"modified":"2013-09-04T20:29:09","modified_gmt":"2013-09-05T01:29:09","slug":"incendio-forestal-en-colta-chimborazo-no-ha-podido-ser-controlado-debido-a-malas-condiciones-climaticas-y-geograficas","status":"publish","type":"post","link":"https:\/\/www.ambienteyenergia.gob.ec\/ambiente\/incendio-forestal-en-colta-chimborazo-no-ha-podido-ser-controlado-debido-a-malas-condiciones-climaticas-y-geograficas\/","title":{"rendered":"Incendio forestal  en Colta (Chimborazo) no ha podido ser controlado  debido a malas condiciones clim\u00e1ticas y geogr\u00e1ficas."},"content":{"rendered":"<p style=\"text-align: justify;\">Un incendio en plantaciones de pino (Pinus Radiata) y pajonales ubicados en las comunidades de Pinipala, Lirio, Nabag y Tepeyag Bajo, de la Parroquia Juan de Velazco, cant\u00f3n Colta, no ha podido ser controlado, hasta horas de la noche, debido a que los sembr\u00edos se encuentra en pendientes mayores a 40%, adem\u00e1s de la presencia de vientos fuertes, heliofania alta (sol fuerte), y la falta de precipitaciones.<\/p>\n<p style=\"text-align: justify;\">Hasta el momento, el flagelo que inici\u00f3 a las 11:30, tiene siete focos activos y han consumido 57 hect\u00e1reas, aproximadamente. El 40% de este incendio corresponde a plantaciones forestales y el 60% a pajonal alto.<\/p>\n<p style=\"text-align: justify;\">Funcionarios del Ministerio del Ambiente MAE coordinaron las acciones de control con el Cuerpo de Bomberos del Cant\u00f3n Colta y las Fuerzas Armadas. Sin embargo, estas se han suspendidos de manera moment\u00e1nea, debido al peligro que representa para el personal trabajar en la noche y en pendientes muy pronunciadas.<\/p>\n<p style=\"text-align: justify;\">Estas labores se retomar\u00e1n ma\u00f1ana a partir de las 4:00, junto con las dem\u00e1s Instituciones.<\/p>\n<p>&nbsp;<\/p>\n<p style=\"text-align: justify;\">\n<p>&nbsp;<\/p>\n","protected":false},"excerpt":{"rendered":"<p class=\"excerpt\">Un incendio en plantaciones de pino (Pinus Radiata) y pajonales ubicados en las comunidades de Pinipala, Lirio, Nabag y Tepeyag Bajo, de la Parroquia Juan de Velazco, cant\u00f3n Colta, no ha podido ser controlado, hasta horas de la noche, debido a que los sembr\u00edos se encuentra en pendientes mayores a 40%, adem\u00e1s de la presencia de vientos fuertes, heliofania alta&hellip; <a href=\"https:\/\/www.ambienteyenergia.gob.ec\/ambiente\/incendio-forestal-en-colta-chimborazo-no-ha-podido-ser-controlado-debido-a-malas-condiciones-climaticas-y-geograficas\/\">Read more &rarr;<\/a><\/p>\n","protected":false},"author":13,"featured_media":14877,"comment_status":"open","ping_status":"open","sticky":false,"template":"","format":"standard","meta":{"footnotes":""},"categories":[16,4],"tags":[],"class_list":["post-14876","post","type-post","status-publish","format-standard","has-post-thumbnail","hentry","category-comunicamos","category-noticias","xfolkentry"],"_links":{"self":[{"href":"https:\/\/www.ambienteyenergia.gob.ec\/ambiente\/wp-json\/wp\/v2\/posts\/14876","targetHints":{"allow":["GET"]}}],"collection":[{"href":"https:\/\/www.ambienteyenergia.gob.ec\/ambiente\/wp-json\/wp\/v2\/posts"}],"about":[{"href":"https:\/\/www.ambienteyenergia.gob.ec\/ambiente\/wp-json\/wp\/v2\/types\/post"}],"author":[{"embeddable":true,"href":"https:\/\/www.ambienteyenergia.gob.ec\/ambiente\/wp-json\/wp\/v2\/users\/13"}],"replies":[{"embeddable":true,"href":"https:\/\/www.ambienteyenergia.gob.ec\/ambiente\/wp-json\/wp\/v2\/comments?post=14876"}],"version-history":[{"count":0,"href":"https:\/\/www.ambienteyenergia.gob.ec\/ambiente\/wp-json\/wp\/v2\/posts\/14876\/revisions"}],"wp:featuredmedia":[{"embeddable":true,"href":"https:\/\/www.ambienteyenergia.gob.ec\/ambiente\/wp-json\/wp\/v2\/media\/14877"}],"wp:attachment":[{"href":"https:\/\/www.ambienteyenergia.gob.ec\/ambiente\/wp-json\/wp\/v2\/media?parent=14876"}],"wp:term":[{"taxonomy":"category","embeddable":true,"href":"https:\/\/www.ambienteyenergia.gob.ec\/ambiente\/wp-json\/wp\/v2\/categories?post=14876"},{"taxonomy":"post_tag","embeddable":true,"href":"https:\/\/www.ambienteyenergia.gob.ec\/ambiente\/wp-json\/wp\/v2\/tags?post=14876"}],"curies":[{"name":"wp","href":"https:\/\/api.w.org\/{rel}","templated":true}]}}