{"id":14872,"date":"2013-09-04T17:50:15","date_gmt":"2013-09-04T22:50:15","guid":{"rendered":"http:\/\/www.ambiente.gob.ec\/?p=14872"},"modified":"2013-09-04T17:58:51","modified_gmt":"2013-09-04T22:58:51","slug":"mae-lidero-reunion-de-trabajo-para-revision-de-propuesta-de-ley-de-bioseguridad","status":"publish","type":"post","link":"https:\/\/www.ambienteyenergia.gob.ec\/ambiente\/mae-lidero-reunion-de-trabajo-para-revision-de-propuesta-de-ley-de-bioseguridad\/","title":{"rendered":"MAE lider\u00f3 reuni\u00f3n de trabajo para revisi\u00f3n de propuesta de Ley de Bioseguridad"},"content":{"rendered":"<p style=\"text-align: justify;\">El Ministerio del Ambiente (MAE), a trav\u00e9s de su Proyecto Implementaci\u00f3n del Marco Nacional de Bioseguridad, lider\u00f3 el primer taller de trabajo para la consolidaci\u00f3n de la propuesta de Ley de Bioseguridad. Ello, con el finalidad de avanzar en el cumplimiento del compromiso presidencial 19357, documento que permitir\u00e1 regular y controlar en forma adecuada las actividades relacionadas con los Organismos Gen\u00e9ticamente Modificados (OGM) en el Ecuador.<\/p>\n<p style=\"text-align: justify;\">En esta reuni\u00f3n de trabajo, participaron representantes del Ministerio Coordinador de Sectores Estrat\u00e9gicos (MICSE), Ministerio del Ambiente (MAE), Ministerio Coordinador de Desarrollo Social (MCDS), Secretar\u00eda Nacional de Gesti\u00f3n de la Pol\u00edtica (SNGP), Secretar\u00eda Nacional de Planificaci\u00f3n y Desarrollo (SENPLADES), Ministerio de Comercio Exterior (MCE) y Ministerio de Salud (MSP), as\u00ed como delegados de la Consultora Legal y de la Cooperaci\u00f3n Alemana GIZ, a trav\u00e9s del Programa para la Gesti\u00f3n Sostenible de los Recursos Naturales (GESOREN).<\/p>\n<p style=\"text-align: justify;\">La actividad permiti\u00f3 recoger las opiniones y aportes de los diferentes participantes. De esta manera, se pretende enriquecer la propuesta de Ley, con una visi\u00f3n de participaci\u00f3n interinstitucional. Con los resultados obtenidos ser\u00e1 posible preparar una nueva versi\u00f3n de esta normativa, misma que deber\u00e1 ser consensuada, en pro de construir la propuesta final.<\/p>\n<p style=\"text-align: justify;\">Esta Cartera de Estado, en su rol de entidad nacional competente para realizar la regulaci\u00f3n con respecto de los OGM, seg\u00fan las facultades otorgadas por la Ley de Gesti\u00f3n Ambiental, ejecuta diversas actividades para lograr la implementaci\u00f3n del Sistema Nacional de Bioseguridad en el Ecuador, a partir de la consideraci\u00f3n de los aspectos normativos, institucionales, la creaci\u00f3n de capacidades, incremento del conocimiento y la participaci\u00f3n de la sociedad civil con base en consensos entre las entidades competentes.<\/p>\n<p>&nbsp;<\/p>\n","protected":false},"excerpt":{"rendered":"<p class=\"excerpt\">El Ministerio del Ambiente (MAE), a trav\u00e9s de su Proyecto Implementaci\u00f3n del Marco Nacional de Bioseguridad, lider\u00f3 el primer taller de trabajo para la consolidaci\u00f3n de la propuesta de Ley de Bioseguridad. Ello, con el finalidad de avanzar en el cumplimiento del compromiso presidencial 19357, documento que permitir\u00e1 regular y controlar en forma adecuada las actividades relacionadas con los Organismos&hellip; <a href=\"https:\/\/www.ambienteyenergia.gob.ec\/ambiente\/mae-lidero-reunion-de-trabajo-para-revision-de-propuesta-de-ley-de-bioseguridad\/\">Read more &rarr;<\/a><\/p>\n","protected":false},"author":13,"featured_media":14873,"comment_status":"open","ping_status":"open","sticky":false,"template":"","format":"standard","meta":{"footnotes":""},"categories":[16,4],"tags":[],"class_list":["post-14872","post","type-post","status-publish","format-standard","has-post-thumbnail","hentry","category-comunicamos","category-noticias","xfolkentry"],"_links":{"self":[{"href":"https:\/\/www.ambienteyenergia.gob.ec\/ambiente\/wp-json\/wp\/v2\/posts\/14872","targetHints":{"allow":["GET"]}}],"collection":[{"href":"https:\/\/www.ambienteyenergia.gob.ec\/ambiente\/wp-json\/wp\/v2\/posts"}],"about":[{"href":"https:\/\/www.ambienteyenergia.gob.ec\/ambiente\/wp-json\/wp\/v2\/types\/post"}],"author":[{"embeddable":true,"href":"https:\/\/www.ambienteyenergia.gob.ec\/ambiente\/wp-json\/wp\/v2\/users\/13"}],"replies":[{"embeddable":true,"href":"https:\/\/www.ambienteyenergia.gob.ec\/ambiente\/wp-json\/wp\/v2\/comments?post=14872"}],"version-history":[{"count":0,"href":"https:\/\/www.ambienteyenergia.gob.ec\/ambiente\/wp-json\/wp\/v2\/posts\/14872\/revisions"}],"wp:featuredmedia":[{"embeddable":true,"href":"https:\/\/www.ambienteyenergia.gob.ec\/ambiente\/wp-json\/wp\/v2\/media\/14873"}],"wp:attachment":[{"href":"https:\/\/www.ambienteyenergia.gob.ec\/ambiente\/wp-json\/wp\/v2\/media?parent=14872"}],"wp:term":[{"taxonomy":"category","embeddable":true,"href":"https:\/\/www.ambienteyenergia.gob.ec\/ambiente\/wp-json\/wp\/v2\/categories?post=14872"},{"taxonomy":"post_tag","embeddable":true,"href":"https:\/\/www.ambienteyenergia.gob.ec\/ambiente\/wp-json\/wp\/v2\/tags?post=14872"}],"curies":[{"name":"wp","href":"https:\/\/api.w.org\/{rel}","templated":true}]}}