{"id":14841,"date":"2013-09-04T14:00:58","date_gmt":"2013-09-04T19:00:58","guid":{"rendered":"http:\/\/www.ambiente.gob.ec\/?p=14841"},"modified":"2013-09-04T14:52:43","modified_gmt":"2013-09-04T19:52:43","slug":"la-regularizacion-ambiental-a-establecimientos-turisticos-en-esmeraldas-busca-precautelar-el-bienestar-de-la-ciudadania-y-del-ambiente","status":"publish","type":"post","link":"https:\/\/www.ambienteyenergia.gob.ec\/ambiente\/la-regularizacion-ambiental-a-establecimientos-turisticos-en-esmeraldas-busca-precautelar-el-bienestar-de-la-ciudadania-y-del-ambiente\/","title":{"rendered":"La regularizaci\u00f3n ambiental a establecimientos tur\u00edsticos en Esmeraldas busca precautelar el bienestar de la ciudadan\u00eda y del ambiente"},"content":{"rendered":"<p style=\"text-align: justify;\">Si bien el proceso de regularizaci\u00f3n ambiental de los establecimiento tur\u00edsticos en la provincia de Esmeraldas es un tema sensible, es tambi\u00e9n un proceso necesario, que permitir\u00e1 precautelar el bienestar de la ciudadan\u00eda y del ambiente.<\/p>\n<p style=\"text-align: justify;\">Los ciudadanos est\u00e1n conscientes de que para resolver los conflictos de la informalidad y clandestinidad en cualquier tipo de actividad es fundamental regularizarse y alinearse a lo que exige la normativa ambiental vigente.<\/p>\n<p style=\"text-align: justify;\">Este es el caso de Paola Guzm\u00e1n, presidenta de la Asociaci\u00f3n Hotelera de la provincia de Esmeraldas, quien mencion\u00f3 que este proceso -que inici\u00f3 hace un a\u00f1o- trajo consigo m\u00faltiples quejas y rechazos por parte del sector hotelero y tur\u00edstico, pero que finalmente es la \u00fanica forma de organizar mejor la provincia, que ha estado acostumbrada al desorden.<\/p>\n<p style=\"text-align: justify;\">\u00a0\u201cLa funci\u00f3n del MAE, a trav\u00e9s de la Direcci\u00f3n Provincial de Esmeraldas, ha cumplido un papel importante dentro de este proceso de regularizaci\u00f3n porque ha tocado puertas cuando deber\u00eda ser al rev\u00e9s, deber\u00edamos ser nosotros los que vayamos al MAE a preguntar qu\u00e9 es lo que hay que hacer y c\u00f3mo hacerlo\u201d, asegur\u00f3 Guzm\u00e1n.<\/p>\n<p style=\"text-align: justify;\">Asimismo, mencion\u00f3 que el MAE ha tenido varios acercamientos con los gremios de la provincia, con el fin de informar y solventar sus dudas. \u201cEso es algo que me consta porque yo he participado en ello, pero lastimosamente la gente tiene que esperar una notificaci\u00f3n o una sanci\u00f3n para reaccionar y eso es lo que ha causado molestia en la poblaci\u00f3n\u201d, afirm\u00f3 Guzm\u00e1n.<\/p>\n<p style=\"text-align: justify;\">El MAE ha brindado toda la apertura del caso para instruir, para acompa\u00f1ar el proceso. A pesar de que se imparti\u00f3 charlas, talleres y capacitaciones, muy poca gente acudi\u00f3. Pero los pocos que asistieron est\u00e1n avanzando en el proceso sin ning\u00fan inconveniente.<\/p>\n<p style=\"text-align: justify;\">Elkin Mej\u00eda Toro, propietario de dos hoteles en proceso de regularizaci\u00f3n, asever\u00f3 que la regularizaci\u00f3n ambiental tiene muchas ventajas, entre ellas, conservar el medio ambiente, tratando de causar el menor impacto posible en el desarrollo de nuestras actividades. \u201cA nivel personal me siento satisfecho de colaborar en la no contaminaci\u00f3n del planeta y tambi\u00e9n de brindar a los turistas seguridad en su estad\u00eda y con todas las condiciones necesarias\u201d, coment\u00f3.<\/p>\n<p style=\"text-align: justify;\"><strong>Inf\u00f3rmese en las Mesas de Ayuda<\/strong><\/p>\n<p style=\"text-align: justify;\">Iris P\u00e9rez, t\u00e9cnica de la unidad de Calidad Ambiental del MAE de Esmeraldas, es la encargada de la mesa de ayuda, en la que se brinda asesor\u00eda y se informa a la ciudadan\u00eda sobre los requisitos y documentos que se necesitan para solicitar permisos, licencias, o fichas ambientales.<\/p>\n<p style=\"text-align: justify;\">\u201cAproximadamente unas 20 personas al d\u00eda se acercan a la mesa de trabajo para ser orientadas en este tema, esta medida se tom\u00f3 por la gran acogida de las personas y la recepci\u00f3n que han tenido frente a este proceso\u201d, explic\u00f3 P\u00e9rez.<\/p>\n<p style=\"text-align: justify;\">Mar\u00eda del Carmen Ortiz, administradora de uno de los hoteles notificados, acudi\u00f3 a la Direcci\u00f3n Provincial de Esmeraldas para presentar sus inquietudes y solicitar asesor\u00eda en los pasos a seguir para iniciar el proceso de regularizaci\u00f3n ambiental.\u00a0 \u201cMe atendieron muy bien y me explicaron que es necesario que la propietaria se acerque y presente la documentaci\u00f3n para empezar a gestionar el licenciamiento\u201d, dijo.<\/p>\n<div id='gallery-1' class='gallery galleryid-14841 gallery-columns-4 gallery-size-thumbnail'><dl class='gallery-item'>\n\t\t\t<dt class='gallery-icon landscape'>\n\t\t\t\t<a href='https:\/\/www.ambienteyenergia.gob.ec\/ambiente\/la-regularizacion-ambiental-a-establecimientos-turisticos-en-esmeraldas-busca-precautelar-el-bienestar-de-la-ciudadania-y-del-ambiente\/_dsc7171\/'><img loading=\"lazy\" decoding=\"async\" width=\"150\" height=\"150\" src=\"https:\/\/www.ambienteyenergia.gob.ec\/ambiente\/wp-content\/uploads\/sites\/2\/2013\/09\/DSC7171-150x150.jpg\" class=\"attachment-thumbnail size-thumbnail\" alt=\"\" \/><\/a>\n\t\t\t<\/dt><\/dl><dl class='gallery-item'>\n\t\t\t<dt class='gallery-icon landscape'>\n\t\t\t\t<a href='https:\/\/www.ambienteyenergia.gob.ec\/ambiente\/la-regularizacion-ambiental-a-establecimientos-turisticos-en-esmeraldas-busca-precautelar-el-bienestar-de-la-ciudadania-y-del-ambiente\/_dsc7185\/'><img loading=\"lazy\" decoding=\"async\" width=\"150\" height=\"150\" src=\"https:\/\/www.ambienteyenergia.gob.ec\/ambiente\/wp-content\/uploads\/sites\/2\/2013\/09\/DSC7185-150x150.jpg\" class=\"attachment-thumbnail size-thumbnail\" alt=\"\" \/><\/a>\n\t\t\t<\/dt><\/dl><dl class='gallery-item'>\n\t\t\t<dt class='gallery-icon landscape'>\n\t\t\t\t<a href='https:\/\/www.ambienteyenergia.gob.ec\/ambiente\/la-regularizacion-ambiental-a-establecimientos-turisticos-en-esmeraldas-busca-precautelar-el-bienestar-de-la-ciudadania-y-del-ambiente\/_dsc7203\/'><img loading=\"lazy\" decoding=\"async\" width=\"150\" height=\"150\" src=\"https:\/\/www.ambienteyenergia.gob.ec\/ambiente\/wp-content\/uploads\/sites\/2\/2013\/09\/DSC7203-150x150.jpg\" class=\"attachment-thumbnail size-thumbnail\" alt=\"\" \/><\/a>\n\t\t\t<\/dt><\/dl>\n\t\t\t<br style='clear: both' \/>\n\t\t<\/div>\n\n","protected":false},"excerpt":{"rendered":"<p class=\"excerpt\">Si bien el proceso de regularizaci\u00f3n ambiental de los establecimiento tur\u00edsticos en la provincia de Esmeraldas es un tema sensible, es tambi\u00e9n un proceso necesario, que permitir\u00e1 precautelar el bienestar de la ciudadan\u00eda y del ambiente. Los ciudadanos est\u00e1n conscientes de que para resolver los conflictos de la informalidad y clandestinidad en cualquier tipo de actividad es fundamental regularizarse y&hellip; <a href=\"https:\/\/www.ambienteyenergia.gob.ec\/ambiente\/la-regularizacion-ambiental-a-establecimientos-turisticos-en-esmeraldas-busca-precautelar-el-bienestar-de-la-ciudadania-y-del-ambiente\/\">Read more &rarr;<\/a><\/p>\n","protected":false},"author":13,"featured_media":14843,"comment_status":"open","ping_status":"open","sticky":false,"template":"","format":"standard","meta":{"footnotes":""},"categories":[16,4],"tags":[],"class_list":["post-14841","post","type-post","status-publish","format-standard","has-post-thumbnail","hentry","category-comunicamos","category-noticias","xfolkentry"],"_links":{"self":[{"href":"https:\/\/www.ambienteyenergia.gob.ec\/ambiente\/wp-json\/wp\/v2\/posts\/14841","targetHints":{"allow":["GET"]}}],"collection":[{"href":"https:\/\/www.ambienteyenergia.gob.ec\/ambiente\/wp-json\/wp\/v2\/posts"}],"about":[{"href":"https:\/\/www.ambienteyenergia.gob.ec\/ambiente\/wp-json\/wp\/v2\/types\/post"}],"author":[{"embeddable":true,"href":"https:\/\/www.ambienteyenergia.gob.ec\/ambiente\/wp-json\/wp\/v2\/users\/13"}],"replies":[{"embeddable":true,"href":"https:\/\/www.ambienteyenergia.gob.ec\/ambiente\/wp-json\/wp\/v2\/comments?post=14841"}],"version-history":[{"count":0,"href":"https:\/\/www.ambienteyenergia.gob.ec\/ambiente\/wp-json\/wp\/v2\/posts\/14841\/revisions"}],"wp:featuredmedia":[{"embeddable":true,"href":"https:\/\/www.ambienteyenergia.gob.ec\/ambiente\/wp-json\/wp\/v2\/media\/14843"}],"wp:attachment":[{"href":"https:\/\/www.ambienteyenergia.gob.ec\/ambiente\/wp-json\/wp\/v2\/media?parent=14841"}],"wp:term":[{"taxonomy":"category","embeddable":true,"href":"https:\/\/www.ambienteyenergia.gob.ec\/ambiente\/wp-json\/wp\/v2\/categories?post=14841"},{"taxonomy":"post_tag","embeddable":true,"href":"https:\/\/www.ambienteyenergia.gob.ec\/ambiente\/wp-json\/wp\/v2\/tags?post=14841"}],"curies":[{"name":"wp","href":"https:\/\/api.w.org\/{rel}","templated":true}]}}