{"id":14838,"date":"2013-09-04T12:00:33","date_gmt":"2013-09-04T17:00:33","guid":{"rendered":"http:\/\/www.ambiente.gob.ec\/?p=14838"},"modified":"2013-09-04T12:00:33","modified_gmt":"2013-09-04T17:00:33","slug":"mae-capacito-a-75-usuarios-forestales-de-cotopaxi","status":"publish","type":"post","link":"https:\/\/www.ambienteyenergia.gob.ec\/ambiente\/mae-capacito-a-75-usuarios-forestales-de-cotopaxi\/","title":{"rendered":"MAE capacit\u00f3 a 75 usuarios forestales de Cotopaxi"},"content":{"rendered":"<p style=\"text-align: justify;\">Regentes forestales, transportistas de madera, ejecutores y delegados de programas forestales, comerciantes de madera, due\u00f1os de viveros, aserraderos, y predios, entre otros, fueron capacitados en conocimientos forestales para lograr la estandarizaci\u00f3n, actualizaci\u00f3n y sistematizaci\u00f3n del Sistema de Administraci\u00f3n Forestal (SAF), con la finalidad de fomentar un adecuado aprovechamiento de la flora.<\/p>\n<p style=\"text-align: justify;\">En este taller, realizado el pasado 3 de septiembre por el Ministerio del Ambiente (MAE),\u00a0 a trav\u00e9s de la Direcci\u00f3n de Cotopaxi en coordinaci\u00f3n con la Direcci\u00f3n Nacional Forestal, se trataron temas como la legislaci\u00f3n forestal, requisitos para la aprobaci\u00f3n de la licencia, elaboraci\u00f3n de tabla de inventarios, toma de mediciones como altura y di\u00e1metro de cada especie maderable y\u00a0 manejo del SAF como tal. Ello como parte de la Pol\u00edtica Forestal Nacional que prioriza la conservaci\u00f3n y el manejo sostenible de los bosques.<\/p>\n<p style=\"text-align: justify;\">Esta actividad llevada a cabo en el auditorio del \u00c1rea Nacional de Recreaci\u00f3n el Boliche, tuvo una respuesta favorable por parte de los usuarios.<\/p>\n","protected":false},"excerpt":{"rendered":"<p class=\"excerpt\">Regentes forestales, transportistas de madera, ejecutores y delegados de programas forestales, comerciantes de madera, due\u00f1os de viveros, aserraderos, y predios, entre otros, fueron capacitados en conocimientos forestales para lograr la estandarizaci\u00f3n, actualizaci\u00f3n y sistematizaci\u00f3n del Sistema de Administraci\u00f3n Forestal (SAF), con la finalidad de fomentar un adecuado aprovechamiento de la flora. En este taller, realizado el pasado 3 de septiembre&hellip; <a href=\"https:\/\/www.ambienteyenergia.gob.ec\/ambiente\/mae-capacito-a-75-usuarios-forestales-de-cotopaxi\/\">Read more &rarr;<\/a><\/p>\n","protected":false},"author":13,"featured_media":14839,"comment_status":"open","ping_status":"open","sticky":false,"template":"","format":"standard","meta":{"footnotes":""},"categories":[16,4],"tags":[],"class_list":["post-14838","post","type-post","status-publish","format-standard","has-post-thumbnail","hentry","category-comunicamos","category-noticias","xfolkentry"],"_links":{"self":[{"href":"https:\/\/www.ambienteyenergia.gob.ec\/ambiente\/wp-json\/wp\/v2\/posts\/14838","targetHints":{"allow":["GET"]}}],"collection":[{"href":"https:\/\/www.ambienteyenergia.gob.ec\/ambiente\/wp-json\/wp\/v2\/posts"}],"about":[{"href":"https:\/\/www.ambienteyenergia.gob.ec\/ambiente\/wp-json\/wp\/v2\/types\/post"}],"author":[{"embeddable":true,"href":"https:\/\/www.ambienteyenergia.gob.ec\/ambiente\/wp-json\/wp\/v2\/users\/13"}],"replies":[{"embeddable":true,"href":"https:\/\/www.ambienteyenergia.gob.ec\/ambiente\/wp-json\/wp\/v2\/comments?post=14838"}],"version-history":[{"count":0,"href":"https:\/\/www.ambienteyenergia.gob.ec\/ambiente\/wp-json\/wp\/v2\/posts\/14838\/revisions"}],"wp:featuredmedia":[{"embeddable":true,"href":"https:\/\/www.ambienteyenergia.gob.ec\/ambiente\/wp-json\/wp\/v2\/media\/14839"}],"wp:attachment":[{"href":"https:\/\/www.ambienteyenergia.gob.ec\/ambiente\/wp-json\/wp\/v2\/media?parent=14838"}],"wp:term":[{"taxonomy":"category","embeddable":true,"href":"https:\/\/www.ambienteyenergia.gob.ec\/ambiente\/wp-json\/wp\/v2\/categories?post=14838"},{"taxonomy":"post_tag","embeddable":true,"href":"https:\/\/www.ambienteyenergia.gob.ec\/ambiente\/wp-json\/wp\/v2\/tags?post=14838"}],"curies":[{"name":"wp","href":"https:\/\/api.w.org\/{rel}","templated":true}]}}