{"id":14817,"date":"2013-09-03T20:44:23","date_gmt":"2013-09-04T01:44:23","guid":{"rendered":"http:\/\/www.ambiente.gob.ec\/?p=14817"},"modified":"2013-09-03T20:44:23","modified_gmt":"2013-09-04T01:44:23","slug":"activacion-de-incendio-forestal-fue-controlada-en-chimborazo","status":"publish","type":"post","link":"https:\/\/www.ambienteyenergia.gob.ec\/ambiente\/activacion-de-incendio-forestal-fue-controlada-en-chimborazo\/","title":{"rendered":"Activaci\u00f3n de incendio forestal fue controlada en Chimborazo"},"content":{"rendered":"<p style=\"text-align: justify;\">Hoy, a las 17:00, funcionarios del Ministerio del Ambiente (MAE), 65 militares, miembros de la Polic\u00eda Nacional y del Cuerpo de Bomberos controlaron una reactivaci\u00f3n del incendio en una plantaci\u00f3n de pino y eucalipto en la comunidad la Armenia Chico de la parroquia Lican, provincia de Chimborazo.<\/p>\n<p style=\"text-align: justify;\">El flagelo, que fue apagado ayer en horas de noche gracias a las r\u00e1pidas acciones de emergencia que emprendi\u00f3 el MAE, se activ\u00f3 nuevamente hoy a las 10:30, aproximadamente. Personal de esta Cartera de Estado localiz\u00f3 el sector donde el fuego se aviv\u00f3, mientras realizaba recorridos en la zona para evaluar la dimensi\u00f3n de los da\u00f1os causados por el siniestro.<\/p>\n<p style=\"text-align: justify;\">Una vez identificado el nuevo incendio, de manera inmediata, los funcionarios ambientales informaron al Cuerpo de Bomberos de Riobamba y a la Secretar\u00eda Nacional de Gesti\u00f3n de Riesgos. Miembros de estas instituciones se trasladaron hasta el sitio para apoyar a los guardaparques que ya se encontraban ah\u00ed realizando las primeras acciones de contingencia.<\/p>\n<p style=\"text-align: justify;\">Ma\u00f1ana, equipos del MAE seguir\u00e1n recorriendo la zona afecta para determinar con precisi\u00f3n las hect\u00e1reas de pino y eucalipto que fueron consumidas por las llamas. Hasta el momento, se presume que fueron m\u00e1s de 30 (ha).<\/p>\n<div id='gallery-1' class='gallery galleryid-14817 gallery-columns-4 gallery-size-thumbnail'><dl class='gallery-item'>\n\t\t\t<dt class='gallery-icon landscape'>\n\t\t\t\t<a href='https:\/\/www.ambienteyenergia.gob.ec\/ambiente\/activacion-de-incendio-forestal-fue-controlada-en-chimborazo\/i2-4\/'><img loading=\"lazy\" decoding=\"async\" width=\"150\" height=\"150\" src=\"https:\/\/www.ambienteyenergia.gob.ec\/ambiente\/wp-content\/uploads\/sites\/2\/2013\/09\/i22-150x150.jpg\" class=\"attachment-thumbnail size-thumbnail\" alt=\"\" \/><\/a>\n\t\t\t<\/dt><\/dl><dl class='gallery-item'>\n\t\t\t<dt class='gallery-icon landscape'>\n\t\t\t\t<a href='https:\/\/www.ambienteyenergia.gob.ec\/ambiente\/activacion-de-incendio-forestal-fue-controlada-en-chimborazo\/i1-5\/'><img loading=\"lazy\" decoding=\"async\" width=\"150\" height=\"150\" src=\"https:\/\/www.ambienteyenergia.gob.ec\/ambiente\/wp-content\/uploads\/sites\/2\/2013\/09\/i12-150x150.jpg\" class=\"attachment-thumbnail size-thumbnail\" alt=\"\" \/><\/a>\n\t\t\t<\/dt><\/dl><dl class='gallery-item'>\n\t\t\t<dt class='gallery-icon landscape'>\n\t\t\t\t<a href='https:\/\/www.ambienteyenergia.gob.ec\/ambiente\/activacion-de-incendio-forestal-fue-controlada-en-chimborazo\/i3-2\/'><img loading=\"lazy\" decoding=\"async\" width=\"150\" height=\"150\" src=\"https:\/\/www.ambienteyenergia.gob.ec\/ambiente\/wp-content\/uploads\/sites\/2\/2013\/09\/i32-150x150.jpg\" class=\"attachment-thumbnail size-thumbnail\" alt=\"\" \/><\/a>\n\t\t\t<\/dt><\/dl>\n\t\t\t<br style='clear: both' \/>\n\t\t<\/div>\n\n<p>&nbsp;<\/p>\n<p style=\"text-align: justify;\">\n<p>&nbsp;<\/p>\n<p>&nbsp;<\/p>\n<p style=\"text-align: justify;\">\n<p style=\"text-align: justify;\">\n<p style=\"text-align: justify;\">\n<p style=\"text-align: justify;\">\n","protected":false},"excerpt":{"rendered":"<p class=\"excerpt\">Hoy, a las 17:00, funcionarios del Ministerio del Ambiente (MAE), 65 militares, miembros de la Polic\u00eda Nacional y del Cuerpo de Bomberos controlaron una reactivaci\u00f3n del incendio en una plantaci\u00f3n de pino y eucalipto en la comunidad la Armenia Chico de la parroquia Lican, provincia de Chimborazo. El flagelo, que fue apagado ayer en horas de noche gracias a las&hellip; <a href=\"https:\/\/www.ambienteyenergia.gob.ec\/ambiente\/activacion-de-incendio-forestal-fue-controlada-en-chimborazo\/\">Read more &rarr;<\/a><\/p>\n","protected":false},"author":13,"featured_media":14818,"comment_status":"open","ping_status":"open","sticky":false,"template":"","format":"standard","meta":{"footnotes":""},"categories":[16,4],"tags":[],"class_list":["post-14817","post","type-post","status-publish","format-standard","has-post-thumbnail","hentry","category-comunicamos","category-noticias","xfolkentry"],"_links":{"self":[{"href":"https:\/\/www.ambienteyenergia.gob.ec\/ambiente\/wp-json\/wp\/v2\/posts\/14817","targetHints":{"allow":["GET"]}}],"collection":[{"href":"https:\/\/www.ambienteyenergia.gob.ec\/ambiente\/wp-json\/wp\/v2\/posts"}],"about":[{"href":"https:\/\/www.ambienteyenergia.gob.ec\/ambiente\/wp-json\/wp\/v2\/types\/post"}],"author":[{"embeddable":true,"href":"https:\/\/www.ambienteyenergia.gob.ec\/ambiente\/wp-json\/wp\/v2\/users\/13"}],"replies":[{"embeddable":true,"href":"https:\/\/www.ambienteyenergia.gob.ec\/ambiente\/wp-json\/wp\/v2\/comments?post=14817"}],"version-history":[{"count":0,"href":"https:\/\/www.ambienteyenergia.gob.ec\/ambiente\/wp-json\/wp\/v2\/posts\/14817\/revisions"}],"wp:featuredmedia":[{"embeddable":true,"href":"https:\/\/www.ambienteyenergia.gob.ec\/ambiente\/wp-json\/wp\/v2\/media\/14818"}],"wp:attachment":[{"href":"https:\/\/www.ambienteyenergia.gob.ec\/ambiente\/wp-json\/wp\/v2\/media?parent=14817"}],"wp:term":[{"taxonomy":"category","embeddable":true,"href":"https:\/\/www.ambienteyenergia.gob.ec\/ambiente\/wp-json\/wp\/v2\/categories?post=14817"},{"taxonomy":"post_tag","embeddable":true,"href":"https:\/\/www.ambienteyenergia.gob.ec\/ambiente\/wp-json\/wp\/v2\/tags?post=14817"}],"curies":[{"name":"wp","href":"https:\/\/api.w.org\/{rel}","templated":true}]}}