{"id":14811,"date":"2013-09-03T20:23:29","date_gmt":"2013-09-04T01:23:29","guid":{"rendered":"http:\/\/www.ambiente.gob.ec\/?p=14811"},"modified":"2013-09-04T11:08:08","modified_gmt":"2013-09-04T16:08:08","slug":"ministra-del-ambiente-lorena-tapia-fortalece-gestion-en-la-direccion-del-parque-nacional-galapagos","status":"publish","type":"post","link":"https:\/\/www.ambienteyenergia.gob.ec\/ambiente\/ministra-del-ambiente-lorena-tapia-fortalece-gestion-en-la-direccion-del-parque-nacional-galapagos\/","title":{"rendered":"Ministra del Ambiente, Lorena Tapia, fortalece gesti\u00f3n en la Direcci\u00f3n del  Parque Nacional Gal\u00e1pagos"},"content":{"rendered":"<p style=\"text-align: justify;\">El Ministerio del Ambiente, dentro de las nuevas pol\u00edticas de fortalecimiento de su gesti\u00f3n en la conservaci\u00f3n y protecci\u00f3n de la naturaleza, decidi\u00f3 fortalecer el trabajo de la Direcci\u00f3n del Parque Nacional Gal\u00e1pagos, entidad que administra las \u00e1reas protegidas del archipi\u00e9lago, en cuatro ejes estrat\u00e9gicos.<\/p>\n<p style=\"text-align: justify;\">La Ministra de Ambiente, Lorena Tapia, mencion\u00f3 que es necesario dar un nuevo impuso al Parque Nacional Gal\u00e1pagos con el objetivo de que los habitantes tengan mayores beneficios y mejoren su calidad de vida. Asimismo, que las instituciones tengan una mejor coordinaci\u00f3n con el objetivo de cumplir el Plan de Desarrollo de las Islas.<\/p>\n<p style=\"text-align: justify;\">Tapia recalc\u00f3 que ser\u00e1n cuatro los ejes estrat\u00e9gicos que se mejorar\u00e1n:<\/p>\n<p style=\"text-align: justify;\">1. Aplicaci\u00f3n inmediata de Plan de Manejo de las \u00c1reas Protegidas de Gal\u00e1pagos dentro del marco de la planificaci\u00f3n regional (Plan de Desarrollo Sustentable y Ordenamiento Territorial de R\u00e9gimen Especial de Gal\u00e1pagos)<\/p>\n<p style=\"text-align: justify;\">2. Impulsar mecanismos y procesos de gesti\u00f3n interna para tener mayor eficiencia en la atenci\u00f3n a los usuarios de las \u00c1reas Protegidas de Gal\u00e1pagos.<\/p>\n<p style=\"text-align: justify;\">3. Trabajar coordinadamente con todas las instituciones del Estado representadas en la provincia as\u00ed como con organizaciones y grupos sociales y econ\u00f3micos locales, incluyendo ONGs nacionales e internacionales.<\/p>\n<p style=\"text-align: justify;\">4. Mejorar la capacitaci\u00f3n del personal de la Direcci\u00f3n del Parque Nacional Gal\u00e1pagos, y contribuir a su crecimiento profesional en beneficio de los objetivos institucionales, de servicio a la comunidad y de engrandecimiento del capital humano del pa\u00eds.<\/p>\n<p style=\"text-align: justify;\">Estos ejes estrat\u00e9gicos se impulsar\u00e1n desde hoy luego de que la Ministra del Ambiente, Lorena Tapia, posesionara a Ignacio Izurieta Valery como Director del Parque Nacional Gal\u00e1pagos, como parte de los nuevos retos estrat\u00e9gicos que esta Cartera de Estado ha emprendido en pro de la preservaci\u00f3n y conservaci\u00f3n de la biodiversidad del Archipi\u00e9lago.<\/p>\n<p style=\"text-align: justify;\">La Ministra insisti\u00f3 en que los cambios realizados est\u00e1n enfocados en el inicio de una nueva etapa dentro del modelo sustentable de desarrollo ambientalmente equilibrado y respetuoso de la diversidad cultural que esta Instituci\u00f3n fomenta y por el que trabaja, entendiendo que las gestiones cumplen ciclos y que las renovaciones son necesarias. \u00abSe ha contratado uno de los mejores especialistas en materia de conservaci\u00f3n en beneficio del pa\u00eds\u00bb, asever\u00f3 la M\u00e1xima Autoridad Ambiental.<\/p>\n<p>Ello, en el marco del 35.\u00b0 aniversario de la Declaratoria de las Islas Gal\u00e1pagos como el Primer Patrimonio Natural de la Humanidad. El 8 de septiembre de 1978, el Comit\u00e9 de Patrimonios de la Organizaci\u00f3n de las Naciones Unidas para la Educaci\u00f3n, la Ciencia y la Cultura (Unesco), suscribi\u00f3 este importante documento.<\/p>\n<p style=\"text-align: justify;\"><strong>Arturo Izurieta<\/strong> asume la Direcci\u00f3n del Parque Nacional Gal\u00e1pagos con el respaldo de la Ministra del Ambiente quien comprometi\u00f3 su gesti\u00f3n en impulsar el trabajo de la M\u00e1xima Autoridad Ambiental en el Archipi\u00e9lago. Actualmente, la Direcci\u00f3n cuenta con 334 guardaparques que laboran en las 7 direcciones que la componen que son Ecosistemas, Uso P\u00fablico, Gesti\u00f3n Ambiental, Educaci\u00f3n y Participaci\u00f3n social, Planificaci\u00f3n, Asesor\u00eda Jur\u00eddica, y Administrativa Financiera, adem\u00e1s de las 2 Unidades T\u00e9cnicas Desconcentradas de San Crist\u00f3bal e Isabela; y la Oficina T\u00e9cnica Floreana.<\/p>\n<p style=\"text-align: justify;\">La Ministra agradeci\u00f3 la gesti\u00f3n realizada por Edwin Naula, quien cumpli\u00f3 ya un ciclo en el ejercicio de sus funciones, demostrando durante tres a\u00f1os compromiso para cumplir los ejes y objetivos de la Direcci\u00f3n del Parque Nacional, logrando, resultados visibles en el Parque.<\/p>\n<p style=\"text-align: justify;\">Para Izurieta, director del Parque Nacional Gal\u00e1pagos este no es un nuevo reto. Fue intendente y posteriormente Director del PNG desde 1991 hasta 1995, cuya gesti\u00f3n fue caracterizada por una depuraci\u00f3n de procesos de registro de patentes de operaci\u00f3n tur\u00edstica y el fortalecimiento de la descentralizaci\u00f3n de los procesos administrativos de la DPNG; as\u00ed como la creaci\u00f3n del \u00e1rea t\u00e9cnica para el manejo de la Reserva Marina de Gal\u00e1pagos.<\/p>\n<p style=\"text-align: justify;\"><strong>\u00bfQui\u00e9n es el nuevo Director del Parque Nacional Gal\u00e1pagos?<\/strong><\/p>\n<p style=\"text-align: justify;\">\u2022 <strong>Arturo Ignacio Izurieta Valery<\/strong> tienen un perfil altamente t\u00e9cnico, cuenta con una amplia experiencia en planificaci\u00f3n, manejo y evaluaci\u00f3n de recursos naturales, \u00e1reas protegidas y biodiversidad.<\/p>\n<p style=\"text-align: justify;\">\u2022 Tiene un doctorado en Manejo de Sistemas Rurales y Naturales de la Universidad de Queensland, Australia; y un post doctorado en estudios de procesos participativos para evaluar el manejo participativo de \u00e1reas protegidas en el Territorio del Norte, de la Universidad Charles Darwin, en Australia.<\/p>\n<p style=\"text-align: justify;\">\u2022 Fue investigador honorario adjunto del Instituto de Investigaciones para el Ambiente, Medios de Vida y Sustento en la Universidad Charles Darwin, en Australia.<\/p>\n<p style=\"text-align: justify;\">\u2022 Fue gerente del Proyecto de Especies invasoras de las Islas Gal\u00e1pagos con el aval del Ministerio del Ambiente<\/p>\n<p style=\"text-align: justify;\">\u2022 Ha realizado importantes publicaciones cient\u00edficas de car\u00e1cter ambiental como el Manual para la Medici\u00f3n de la Eficiencia de Manejo de un Sistema de \u00c1reas Protegidas y sus Zonas de Influencia, aplicado a un \u00c1rea de Conservaci\u00f3n en Costa Rica.<\/p>\n<p style=\"text-align: justify;\">\u2022 Asesor externo (nov 2003-feb. 2005) para la revisi\u00f3n del Plan de Manejo del Parque Nacional Gal\u00e1pagos.<\/p>\n<p style=\"text-align: justify;\">\u2022 Consultor para la Autoridad Nacional del Ambiente (ANAM) de Panam\u00e1. Evaluaci\u00f3n preliminar de medio t\u00e9rmino. Proyecto financiado por el Banco Mundial.<\/p>\n<p style=\"text-align: justify;\">\u2022 Consultor para el WWF Centroam\u00e9rica-Evaluaci\u00f3n final del Proyecto \u00abConservaci\u00f3n y Manejo Integrado de Recursos Naturales de la Reserva de Bi\u00f3sfera del R\u00edo Pl\u00e1tano, Honduras.<\/p>\n","protected":false},"excerpt":{"rendered":"<p class=\"excerpt\">El Ministerio del Ambiente, dentro de las nuevas pol\u00edticas de fortalecimiento de su gesti\u00f3n en la conservaci\u00f3n y protecci\u00f3n de la naturaleza, decidi\u00f3 fortalecer el trabajo de la Direcci\u00f3n del Parque Nacional Gal\u00e1pagos, entidad que administra las \u00e1reas protegidas del archipi\u00e9lago, en cuatro ejes estrat\u00e9gicos. La Ministra de Ambiente, Lorena Tapia, mencion\u00f3 que es necesario dar un nuevo impuso al&hellip; <a href=\"https:\/\/www.ambienteyenergia.gob.ec\/ambiente\/ministra-del-ambiente-lorena-tapia-fortalece-gestion-en-la-direccion-del-parque-nacional-galapagos\/\">Read more &rarr;<\/a><\/p>\n","protected":false},"author":13,"featured_media":14812,"comment_status":"open","ping_status":"open","sticky":false,"template":"","format":"standard","meta":{"footnotes":""},"categories":[16,4,10],"tags":[],"class_list":["post-14811","post","type-post","status-publish","format-standard","has-post-thumbnail","hentry","category-comunicamos","category-noticias","category-noticias-destacadas","xfolkentry"],"_links":{"self":[{"href":"https:\/\/www.ambienteyenergia.gob.ec\/ambiente\/wp-json\/wp\/v2\/posts\/14811","targetHints":{"allow":["GET"]}}],"collection":[{"href":"https:\/\/www.ambienteyenergia.gob.ec\/ambiente\/wp-json\/wp\/v2\/posts"}],"about":[{"href":"https:\/\/www.ambienteyenergia.gob.ec\/ambiente\/wp-json\/wp\/v2\/types\/post"}],"author":[{"embeddable":true,"href":"https:\/\/www.ambienteyenergia.gob.ec\/ambiente\/wp-json\/wp\/v2\/users\/13"}],"replies":[{"embeddable":true,"href":"https:\/\/www.ambienteyenergia.gob.ec\/ambiente\/wp-json\/wp\/v2\/comments?post=14811"}],"version-history":[{"count":0,"href":"https:\/\/www.ambienteyenergia.gob.ec\/ambiente\/wp-json\/wp\/v2\/posts\/14811\/revisions"}],"wp:featuredmedia":[{"embeddable":true,"href":"https:\/\/www.ambienteyenergia.gob.ec\/ambiente\/wp-json\/wp\/v2\/media\/14812"}],"wp:attachment":[{"href":"https:\/\/www.ambienteyenergia.gob.ec\/ambiente\/wp-json\/wp\/v2\/media?parent=14811"}],"wp:term":[{"taxonomy":"category","embeddable":true,"href":"https:\/\/www.ambienteyenergia.gob.ec\/ambiente\/wp-json\/wp\/v2\/categories?post=14811"},{"taxonomy":"post_tag","embeddable":true,"href":"https:\/\/www.ambienteyenergia.gob.ec\/ambiente\/wp-json\/wp\/v2\/tags?post=14811"}],"curies":[{"name":"wp","href":"https:\/\/api.w.org\/{rel}","templated":true}]}}