{"id":14806,"date":"2013-09-03T13:40:49","date_gmt":"2013-09-03T18:40:49","guid":{"rendered":"http:\/\/www.ambiente.gob.ec\/?p=14806"},"modified":"2013-09-03T13:40:49","modified_gmt":"2013-09-03T18:40:49","slug":"mae-decomiso-producto-forestal-en-la-palma-bolivar","status":"publish","type":"post","link":"https:\/\/www.ambienteyenergia.gob.ec\/ambiente\/mae-decomiso-producto-forestal-en-la-palma-bolivar\/","title":{"rendered":"MAE  decomis\u00f3 producto forestal  en la Palma (Bol\u00edvar)"},"content":{"rendered":"<p style=\"text-align: justify;\">Un veh\u00edculo que transportaba un aproximado de 3,28 m\u00b3 de la especie vegetal Naguan amarillo, sin la respectiva gu\u00eda de movilizaci\u00f3n, fue retenido como resultado de un control forestal realizado desde el cant\u00f3n Guaranda hasta el sector la Palma por funcionarios de la Direcci\u00f3n Provincial de Bol\u00edvar del Ministerio del Ambiente (MAE), y miembros la Unidad de Protecci\u00f3n de Medio Ambiente (UPMA) de la Polic\u00eda Nacional.<\/p>\n<p style=\"text-align: justify;\">Luego decomisar la madera, durante este operativo efectuado el pasado lunes, el veh\u00edculo fue trasladado a las instalaciones de la Polic\u00eda Nacional, para el inicio del procedimiento administrativo por transporte ilegal de especies nativas. Esta actividad es sancionada seg\u00fan las estipulaciones de la Normativa Ambiental Vigente.<\/p>\n<p style=\"text-align: justify;\">Esta Cartera de Estado, como principal organismo de regulaci\u00f3n en materia ambiental del pa\u00eds, realiza controles forestales de manera continua, con la finalidad de detener la tala ilegal de la madera en bosques nativos y velar por el cuidado de la naturaleza y todos los seres vivos.<\/p>\n<p style=\"text-align: justify;\">\n<p>&nbsp;<\/p>\n","protected":false},"excerpt":{"rendered":"<p class=\"excerpt\">Un veh\u00edculo que transportaba un aproximado de 3,28 m\u00b3 de la especie vegetal Naguan amarillo, sin la respectiva gu\u00eda de movilizaci\u00f3n, fue retenido como resultado de un control forestal realizado desde el cant\u00f3n Guaranda hasta el sector la Palma por funcionarios de la Direcci\u00f3n Provincial de Bol\u00edvar del Ministerio del Ambiente (MAE), y miembros la Unidad de Protecci\u00f3n de Medio&hellip; <a href=\"https:\/\/www.ambienteyenergia.gob.ec\/ambiente\/mae-decomiso-producto-forestal-en-la-palma-bolivar\/\">Read more &rarr;<\/a><\/p>\n","protected":false},"author":13,"featured_media":14807,"comment_status":"open","ping_status":"open","sticky":false,"template":"","format":"standard","meta":{"footnotes":""},"categories":[16,4],"tags":[],"class_list":["post-14806","post","type-post","status-publish","format-standard","has-post-thumbnail","hentry","category-comunicamos","category-noticias","xfolkentry"],"_links":{"self":[{"href":"https:\/\/www.ambienteyenergia.gob.ec\/ambiente\/wp-json\/wp\/v2\/posts\/14806","targetHints":{"allow":["GET"]}}],"collection":[{"href":"https:\/\/www.ambienteyenergia.gob.ec\/ambiente\/wp-json\/wp\/v2\/posts"}],"about":[{"href":"https:\/\/www.ambienteyenergia.gob.ec\/ambiente\/wp-json\/wp\/v2\/types\/post"}],"author":[{"embeddable":true,"href":"https:\/\/www.ambienteyenergia.gob.ec\/ambiente\/wp-json\/wp\/v2\/users\/13"}],"replies":[{"embeddable":true,"href":"https:\/\/www.ambienteyenergia.gob.ec\/ambiente\/wp-json\/wp\/v2\/comments?post=14806"}],"version-history":[{"count":0,"href":"https:\/\/www.ambienteyenergia.gob.ec\/ambiente\/wp-json\/wp\/v2\/posts\/14806\/revisions"}],"wp:featuredmedia":[{"embeddable":true,"href":"https:\/\/www.ambienteyenergia.gob.ec\/ambiente\/wp-json\/wp\/v2\/media\/14807"}],"wp:attachment":[{"href":"https:\/\/www.ambienteyenergia.gob.ec\/ambiente\/wp-json\/wp\/v2\/media?parent=14806"}],"wp:term":[{"taxonomy":"category","embeddable":true,"href":"https:\/\/www.ambienteyenergia.gob.ec\/ambiente\/wp-json\/wp\/v2\/categories?post=14806"},{"taxonomy":"post_tag","embeddable":true,"href":"https:\/\/www.ambienteyenergia.gob.ec\/ambiente\/wp-json\/wp\/v2\/tags?post=14806"}],"curies":[{"name":"wp","href":"https:\/\/api.w.org\/{rel}","templated":true}]}}