{"id":14783,"date":"2013-09-02T22:54:45","date_gmt":"2013-09-03T03:54:45","guid":{"rendered":"http:\/\/www.ambiente.gob.ec\/?p=14783"},"modified":"2013-09-02T22:54:45","modified_gmt":"2013-09-03T03:54:45","slug":"mae-enterro-cadaver-de-ballena-jorobada-que-llego-muerta-a-cojimies-manabi","status":"publish","type":"post","link":"https:\/\/www.ambienteyenergia.gob.ec\/ambiente\/mae-enterro-cadaver-de-ballena-jorobada-que-llego-muerta-a-cojimies-manabi\/","title":{"rendered":"MAE enterr\u00f3 cad\u00e1ver de ballena jorobada que lleg\u00f3 muerta a Cojim\u00edes (Manab\u00ed)"},"content":{"rendered":"<p style=\"text-align: justify;\">El pasado 30 de agosto, en atenci\u00f3n a una llamada telef\u00f3nica que inform\u00f3 sobre la presencia de una ballena muerta en la playa, a la altura del km 25 de la v\u00eda Pedernales \u2013 Cojim\u00edes, funcionarios de Ministerio del Ambiente (MAE) realizaron una inspecci\u00f3n en la que verificaron que el cuerpo del cet\u00e1ceo estaba en estado de descomposici\u00f3n. Con la colaboraci\u00f3n del Municipio de Pedernales, enterraron el cad\u00e1ver para evitar afecciones a la salud p\u00fablica y al ambiente.<\/p>\n<p style=\"text-align: justify;\">Seg\u00fan versiones del due\u00f1o del predio donde se encontr\u00f3 a la ballena, \u00e9sta llego a la costa ya muerta, en estado de descomposici\u00f3n, a diferencia de otras que llegan enfermas a morir a la playa. El ejemplar ten\u00eda una dimensi\u00f3n aproximada de 17 metros de largo y 12 metros de aleta a aleta. No se pudo identificar el sexo debido al estado de putrefacci\u00f3n del cuerpo.<\/p>\n<p style=\"text-align: justify;\">Luego de la inspecci\u00f3n, personal de esta Cartera de Estado determin\u00f3 que era necesario enterrar al animal de manera inmediata. Con una retroexcavadora del Cabildo de Pedernales se realiz\u00f3 la fosa y se sepult\u00f3 al cad\u00e1ver.<\/p>\n<p style=\"text-align: justify;\">El MAE, como principal rector ambiental del pa\u00eds, seguir\u00e1 el tr\u00e1mite pertinente, para determinar responsabilidades, en caso que existiese.<\/p>\n<p>&nbsp;<\/p>\n<div id='gallery-1' class='gallery galleryid-14783 gallery-columns-4 gallery-size-thumbnail'><dl class='gallery-item'>\n\t\t\t<dt class='gallery-icon landscape'>\n\t\t\t\t<a href='https:\/\/www.ambienteyenergia.gob.ec\/ambiente\/mae-enterro-cadaver-de-ballena-jorobada-que-llego-muerta-a-cojimies-manabi\/3-ballena\/'><img loading=\"lazy\" decoding=\"async\" width=\"150\" height=\"150\" src=\"https:\/\/www.ambienteyenergia.gob.ec\/ambiente\/wp-content\/uploads\/sites\/2\/2013\/09\/3-ballena-150x150.jpg\" class=\"attachment-thumbnail size-thumbnail\" alt=\"\" \/><\/a>\n\t\t\t<\/dt><\/dl><dl class='gallery-item'>\n\t\t\t<dt class='gallery-icon landscape'>\n\t\t\t\t<a href='https:\/\/www.ambienteyenergia.gob.ec\/ambiente\/mae-enterro-cadaver-de-ballena-jorobada-que-llego-muerta-a-cojimies-manabi\/1-ballena\/'><img loading=\"lazy\" decoding=\"async\" width=\"150\" height=\"150\" src=\"https:\/\/www.ambienteyenergia.gob.ec\/ambiente\/wp-content\/uploads\/sites\/2\/2013\/09\/1-ballena-150x150.jpg\" class=\"attachment-thumbnail size-thumbnail\" alt=\"\" \/><\/a>\n\t\t\t<\/dt><\/dl>\n\t\t\t<br style='clear: both' \/>\n\t\t<\/div>\n\n<p>&nbsp;<\/p>\n<p>&nbsp;<\/p>\n<p>&nbsp;<\/p>\n<p>&nbsp;<\/p>\n<p>&nbsp;<\/p>\n","protected":false},"excerpt":{"rendered":"<p class=\"excerpt\">El pasado 30 de agosto, en atenci\u00f3n a una llamada telef\u00f3nica que inform\u00f3 sobre la presencia de una ballena muerta en la playa, a la altura del km 25 de la v\u00eda Pedernales \u2013 Cojim\u00edes, funcionarios de Ministerio del Ambiente (MAE) realizaron una inspecci\u00f3n en la que verificaron que el cuerpo del cet\u00e1ceo estaba en estado de descomposici\u00f3n. Con la&hellip; <a href=\"https:\/\/www.ambienteyenergia.gob.ec\/ambiente\/mae-enterro-cadaver-de-ballena-jorobada-que-llego-muerta-a-cojimies-manabi\/\">Read more &rarr;<\/a><\/p>\n","protected":false},"author":13,"featured_media":14784,"comment_status":"open","ping_status":"open","sticky":false,"template":"","format":"standard","meta":{"footnotes":""},"categories":[16,4],"tags":[],"class_list":["post-14783","post","type-post","status-publish","format-standard","has-post-thumbnail","hentry","category-comunicamos","category-noticias","xfolkentry"],"_links":{"self":[{"href":"https:\/\/www.ambienteyenergia.gob.ec\/ambiente\/wp-json\/wp\/v2\/posts\/14783","targetHints":{"allow":["GET"]}}],"collection":[{"href":"https:\/\/www.ambienteyenergia.gob.ec\/ambiente\/wp-json\/wp\/v2\/posts"}],"about":[{"href":"https:\/\/www.ambienteyenergia.gob.ec\/ambiente\/wp-json\/wp\/v2\/types\/post"}],"author":[{"embeddable":true,"href":"https:\/\/www.ambienteyenergia.gob.ec\/ambiente\/wp-json\/wp\/v2\/users\/13"}],"replies":[{"embeddable":true,"href":"https:\/\/www.ambienteyenergia.gob.ec\/ambiente\/wp-json\/wp\/v2\/comments?post=14783"}],"version-history":[{"count":0,"href":"https:\/\/www.ambienteyenergia.gob.ec\/ambiente\/wp-json\/wp\/v2\/posts\/14783\/revisions"}],"wp:featuredmedia":[{"embeddable":true,"href":"https:\/\/www.ambienteyenergia.gob.ec\/ambiente\/wp-json\/wp\/v2\/media\/14784"}],"wp:attachment":[{"href":"https:\/\/www.ambienteyenergia.gob.ec\/ambiente\/wp-json\/wp\/v2\/media?parent=14783"}],"wp:term":[{"taxonomy":"category","embeddable":true,"href":"https:\/\/www.ambienteyenergia.gob.ec\/ambiente\/wp-json\/wp\/v2\/categories?post=14783"},{"taxonomy":"post_tag","embeddable":true,"href":"https:\/\/www.ambienteyenergia.gob.ec\/ambiente\/wp-json\/wp\/v2\/tags?post=14783"}],"curies":[{"name":"wp","href":"https:\/\/api.w.org\/{rel}","templated":true}]}}