{"id":14778,"date":"2013-09-02T22:24:45","date_gmt":"2013-09-03T03:24:45","guid":{"rendered":"http:\/\/www.ambiente.gob.ec\/?p=14778"},"modified":"2013-09-03T09:51:03","modified_gmt":"2013-09-03T14:51:03","slug":"incendio-forestal-fue-controlado-en-chimborazo","status":"publish","type":"post","link":"https:\/\/www.ambienteyenergia.gob.ec\/ambiente\/incendio-forestal-fue-controlado-en-chimborazo\/","title":{"rendered":"Incendio forestal fue controlado en Chimborazo"},"content":{"rendered":"<p style=\"text-align: justify;\">Un incendio en una plantaci\u00f3n de pino y eucalipto en la comunidad la Armenia Chico de la parroquia Lican, provincia de Chimborazo, fue apagado hoy a las 21:00 por brigadas conformadas por personal del Ministerio del Ambiente (MAE), Secretar\u00edas Nacional de Gesti\u00f3n de Riesgos (SNGR), Cuerpo de Bomberos de Riobamba, Polic\u00eda Nacional, Ejercito, y comuneros, luego de haber iniciado a las 17:30.<\/p>\n<p style=\"text-align: justify;\">Para controlar este flagelo, que consumi\u00f3 25 hect\u00e1reas de plantaci\u00f3n de Pino (Pinus radiata) y Eucalipto (Eucalyptus- globulus), la Direcci\u00f3n Provincial del Ambiente de Chimborazo se comunic\u00f3 con las instituciones mencionadas, de manera inmediata, y emprendi\u00f3 acciones de emergencia.<\/p>\n<p style=\"text-align: justify;\">Junto con pobladores del sector, funcionarios de esta Cartera de Estado formaron grupos que apagaron cuatro focos de incendio, mientras que los bomberos, polic\u00edas y militares, con los machetes y motosierras proporcionadas por el MAE, cortaron ramas de pino trazando caminos corta fuegos.<\/p>\n<p style=\"text-align: justify;\">El d\u00eda de ma\u00f1ana se verificara la magnitud del flagelo, y se proceder\u00e1 con las investigaciones sobre los presuntos infractores.<\/p>\n<div id='gallery-1' class='gallery galleryid-14778 gallery-columns-4 gallery-size-thumbnail'><dl class='gallery-item'>\n\t\t\t<dt class='gallery-icon landscape'>\n\t\t\t\t<a href='https:\/\/www.ambienteyenergia.gob.ec\/ambiente\/incendio-forestal-fue-controlado-en-chimborazo\/i1-4\/'><img loading=\"lazy\" decoding=\"async\" width=\"150\" height=\"150\" src=\"https:\/\/www.ambienteyenergia.gob.ec\/ambiente\/wp-content\/uploads\/sites\/2\/2013\/09\/i11-150x150.jpg\" class=\"attachment-thumbnail size-thumbnail\" alt=\"\" \/><\/a>\n\t\t\t<\/dt><\/dl><dl class='gallery-item'>\n\t\t\t<dt class='gallery-icon landscape'>\n\t\t\t\t<a href='https:\/\/www.ambienteyenergia.gob.ec\/ambiente\/incendio-forestal-fue-controlado-en-chimborazo\/i2-3\/'><img loading=\"lazy\" decoding=\"async\" width=\"150\" height=\"150\" src=\"https:\/\/www.ambienteyenergia.gob.ec\/ambiente\/wp-content\/uploads\/sites\/2\/2013\/09\/i21-150x150.jpg\" class=\"attachment-thumbnail size-thumbnail\" alt=\"\" \/><\/a>\n\t\t\t<\/dt><\/dl><dl class='gallery-item'>\n\t\t\t<dt class='gallery-icon landscape'>\n\t\t\t\t<a href='https:\/\/www.ambienteyenergia.gob.ec\/ambiente\/incendio-forestal-fue-controlado-en-chimborazo\/s-13\/'><img loading=\"lazy\" decoding=\"async\" width=\"150\" height=\"150\" src=\"https:\/\/www.ambienteyenergia.gob.ec\/ambiente\/wp-content\/uploads\/sites\/2\/2013\/09\/i31-150x150.jpg\" class=\"attachment-thumbnail size-thumbnail\" alt=\"\" \/><\/a>\n\t\t\t<\/dt><\/dl>\n\t\t\t<br style='clear: both' \/>\n\t\t<\/div>\n\n<p>&nbsp;<\/p>\n<p>&nbsp;<\/p>\n<p>&nbsp;<\/p>\n<p>&nbsp;<\/p>\n","protected":false},"excerpt":{"rendered":"<p class=\"excerpt\">Un incendio en una plantaci\u00f3n de pino y eucalipto en la comunidad la Armenia Chico de la parroquia Lican, provincia de Chimborazo, fue apagado hoy a las 21:00 por brigadas conformadas por personal del Ministerio del Ambiente (MAE), Secretar\u00edas Nacional de Gesti\u00f3n de Riesgos (SNGR), Cuerpo de Bomberos de Riobamba, Polic\u00eda Nacional, Ejercito, y comuneros, luego de haber iniciado a&hellip; <a href=\"https:\/\/www.ambienteyenergia.gob.ec\/ambiente\/incendio-forestal-fue-controlado-en-chimborazo\/\">Read more &rarr;<\/a><\/p>\n","protected":false},"author":13,"featured_media":14779,"comment_status":"open","ping_status":"open","sticky":false,"template":"","format":"standard","meta":{"footnotes":""},"categories":[16,4],"tags":[],"class_list":["post-14778","post","type-post","status-publish","format-standard","has-post-thumbnail","hentry","category-comunicamos","category-noticias","xfolkentry"],"_links":{"self":[{"href":"https:\/\/www.ambienteyenergia.gob.ec\/ambiente\/wp-json\/wp\/v2\/posts\/14778","targetHints":{"allow":["GET"]}}],"collection":[{"href":"https:\/\/www.ambienteyenergia.gob.ec\/ambiente\/wp-json\/wp\/v2\/posts"}],"about":[{"href":"https:\/\/www.ambienteyenergia.gob.ec\/ambiente\/wp-json\/wp\/v2\/types\/post"}],"author":[{"embeddable":true,"href":"https:\/\/www.ambienteyenergia.gob.ec\/ambiente\/wp-json\/wp\/v2\/users\/13"}],"replies":[{"embeddable":true,"href":"https:\/\/www.ambienteyenergia.gob.ec\/ambiente\/wp-json\/wp\/v2\/comments?post=14778"}],"version-history":[{"count":0,"href":"https:\/\/www.ambienteyenergia.gob.ec\/ambiente\/wp-json\/wp\/v2\/posts\/14778\/revisions"}],"wp:featuredmedia":[{"embeddable":true,"href":"https:\/\/www.ambienteyenergia.gob.ec\/ambiente\/wp-json\/wp\/v2\/media\/14779"}],"wp:attachment":[{"href":"https:\/\/www.ambienteyenergia.gob.ec\/ambiente\/wp-json\/wp\/v2\/media?parent=14778"}],"wp:term":[{"taxonomy":"category","embeddable":true,"href":"https:\/\/www.ambienteyenergia.gob.ec\/ambiente\/wp-json\/wp\/v2\/categories?post=14778"},{"taxonomy":"post_tag","embeddable":true,"href":"https:\/\/www.ambienteyenergia.gob.ec\/ambiente\/wp-json\/wp\/v2\/tags?post=14778"}],"curies":[{"name":"wp","href":"https:\/\/api.w.org\/{rel}","templated":true}]}}