{"id":14773,"date":"2013-09-02T17:23:42","date_gmt":"2013-09-02T22:23:42","guid":{"rendered":"http:\/\/www.ambiente.gob.ec\/?p=14773"},"modified":"2013-09-02T17:23:42","modified_gmt":"2013-09-02T22:23:42","slug":"guias-naturalistas-fueron-capacitados-en-el-refugio-de-vida-silvestre-isla-corazon-y-fragata","status":"publish","type":"post","link":"https:\/\/www.ambienteyenergia.gob.ec\/ambiente\/guias-naturalistas-fueron-capacitados-en-el-refugio-de-vida-silvestre-isla-corazon-y-fragata\/","title":{"rendered":"Gu\u00edas naturalistas fueron capacitados en el Refugio de Vida Silvestre Isla Coraz\u00f3n y Fragata"},"content":{"rendered":"<p style=\"text-align: justify;\">El Ministerio del Ambiente (MAE), con el objetivo de contar con m\u00e1s gu\u00edas naturistas que cubran la demanda de visitantes que ingresan al Refugio de Vida Silvestre Isla Coraz\u00f3n y Fragata (Revisicof), inici\u00f3 hoy un curso para capacitar a 20 personas, en la provincia de Manab\u00ed.<\/p>\n<p style=\"text-align: justify;\">Ser\u00e1n 28 d\u00edas de capacitaci\u00f3n ininterrumpida en temas como introducci\u00f3n al turismo sostenible, atenci\u00f3n al cliente y calidad del servicio, t\u00e9cnicas de guiar, fauna, flora, patrimonio natural, patrimonio cultural, legislaci\u00f3n ambiental, ingl\u00e9s b\u00e1sico, primeros auxilios, t\u00e9cnicas de canotaje y ruta de turismo en el \u00e1rea protegida.<\/p>\n<p style=\"text-align: justify;\">En esta preparaci\u00f3n de nativos, el MAE ha buscado la participaci\u00f3n del Ministerio de Turismo, Empresa P\u00fablica de Parques, Instituto Nacional de Patrimonio Cultural, Secretar\u00eda Nacional de Gesti\u00f3n de Riesgos y Capitan\u00eda de Puerto.<\/p>\n<p style=\"text-align: justify;\">Mayra Vera, responsable del Revisicof, mencion\u00f3 que hasta el 30 de octubre los capacitados ser\u00e1n evaluados, previamente a la obtenci\u00f3n de las credenciales que los acreditan como gu\u00edas naturalistas.<\/p>\n<div id='gallery-1' class='gallery galleryid-14773 gallery-columns-4 gallery-size-thumbnail'><dl class='gallery-item'>\n\t\t\t<dt class='gallery-icon landscape'>\n\t\t\t\t<a href='https:\/\/www.ambienteyenergia.gob.ec\/ambiente\/guias-naturalistas-fueron-capacitados-en-el-refugio-de-vida-silvestre-isla-corazon-y-fragata\/img_7070\/'><img loading=\"lazy\" decoding=\"async\" width=\"150\" height=\"150\" src=\"https:\/\/www.ambienteyenergia.gob.ec\/ambiente\/wp-content\/uploads\/sites\/2\/2013\/09\/IMG_7070-150x150.jpg\" class=\"attachment-thumbnail size-thumbnail\" alt=\"\" \/><\/a>\n\t\t\t<\/dt><\/dl><dl class='gallery-item'>\n\t\t\t<dt class='gallery-icon landscape'>\n\t\t\t\t<a href='https:\/\/www.ambienteyenergia.gob.ec\/ambiente\/guias-naturalistas-fueron-capacitados-en-el-refugio-de-vida-silvestre-isla-corazon-y-fragata\/img_7099\/'><img loading=\"lazy\" decoding=\"async\" width=\"150\" height=\"150\" src=\"https:\/\/www.ambienteyenergia.gob.ec\/ambiente\/wp-content\/uploads\/sites\/2\/2013\/09\/IMG_7099-150x150.jpg\" class=\"attachment-thumbnail size-thumbnail\" alt=\"\" \/><\/a>\n\t\t\t<\/dt><\/dl><dl class='gallery-item'>\n\t\t\t<dt class='gallery-icon landscape'>\n\t\t\t\t<a href='https:\/\/www.ambienteyenergia.gob.ec\/ambiente\/guias-naturalistas-fueron-capacitados-en-el-refugio-de-vida-silvestre-isla-corazon-y-fragata\/img_7113\/'><img loading=\"lazy\" decoding=\"async\" width=\"150\" height=\"150\" src=\"https:\/\/www.ambienteyenergia.gob.ec\/ambiente\/wp-content\/uploads\/sites\/2\/2013\/09\/IMG_7113-150x150.jpg\" class=\"attachment-thumbnail size-thumbnail\" alt=\"\" \/><\/a>\n\t\t\t<\/dt><\/dl>\n\t\t\t<br style='clear: both' \/>\n\t\t<\/div>\n\n","protected":false},"excerpt":{"rendered":"<p class=\"excerpt\">El Ministerio del Ambiente (MAE), con el objetivo de contar con m\u00e1s gu\u00edas naturistas que cubran la demanda de visitantes que ingresan al Refugio de Vida Silvestre Isla Coraz\u00f3n y Fragata (Revisicof), inici\u00f3 hoy un curso para capacitar a 20 personas, en la provincia de Manab\u00ed. Ser\u00e1n 28 d\u00edas de capacitaci\u00f3n ininterrumpida en temas como introducci\u00f3n al turismo sostenible, atenci\u00f3n&hellip; <a href=\"https:\/\/www.ambienteyenergia.gob.ec\/ambiente\/guias-naturalistas-fueron-capacitados-en-el-refugio-de-vida-silvestre-isla-corazon-y-fragata\/\">Read more &rarr;<\/a><\/p>\n","protected":false},"author":13,"featured_media":14776,"comment_status":"open","ping_status":"open","sticky":false,"template":"","format":"standard","meta":{"footnotes":""},"categories":[16,4],"tags":[],"class_list":["post-14773","post","type-post","status-publish","format-standard","has-post-thumbnail","hentry","category-comunicamos","category-noticias","xfolkentry"],"_links":{"self":[{"href":"https:\/\/www.ambienteyenergia.gob.ec\/ambiente\/wp-json\/wp\/v2\/posts\/14773","targetHints":{"allow":["GET"]}}],"collection":[{"href":"https:\/\/www.ambienteyenergia.gob.ec\/ambiente\/wp-json\/wp\/v2\/posts"}],"about":[{"href":"https:\/\/www.ambienteyenergia.gob.ec\/ambiente\/wp-json\/wp\/v2\/types\/post"}],"author":[{"embeddable":true,"href":"https:\/\/www.ambienteyenergia.gob.ec\/ambiente\/wp-json\/wp\/v2\/users\/13"}],"replies":[{"embeddable":true,"href":"https:\/\/www.ambienteyenergia.gob.ec\/ambiente\/wp-json\/wp\/v2\/comments?post=14773"}],"version-history":[{"count":0,"href":"https:\/\/www.ambienteyenergia.gob.ec\/ambiente\/wp-json\/wp\/v2\/posts\/14773\/revisions"}],"wp:featuredmedia":[{"embeddable":true,"href":"https:\/\/www.ambienteyenergia.gob.ec\/ambiente\/wp-json\/wp\/v2\/media\/14776"}],"wp:attachment":[{"href":"https:\/\/www.ambienteyenergia.gob.ec\/ambiente\/wp-json\/wp\/v2\/media?parent=14773"}],"wp:term":[{"taxonomy":"category","embeddable":true,"href":"https:\/\/www.ambienteyenergia.gob.ec\/ambiente\/wp-json\/wp\/v2\/categories?post=14773"},{"taxonomy":"post_tag","embeddable":true,"href":"https:\/\/www.ambienteyenergia.gob.ec\/ambiente\/wp-json\/wp\/v2\/tags?post=14773"}],"curies":[{"name":"wp","href":"https:\/\/api.w.org\/{rel}","templated":true}]}}