{"id":14756,"date":"2013-09-02T14:51:37","date_gmt":"2013-09-02T19:51:37","guid":{"rendered":"http:\/\/www.ambiente.gob.ec\/?p=14756"},"modified":"2013-09-02T14:52:29","modified_gmt":"2013-09-02T19:52:29","slug":"mae-entrega-23-certificados-a-promotores-ambientales-en-la-parroquia-pilahuin-tungurahua","status":"publish","type":"post","link":"https:\/\/www.ambienteyenergia.gob.ec\/ambiente\/mae-entrega-23-certificados-a-promotores-ambientales-en-la-parroquia-pilahuin-tungurahua\/","title":{"rendered":"MAE entrega 23 certificados a promotores ambientales en la parroquia Pilahuin (Tungurahua)"},"content":{"rendered":"<p style=\"text-align: justify;\">El Ministerio del Ambiente (MAE) entreg\u00f3 23 certificados a los Promotores Ambientales de la parroquia rural de Pilahuin, que participaron en el proyecto de Educaci\u00f3n Ambiental \u201cEcotalleres\u201d. La incorporaci\u00f3n se desarroll\u00f3, el pasado 30 de agosto, en la casa agr\u00edcola de la parroquia, provincia de Tungurahua. El objetivo principal de este tipo de capacitaciones es formar a l\u00edderes comunitarios en las parroquias rurales del pa\u00eds que sepan dar soluci\u00f3n a los conflictos locales.<\/p>\n<p style=\"text-align: justify;\">Al evento asistieron autoridades como Alejandro Tomaquiza, \u00a0presidente del Gobierno Aut\u00f3nomo Descentralizado Parroquial de Pilahuin; Omar Land\u00e1zuri, Director Provincial del Ambiente Tungurahua; Roberto Puentes, Coordinador Nacional de Planificaci\u00f3n del Consejo Nacional de Gobiernos Parroquiales Rurales del Ecuador y Mar\u00eda Fernanda Mora, Coordinadora Nacional del componente\u00a0 \u201cEcotalleres\u201d del Ministerio del Ambiente.<\/p>\n<p style=\"text-align: justify;\">En este reconocieron el esfuerzo y capacidad de liderazgo de los 23 ecotalleristas ind\u00edgenas que durante 80 horas recibieron capacitaci\u00f3n sobre Gesti\u00f3n Ambiental y desarrollo Sostenible, Problemas Ambientales y Calidad de Vida, Educaci\u00f3n Ambiental comunitaria en la pr\u00e1ctica, entre otros temas.<\/p>\n<p style=\"text-align: justify;\">Los ecotalleristas trabajaran con mayor \u00e9nfasis en el cuidado ambiental\u00a0 y el apoyo directo a la gesti\u00f3n de las autoridades locales,\u00a0 proponiendo alternativas para un manejo adecuado y sustentable de los recursos naturales mediante la generaci\u00f3n de propuestas y peque\u00f1os proyectos.<\/p>\n<p style=\"text-align: justify;\">Los Ecotalleres forman parte del proyecto de Educaci\u00f3n Ambiental Ciudadana\u00a0 \u201cSomos parte de la soluci\u00f3n\u201d, que contribuye al desarrollo rural del Ecuador.<\/p>\n<p style=\"text-align: justify;\">En lo que queda del a\u00f1o, se realizaran tres ecotalleres m\u00e1s en las parroquias de R\u00edo Verde, Santa Rosa y San Miguelito.<\/p>\n<div id='gallery-1' class='gallery galleryid-14756 gallery-columns-4 gallery-size-thumbnail'><dl class='gallery-item'>\n\t\t\t<dt class='gallery-icon landscape'>\n\t\t\t\t<a href='https:\/\/www.ambienteyenergia.gob.ec\/ambiente\/mae-entrega-23-certificados-a-promotores-ambientales-en-la-parroquia-pilahuin-tungurahua\/s-4\/'><img loading=\"lazy\" decoding=\"async\" width=\"150\" height=\"150\" src=\"https:\/\/www.ambienteyenergia.gob.ec\/ambiente\/wp-content\/uploads\/sites\/2\/2013\/09\/DSC05332-150x150.jpg\" class=\"attachment-thumbnail size-thumbnail\" alt=\"\" \/><\/a>\n\t\t\t<\/dt><\/dl><dl class='gallery-item'>\n\t\t\t<dt class='gallery-icon portrait'>\n\t\t\t\t<a href='https:\/\/www.ambienteyenergia.gob.ec\/ambiente\/mae-entrega-23-certificados-a-promotores-ambientales-en-la-parroquia-pilahuin-tungurahua\/s-6\/'><img loading=\"lazy\" decoding=\"async\" width=\"150\" height=\"150\" src=\"https:\/\/www.ambienteyenergia.gob.ec\/ambiente\/wp-content\/uploads\/sites\/2\/2013\/09\/DSC05287-150x150.jpg\" class=\"attachment-thumbnail size-thumbnail\" alt=\"\" \/><\/a>\n\t\t\t<\/dt><\/dl><dl class='gallery-item'>\n\t\t\t<dt class='gallery-icon landscape'>\n\t\t\t\t<a href='https:\/\/www.ambienteyenergia.gob.ec\/ambiente\/mae-entrega-23-certificados-a-promotores-ambientales-en-la-parroquia-pilahuin-tungurahua\/s-7\/'><img loading=\"lazy\" decoding=\"async\" width=\"150\" height=\"150\" src=\"https:\/\/www.ambienteyenergia.gob.ec\/ambiente\/wp-content\/uploads\/sites\/2\/2013\/09\/DSC05288-150x150.jpg\" class=\"attachment-thumbnail size-thumbnail\" alt=\"\" \/><\/a>\n\t\t\t<\/dt><\/dl><dl class='gallery-item'>\n\t\t\t<dt class='gallery-icon portrait'>\n\t\t\t\t<a href='https:\/\/www.ambienteyenergia.gob.ec\/ambiente\/mae-entrega-23-certificados-a-promotores-ambientales-en-la-parroquia-pilahuin-tungurahua\/s-8\/'><img loading=\"lazy\" decoding=\"async\" width=\"150\" height=\"150\" src=\"https:\/\/www.ambienteyenergia.gob.ec\/ambiente\/wp-content\/uploads\/sites\/2\/2013\/09\/DSC05290-150x150.jpg\" class=\"attachment-thumbnail size-thumbnail\" alt=\"\" \/><\/a>\n\t\t\t<\/dt><\/dl><br style=\"clear: both\" \/><dl class='gallery-item'>\n\t\t\t<dt class='gallery-icon landscape'>\n\t\t\t\t<a href='https:\/\/www.ambienteyenergia.gob.ec\/ambiente\/mae-entrega-23-certificados-a-promotores-ambientales-en-la-parroquia-pilahuin-tungurahua\/s-9\/'><img loading=\"lazy\" decoding=\"async\" width=\"150\" height=\"150\" src=\"https:\/\/www.ambienteyenergia.gob.ec\/ambiente\/wp-content\/uploads\/sites\/2\/2013\/09\/DSC05292-150x150.jpg\" class=\"attachment-thumbnail size-thumbnail\" alt=\"\" \/><\/a>\n\t\t\t<\/dt><\/dl><dl class='gallery-item'>\n\t\t\t<dt class='gallery-icon portrait'>\n\t\t\t\t<a href='https:\/\/www.ambienteyenergia.gob.ec\/ambiente\/mae-entrega-23-certificados-a-promotores-ambientales-en-la-parroquia-pilahuin-tungurahua\/s-10\/'><img loading=\"lazy\" decoding=\"async\" width=\"150\" height=\"150\" src=\"https:\/\/www.ambienteyenergia.gob.ec\/ambiente\/wp-content\/uploads\/sites\/2\/2013\/09\/DSC05294-150x150.jpg\" class=\"attachment-thumbnail size-thumbnail\" alt=\"\" \/><\/a>\n\t\t\t<\/dt><\/dl><dl class='gallery-item'>\n\t\t\t<dt class='gallery-icon landscape'>\n\t\t\t\t<a href='https:\/\/www.ambienteyenergia.gob.ec\/ambiente\/mae-entrega-23-certificados-a-promotores-ambientales-en-la-parroquia-pilahuin-tungurahua\/s-11\/'><img loading=\"lazy\" decoding=\"async\" width=\"150\" height=\"150\" src=\"https:\/\/www.ambienteyenergia.gob.ec\/ambiente\/wp-content\/uploads\/sites\/2\/2013\/09\/DSC05315-150x150.jpg\" class=\"attachment-thumbnail size-thumbnail\" alt=\"\" \/><\/a>\n\t\t\t<\/dt><\/dl><dl class='gallery-item'>\n\t\t\t<dt class='gallery-icon landscape'>\n\t\t\t\t<a href='https:\/\/www.ambienteyenergia.gob.ec\/ambiente\/mae-entrega-23-certificados-a-promotores-ambientales-en-la-parroquia-pilahuin-tungurahua\/s-12\/'><img loading=\"lazy\" decoding=\"async\" width=\"150\" height=\"150\" src=\"https:\/\/www.ambienteyenergia.gob.ec\/ambiente\/wp-content\/uploads\/sites\/2\/2013\/09\/DSC05320-150x150.jpg\" class=\"attachment-thumbnail size-thumbnail\" alt=\"\" \/><\/a>\n\t\t\t<\/dt><\/dl><br style=\"clear: both\" \/>\n\t\t<\/div>\n\n","protected":false},"excerpt":{"rendered":"<p class=\"excerpt\">El Ministerio del Ambiente (MAE) entreg\u00f3 23 certificados a los Promotores Ambientales de la parroquia rural de Pilahuin, que participaron en el proyecto de Educaci\u00f3n Ambiental \u201cEcotalleres\u201d. La incorporaci\u00f3n se desarroll\u00f3, el pasado 30 de agosto, en la casa agr\u00edcola de la parroquia, provincia de Tungurahua. El objetivo principal de este tipo de capacitaciones es formar a l\u00edderes comunitarios en&hellip; <a href=\"https:\/\/www.ambienteyenergia.gob.ec\/ambiente\/mae-entrega-23-certificados-a-promotores-ambientales-en-la-parroquia-pilahuin-tungurahua\/\">Read more &rarr;<\/a><\/p>\n","protected":false},"author":13,"featured_media":14757,"comment_status":"open","ping_status":"open","sticky":false,"template":"","format":"standard","meta":{"footnotes":""},"categories":[16,4],"tags":[],"class_list":["post-14756","post","type-post","status-publish","format-standard","has-post-thumbnail","hentry","category-comunicamos","category-noticias","xfolkentry"],"_links":{"self":[{"href":"https:\/\/www.ambienteyenergia.gob.ec\/ambiente\/wp-json\/wp\/v2\/posts\/14756","targetHints":{"allow":["GET"]}}],"collection":[{"href":"https:\/\/www.ambienteyenergia.gob.ec\/ambiente\/wp-json\/wp\/v2\/posts"}],"about":[{"href":"https:\/\/www.ambienteyenergia.gob.ec\/ambiente\/wp-json\/wp\/v2\/types\/post"}],"author":[{"embeddable":true,"href":"https:\/\/www.ambienteyenergia.gob.ec\/ambiente\/wp-json\/wp\/v2\/users\/13"}],"replies":[{"embeddable":true,"href":"https:\/\/www.ambienteyenergia.gob.ec\/ambiente\/wp-json\/wp\/v2\/comments?post=14756"}],"version-history":[{"count":0,"href":"https:\/\/www.ambienteyenergia.gob.ec\/ambiente\/wp-json\/wp\/v2\/posts\/14756\/revisions"}],"wp:featuredmedia":[{"embeddable":true,"href":"https:\/\/www.ambienteyenergia.gob.ec\/ambiente\/wp-json\/wp\/v2\/media\/14757"}],"wp:attachment":[{"href":"https:\/\/www.ambienteyenergia.gob.ec\/ambiente\/wp-json\/wp\/v2\/media?parent=14756"}],"wp:term":[{"taxonomy":"category","embeddable":true,"href":"https:\/\/www.ambienteyenergia.gob.ec\/ambiente\/wp-json\/wp\/v2\/categories?post=14756"},{"taxonomy":"post_tag","embeddable":true,"href":"https:\/\/www.ambienteyenergia.gob.ec\/ambiente\/wp-json\/wp\/v2\/tags?post=14756"}],"curies":[{"name":"wp","href":"https:\/\/api.w.org\/{rel}","templated":true}]}}