{"id":14742,"date":"2013-09-02T14:11:58","date_gmt":"2013-09-02T19:11:58","guid":{"rendered":"http:\/\/www.ambiente.gob.ec\/?p=14742"},"modified":"2013-09-02T14:27:13","modified_gmt":"2013-09-02T19:27:13","slug":"mae-rescato-seis-especimenes-de-vida-silvestre-en-santo-domingo-de-los-tsachilas","status":"publish","type":"post","link":"https:\/\/www.ambienteyenergia.gob.ec\/ambiente\/mae-rescato-seis-especimenes-de-vida-silvestre-en-santo-domingo-de-los-tsachilas\/","title":{"rendered":"MAE rescat\u00f3  seis espec\u00edmenes de vida silvestre en Santo Domingo de los Ts\u00e1chilas"},"content":{"rendered":"<p style=\"text-align: justify;\">Una tortuga mordedora (<em>Chelydra acutirostris<\/em>), un mono machin (<em>Cebus albifrons aequatorialis<\/em>), un perezoso de tres u\u00f1as (<em>Bradypus variegatus<\/em>) y tres Boas matacaballo (<em>Boa constrictor constrictor<\/em>) fueron rescatados por funcionarios del Ministerio del Ambiente (MAE) y agentes de la Unidad de Protecci\u00f3n del Medio Ambiente (UPMA) de la Polic\u00eda Nacional, en la semana del 26 al 30 de agosto.<\/p>\n<p style=\"text-align: justify;\">Estos ejemplares fueron trasladados al Zool\u00f3gico \u201cEl Barquero\u201d, ubicado en la provincia, en donde el m\u00e9dico veterinario realiz\u00f3 la respectiva valoraci\u00f3n de su estado de salud. Luego de ello, permanecer\u00e1n en cuarentena hasta que la liberaci\u00f3n en su h\u00e1bitat natural sea posible.<\/p>\n<p style=\"text-align: justify;\">El perezoso de tres u\u00f1as (<em>Bradypus variegatus<\/em>), en etapa de vida juvenil, al parecer fue separado de su madre por lo que se encuentra en custodia y monitoreo permanente por parte del administrador y el veterinario del\u00a0Centro de Tenencia de Animales Silvestres hasta que sea auto-suficiente para ser liberado en el Bosque H\u00famedo Tropical.<\/p>\n<p style=\"text-align: justify;\">La mayor\u00eda de estos animales silvestres se encontraban en un ambiente no adecuado para su bienestar y desarrollo. Estas especies est\u00e1n registradas en la Convenci\u00f3n sobre el Comercio Internacional de Especies Amenazadas de Fauna y Flora Silvestres (CITES) y en la Lista Roja de Fauna del Ecuador.<\/p>\n<p style=\"text-align: justify;\">Luego del decomiso, personal de esta Cartera de Estado explic\u00f3 a las personas que ten\u00edan a los espec\u00edmenes que en la Ley Forestal y de Conservaci\u00f3n de \u00c1reas Naturales y Vida Silvestre, y el C\u00f3digo Penal se establecen sanciones como multas y prisi\u00f3n por tenencia ilegal, cacer\u00eda, y comercio ilegal de\u00a0 espec\u00edmenes de fauna silvestre.<\/p>\n<p style=\"text-align: justify;\">Estos operativos ejecutados por el MAE, se realizan de manera constante\u00a0 como parte del control de\u00a0 tr\u00e1fico y tenencia de animales de vida silvestre en la provincia Ts\u00e1chila y en todo el pa\u00eds.<\/p>\n<div id='gallery-1' class='gallery galleryid-14742 gallery-columns-4 gallery-size-thumbnail'><dl class='gallery-item'>\n\t\t\t<dt class='gallery-icon landscape'>\n\t\t\t\t<a href='https:\/\/www.ambienteyenergia.gob.ec\/ambiente\/mae-rescato-seis-especimenes-de-vida-silvestre-en-santo-domingo-de-los-tsachilas\/boas-matacaballo\/'><img loading=\"lazy\" decoding=\"async\" width=\"150\" height=\"150\" src=\"https:\/\/www.ambienteyenergia.gob.ec\/ambiente\/wp-content\/uploads\/sites\/2\/2013\/09\/BOAS-MATACABALLO-150x150.jpg\" class=\"attachment-thumbnail size-thumbnail\" alt=\"\" \/><\/a>\n\t\t\t<\/dt><\/dl><dl class='gallery-item'>\n\t\t\t<dt class='gallery-icon landscape'>\n\t\t\t\t<a href='https:\/\/www.ambienteyenergia.gob.ec\/ambiente\/mae-rescato-seis-especimenes-de-vida-silvestre-en-santo-domingo-de-los-tsachilas\/perezoso-3-unas\/'><img loading=\"lazy\" decoding=\"async\" width=\"150\" height=\"150\" src=\"https:\/\/www.ambienteyenergia.gob.ec\/ambiente\/wp-content\/uploads\/sites\/2\/2013\/09\/PEREZOSO-3-U\u00d1AS-150x150.jpg\" class=\"attachment-thumbnail size-thumbnail\" alt=\"\" \/><\/a>\n\t\t\t<\/dt><\/dl><dl class='gallery-item'>\n\t\t\t<dt class='gallery-icon landscape'>\n\t\t\t\t<a href='https:\/\/www.ambienteyenergia.gob.ec\/ambiente\/mae-rescato-seis-especimenes-de-vida-silvestre-en-santo-domingo-de-los-tsachilas\/tortuga-mono\/'><img loading=\"lazy\" decoding=\"async\" width=\"150\" height=\"150\" src=\"https:\/\/www.ambienteyenergia.gob.ec\/ambiente\/wp-content\/uploads\/sites\/2\/2013\/09\/TORTUGA-MONO-150x150.jpg\" class=\"attachment-thumbnail size-thumbnail\" alt=\"\" \/><\/a>\n\t\t\t<\/dt><\/dl>\n\t\t\t<br style='clear: both' \/>\n\t\t<\/div>\n\n","protected":false},"excerpt":{"rendered":"<p class=\"excerpt\">Una tortuga mordedora (Chelydra acutirostris), un mono machin (Cebus albifrons aequatorialis), un perezoso de tres u\u00f1as (Bradypus variegatus) y tres Boas matacaballo (Boa constrictor constrictor) fueron rescatados por funcionarios del Ministerio del Ambiente (MAE) y agentes de la Unidad de Protecci\u00f3n del Medio Ambiente (UPMA) de la Polic\u00eda Nacional, en la semana del 26 al 30 de agosto. Estos ejemplares&hellip; <a href=\"https:\/\/www.ambienteyenergia.gob.ec\/ambiente\/mae-rescato-seis-especimenes-de-vida-silvestre-en-santo-domingo-de-los-tsachilas\/\">Read more &rarr;<\/a><\/p>\n","protected":false},"author":13,"featured_media":14743,"comment_status":"open","ping_status":"open","sticky":false,"template":"","format":"standard","meta":{"footnotes":""},"categories":[16,4],"tags":[],"class_list":["post-14742","post","type-post","status-publish","format-standard","has-post-thumbnail","hentry","category-comunicamos","category-noticias","xfolkentry"],"_links":{"self":[{"href":"https:\/\/www.ambienteyenergia.gob.ec\/ambiente\/wp-json\/wp\/v2\/posts\/14742","targetHints":{"allow":["GET"]}}],"collection":[{"href":"https:\/\/www.ambienteyenergia.gob.ec\/ambiente\/wp-json\/wp\/v2\/posts"}],"about":[{"href":"https:\/\/www.ambienteyenergia.gob.ec\/ambiente\/wp-json\/wp\/v2\/types\/post"}],"author":[{"embeddable":true,"href":"https:\/\/www.ambienteyenergia.gob.ec\/ambiente\/wp-json\/wp\/v2\/users\/13"}],"replies":[{"embeddable":true,"href":"https:\/\/www.ambienteyenergia.gob.ec\/ambiente\/wp-json\/wp\/v2\/comments?post=14742"}],"version-history":[{"count":0,"href":"https:\/\/www.ambienteyenergia.gob.ec\/ambiente\/wp-json\/wp\/v2\/posts\/14742\/revisions"}],"wp:featuredmedia":[{"embeddable":true,"href":"https:\/\/www.ambienteyenergia.gob.ec\/ambiente\/wp-json\/wp\/v2\/media\/14743"}],"wp:attachment":[{"href":"https:\/\/www.ambienteyenergia.gob.ec\/ambiente\/wp-json\/wp\/v2\/media?parent=14742"}],"wp:term":[{"taxonomy":"category","embeddable":true,"href":"https:\/\/www.ambienteyenergia.gob.ec\/ambiente\/wp-json\/wp\/v2\/categories?post=14742"},{"taxonomy":"post_tag","embeddable":true,"href":"https:\/\/www.ambienteyenergia.gob.ec\/ambiente\/wp-json\/wp\/v2\/tags?post=14742"}],"curies":[{"name":"wp","href":"https:\/\/api.w.org\/{rel}","templated":true}]}}