{"id":14731,"date":"2013-09-02T10:55:16","date_gmt":"2013-09-02T15:55:16","guid":{"rendered":"http:\/\/www.ambiente.gob.ec\/?p=14731"},"modified":"2013-09-02T10:55:16","modified_gmt":"2013-09-02T15:55:16","slug":"tortuga-mordedora-fue-rescatada-en-bolivar","status":"publish","type":"post","link":"https:\/\/www.ambienteyenergia.gob.ec\/ambiente\/tortuga-mordedora-fue-rescatada-en-bolivar\/","title":{"rendered":"Tortuga mordedora fue rescatada en Bol\u00edvar"},"content":{"rendered":"<p style=\"text-align: justify;\">El Ministerio del Ambiente (MAE), a trav\u00e9s de la Direcci\u00f3n Provincial de Bol\u00edvar, realiz\u00f3 el rescate de una tortuga mordedora (<em>Chelydra acutirostris<\/em>), en el cant\u00f3n Guaranda, el pasado viernes 30 de agosto.<\/p>\n<p style=\"text-align: justify;\">Tras una denuncia de los moradores del sector, funcionarios de esta Cartera de Estado conjuntamente con los miembros de la Unidad de Protecci\u00f3n del Medio Ambiente de la Polic\u00eda Nacional (UPMA), se movilizaron de inmediato al lugar para decomisar a este\u00a0 ejemplar.<\/p>\n<p style=\"text-align: justify;\">Luego de verificar su estado de salud, el animal fue trasladado al Centro de Manejo de Vida Silvestre Eco Zool\u00f3gico San Mart\u00edn, ubicado en la ciudad de Ba\u00f1os de Agua Santa, provincia de Tungurahua, en donde se le realizar\u00e1n chequeos m\u00e9dicos\u00a0 por parte de los veterinarios.<\/p>\n<p style=\"text-align: justify;\">El MAE continuar\u00e1 con los operativos de control y a la vez, seguir\u00e1 informando a la ciudadan\u00eda sobre la prohibici\u00f3n de tenencia de especies de vida silvestre. Asimismo, invita a la poblaci\u00f3n a denunciar o comunicar la ubicaci\u00f3n de fauna silvestre al tel\u00e9fono al tel\u00e9fono 1 800 AMBIENTE, (2624-368) o al portal web <a href=\"http:\/\/soportesuia.ambiente.gob.ec\/otrs\/customer.pl\">MAE TRANSPARENTE.<\/a><\/p>\n<p>\u00a0\u00a0<a href=\"http:\/\/www.ambienteyenergia.gob.ec\/ambiente\/wp-content\/uploads\/2013\/09\/P1070464.jpg\"><img loading=\"lazy\" decoding=\"async\" class=\"aligncenter size-full wp-image-14733\" title=\"Tortuga mordedora fue rescatada en Bol\u00edvar\" src=\"http:\/\/www.ambienteyenergia.gob.ec\/ambiente\/wp-content\/uploads\/2013\/09\/P1070464.jpg\" alt=\"\" width=\"650\" height=\"488\" srcset=\"https:\/\/www.ambienteyenergia.gob.ec\/ambiente\/wp-content\/uploads\/sites\/2\/2013\/09\/P1070464.jpg 650w, https:\/\/www.ambienteyenergia.gob.ec\/ambiente\/wp-content\/uploads\/sites\/2\/2013\/09\/P1070464-300x225.jpg 300w, https:\/\/www.ambienteyenergia.gob.ec\/ambiente\/wp-content\/uploads\/sites\/2\/2013\/09\/P1070464-399x300.jpg 399w\" sizes=\"auto, (max-width: 650px) 100vw, 650px\" \/><\/a><\/p>\n","protected":false},"excerpt":{"rendered":"<p class=\"excerpt\">El Ministerio del Ambiente (MAE), a trav\u00e9s de la Direcci\u00f3n Provincial de Bol\u00edvar, realiz\u00f3 el rescate de una tortuga mordedora (Chelydra acutirostris), en el cant\u00f3n Guaranda, el pasado viernes 30 de agosto. Tras una denuncia de los moradores del sector, funcionarios de esta Cartera de Estado conjuntamente con los miembros de la Unidad de Protecci\u00f3n del Medio Ambiente de la&hellip; <a href=\"https:\/\/www.ambienteyenergia.gob.ec\/ambiente\/tortuga-mordedora-fue-rescatada-en-bolivar\/\">Read more &rarr;<\/a><\/p>\n","protected":false},"author":13,"featured_media":14732,"comment_status":"open","ping_status":"open","sticky":false,"template":"","format":"standard","meta":{"footnotes":""},"categories":[16,4],"tags":[],"class_list":["post-14731","post","type-post","status-publish","format-standard","has-post-thumbnail","hentry","category-comunicamos","category-noticias","xfolkentry"],"_links":{"self":[{"href":"https:\/\/www.ambienteyenergia.gob.ec\/ambiente\/wp-json\/wp\/v2\/posts\/14731","targetHints":{"allow":["GET"]}}],"collection":[{"href":"https:\/\/www.ambienteyenergia.gob.ec\/ambiente\/wp-json\/wp\/v2\/posts"}],"about":[{"href":"https:\/\/www.ambienteyenergia.gob.ec\/ambiente\/wp-json\/wp\/v2\/types\/post"}],"author":[{"embeddable":true,"href":"https:\/\/www.ambienteyenergia.gob.ec\/ambiente\/wp-json\/wp\/v2\/users\/13"}],"replies":[{"embeddable":true,"href":"https:\/\/www.ambienteyenergia.gob.ec\/ambiente\/wp-json\/wp\/v2\/comments?post=14731"}],"version-history":[{"count":0,"href":"https:\/\/www.ambienteyenergia.gob.ec\/ambiente\/wp-json\/wp\/v2\/posts\/14731\/revisions"}],"wp:featuredmedia":[{"embeddable":true,"href":"https:\/\/www.ambienteyenergia.gob.ec\/ambiente\/wp-json\/wp\/v2\/media\/14732"}],"wp:attachment":[{"href":"https:\/\/www.ambienteyenergia.gob.ec\/ambiente\/wp-json\/wp\/v2\/media?parent=14731"}],"wp:term":[{"taxonomy":"category","embeddable":true,"href":"https:\/\/www.ambienteyenergia.gob.ec\/ambiente\/wp-json\/wp\/v2\/categories?post=14731"},{"taxonomy":"post_tag","embeddable":true,"href":"https:\/\/www.ambienteyenergia.gob.ec\/ambiente\/wp-json\/wp\/v2\/tags?post=14731"}],"curies":[{"name":"wp","href":"https:\/\/api.w.org\/{rel}","templated":true}]}}