{"id":14725,"date":"2013-09-01T15:41:09","date_gmt":"2013-09-01T20:41:09","guid":{"rendered":"http:\/\/www.ambiente.gob.ec\/?p=14725"},"modified":"2013-09-02T13:44:29","modified_gmt":"2013-09-02T18:44:29","slug":"nuevo-incendio-en-chimborazo-es-controlado-totalmente","status":"publish","type":"post","link":"https:\/\/www.ambienteyenergia.gob.ec\/ambiente\/nuevo-incendio-en-chimborazo-es-controlado-totalmente\/","title":{"rendered":"Nuevo incendio en Chimborazo es controlado totalmente"},"content":{"rendered":"<p style=\"text-align: justify;\">Ayer, el Ministerio del Ambiente (MAE), en coordinaci\u00f3n con la Secretar\u00eda Nacional de Gesti\u00f3n de Riesgos y el Cuerpo de Bomberos de Alaus\u00ed y Chunbi, control\u00f3 un incendio que consumi\u00f3 seis hect\u00e1reas de bosque y pajonal seco en el sector El Quivi, cant\u00f3n Chunchi, provincia de Chimborazo.<\/p>\n<p style=\"text-align: justify;\">Tras recibir una alerta de incendio, el MAE inmediatamente se moviliz\u00f3 al lugar. Personal del Parque Nacional Sangay realiz\u00f3 los trabajos de sofocaci\u00f3n, pero al ver que el fuego crec\u00eda solicitaron refuerzos al Cuerpo de Bomberos de Alaus\u00ed.<\/p>\n<p style=\"text-align: justify;\">Gracias al trabajo conjunto se logr\u00f3 aplacar el fuego en un tiempo aproximado de 2 horas. \u00a0A pesar de que se consumieron alrededor de seis has de bosque y pajonal seco<strong>, \u00a0<\/strong>no existen reportes de personas, ni viviendas afectadas y a\u00fan se desconoce el origen del incendio.<\/p>\n<p style=\"text-align: justify;\">Luego de apagar totalmente el flagelo, la Direcci\u00f3n Provincial del Ambiente de Chimborazo monitoreo el sector para evitar que se repita un evento como este.<\/p>\n<p style=\"text-align: justify;\">Por su parte, el MAE continuar\u00e1 con campa\u00f1as de prevenci\u00f3n de incendios forestales, comprometiendo a los GADs Municipales y Parroquiales, as\u00ed como a los l\u00edderes comunitarios, a participar de iniciativas de educaci\u00f3n ambiental.<\/p>\n<p style=\"text-align: justify;\">Asimismo, se tomar\u00e1n las acciones administrativas pertinentes y coordinar\u00e1 con la Fiscal\u00eda las investigaciones para determinar si fue un accidente o fue provocado. En el caso de que este fen\u00f3meno haya sido provocado se sancionar\u00e1 de acuerdo a la ley.<\/p>\n<div id='gallery-1' class='gallery galleryid-14725 gallery-columns-4 gallery-size-thumbnail'><dl class='gallery-item'>\n\t\t\t<dt class='gallery-icon landscape'>\n\t\t\t\t<a href='https:\/\/www.ambienteyenergia.gob.ec\/ambiente\/nuevo-incendio-en-chimborazo-es-controlado-totalmente\/i1-3\/'><img loading=\"lazy\" decoding=\"async\" width=\"150\" height=\"150\" src=\"https:\/\/www.ambienteyenergia.gob.ec\/ambiente\/wp-content\/uploads\/sites\/2\/2013\/09\/i1-150x150.jpg\" class=\"attachment-thumbnail size-thumbnail\" alt=\"\" \/><\/a>\n\t\t\t<\/dt><\/dl><dl class='gallery-item'>\n\t\t\t<dt class='gallery-icon landscape'>\n\t\t\t\t<a href='https:\/\/www.ambienteyenergia.gob.ec\/ambiente\/nuevo-incendio-en-chimborazo-es-controlado-totalmente\/i2-2\/'><img loading=\"lazy\" decoding=\"async\" width=\"150\" height=\"150\" src=\"https:\/\/www.ambienteyenergia.gob.ec\/ambiente\/wp-content\/uploads\/sites\/2\/2013\/09\/i2-150x150.jpg\" class=\"attachment-thumbnail size-thumbnail\" alt=\"\" \/><\/a>\n\t\t\t<\/dt><\/dl><dl class='gallery-item'>\n\t\t\t<dt class='gallery-icon landscape'>\n\t\t\t\t<a href='https:\/\/www.ambienteyenergia.gob.ec\/ambiente\/nuevo-incendio-en-chimborazo-es-controlado-totalmente\/i3\/'><img loading=\"lazy\" decoding=\"async\" width=\"150\" height=\"150\" src=\"https:\/\/www.ambienteyenergia.gob.ec\/ambiente\/wp-content\/uploads\/sites\/2\/2013\/09\/i3-150x150.jpg\" class=\"attachment-thumbnail size-thumbnail\" alt=\"\" \/><\/a>\n\t\t\t<\/dt><\/dl><dl class='gallery-item'>\n\t\t\t<dt class='gallery-icon landscape'>\n\t\t\t\t<a href='https:\/\/www.ambienteyenergia.gob.ec\/ambiente\/nuevo-incendio-en-chimborazo-es-controlado-totalmente\/i4\/'><img loading=\"lazy\" decoding=\"async\" width=\"150\" height=\"150\" src=\"https:\/\/www.ambienteyenergia.gob.ec\/ambiente\/wp-content\/uploads\/sites\/2\/2013\/09\/i4-150x150.jpg\" class=\"attachment-thumbnail size-thumbnail\" alt=\"\" \/><\/a>\n\t\t\t<\/dt><\/dl><br style=\"clear: both\" \/>\n\t\t<\/div>\n\n","protected":false},"excerpt":{"rendered":"<p class=\"excerpt\">Ayer, el Ministerio del Ambiente (MAE), en coordinaci\u00f3n con la Secretar\u00eda Nacional de Gesti\u00f3n de Riesgos y el Cuerpo de Bomberos de Alaus\u00ed y Chunbi, control\u00f3 un incendio que consumi\u00f3 seis hect\u00e1reas de bosque y pajonal seco en el sector El Quivi, cant\u00f3n Chunchi, provincia de Chimborazo. Tras recibir una alerta de incendio, el MAE inmediatamente se moviliz\u00f3 al lugar.&hellip; <a href=\"https:\/\/www.ambienteyenergia.gob.ec\/ambiente\/nuevo-incendio-en-chimborazo-es-controlado-totalmente\/\">Read more &rarr;<\/a><\/p>\n","protected":false},"author":13,"featured_media":14737,"comment_status":"open","ping_status":"open","sticky":false,"template":"","format":"standard","meta":{"footnotes":""},"categories":[16,4],"tags":[],"class_list":["post-14725","post","type-post","status-publish","format-standard","has-post-thumbnail","hentry","category-comunicamos","category-noticias","xfolkentry"],"_links":{"self":[{"href":"https:\/\/www.ambienteyenergia.gob.ec\/ambiente\/wp-json\/wp\/v2\/posts\/14725","targetHints":{"allow":["GET"]}}],"collection":[{"href":"https:\/\/www.ambienteyenergia.gob.ec\/ambiente\/wp-json\/wp\/v2\/posts"}],"about":[{"href":"https:\/\/www.ambienteyenergia.gob.ec\/ambiente\/wp-json\/wp\/v2\/types\/post"}],"author":[{"embeddable":true,"href":"https:\/\/www.ambienteyenergia.gob.ec\/ambiente\/wp-json\/wp\/v2\/users\/13"}],"replies":[{"embeddable":true,"href":"https:\/\/www.ambienteyenergia.gob.ec\/ambiente\/wp-json\/wp\/v2\/comments?post=14725"}],"version-history":[{"count":0,"href":"https:\/\/www.ambienteyenergia.gob.ec\/ambiente\/wp-json\/wp\/v2\/posts\/14725\/revisions"}],"wp:featuredmedia":[{"embeddable":true,"href":"https:\/\/www.ambienteyenergia.gob.ec\/ambiente\/wp-json\/wp\/v2\/media\/14737"}],"wp:attachment":[{"href":"https:\/\/www.ambienteyenergia.gob.ec\/ambiente\/wp-json\/wp\/v2\/media?parent=14725"}],"wp:term":[{"taxonomy":"category","embeddable":true,"href":"https:\/\/www.ambienteyenergia.gob.ec\/ambiente\/wp-json\/wp\/v2\/categories?post=14725"},{"taxonomy":"post_tag","embeddable":true,"href":"https:\/\/www.ambienteyenergia.gob.ec\/ambiente\/wp-json\/wp\/v2\/tags?post=14725"}],"curies":[{"name":"wp","href":"https:\/\/api.w.org\/{rel}","templated":true}]}}