{"id":14721,"date":"2013-09-01T09:13:58","date_gmt":"2013-09-01T14:13:58","guid":{"rendered":"http:\/\/www.ambiente.gob.ec\/?p=14721"},"modified":"2013-09-01T09:13:58","modified_gmt":"2013-09-01T14:13:58","slug":"tres-incendios-fueron-controlados-en-chimborazo","status":"publish","type":"post","link":"https:\/\/www.ambienteyenergia.gob.ec\/ambiente\/tres-incendios-fueron-controlados-en-chimborazo\/","title":{"rendered":"Tres incendios fueron controlados en Chimborazo"},"content":{"rendered":"<p style=\"text-align: justify;\">El Ministerio del Ambiente (MAE) logr\u00f3 controlar tres incendios en la provincia de Chimborazo, el pasado 30 de agosto. El primero se registr\u00f3 en la comunidad Pungul Gallo Rumi, ubicada entre los l\u00edmites de la provincia de Chimborazo y Bol\u00edvar, en una plantaci\u00f3n de pino (<em>Pinus radiata<\/em>) y los dos \u00faltimos en la ciudad de Riobamba, uno en la parroquia Lic\u00e1n, en el ba\u00adrrio Armenia y el otro al interior del colegio Maldonado Norte.<\/p>\n<p style=\"text-align: justify;\">Dirigentes de la comunidad Pungul Gallo Rumi alertaron al MAE sobre un incendio forestal, en una plantaci\u00f3n de pino (<em>Pinus radiata<\/em>). Inmediatamente, funcionarios del MAE en coordinaci\u00f3n con la Secretaria Nacional de Gesti\u00f3n de Riesgos, el Cuerpo de Bomberos de la Ciudad de Riobamba y personal de la Polic\u00eda Nacional, acudieron hasta el lugar para controlar el incendio. Asimismo, personal de la Direcci\u00f3n Provincial del Ambiente de Bol\u00edvar se trasladaron al sitio para apoyar en las acciones de control.<\/p>\n<p style=\"text-align: justify;\">Se formaron cuatro brigadas, dos abrieron zanjas corta fuegos para prevenir que el incendio se extienda mientras que las otras dos sofocaban las llamas que se produc\u00edan en el pajonal. A las 18:00 del 30 del mismo d\u00eda se logr\u00f3 controlar el incendio. T\u00e9cnicos del MAE recorrieron la zona afectada para evaluar los da\u00f1os en la plantaci\u00f3n de pino y pajonal. Alrededor de 60 hect\u00e1reas fueron consumidas por las llamas.<\/p>\n<p style=\"text-align: justify;\">Por otra parte, los en la ciudad de Riobamba se iniciaron dos flagelos de aproximadamente 250m<sup>2<\/sup>. Estos se produjeron al quemar malezas y madera se\u00adca.<\/p>\n<p style=\"text-align: justify;\">Las malas pr\u00e1cticas e imprudencia de la ciudadan\u00eda hace que se produzcan estas quemas aisladas, por lo que el MAE insta a la poblaci\u00f3n a ser m\u00e1s cuidadosa y evitar la quema de pajonal sobretodo en esta \u00e9poca del a\u00f1o.<\/p>\n<p style=\"text-align: justify;\">Gracias a la pronta intervenci\u00f3n del MAE se controlaron adecuadamente los incendios.<\/p>\n<p style=\"text-align: justify;\">\n","protected":false},"excerpt":{"rendered":"<p class=\"excerpt\">El Ministerio del Ambiente (MAE) logr\u00f3 controlar tres incendios en la provincia de Chimborazo, el pasado 30 de agosto. El primero se registr\u00f3 en la comunidad Pungul Gallo Rumi, ubicada entre los l\u00edmites de la provincia de Chimborazo y Bol\u00edvar, en una plantaci\u00f3n de pino (Pinus radiata) y los dos \u00faltimos en la ciudad de Riobamba, uno en la parroquia&hellip; <a href=\"https:\/\/www.ambienteyenergia.gob.ec\/ambiente\/tres-incendios-fueron-controlados-en-chimborazo\/\">Read more &rarr;<\/a><\/p>\n","protected":false},"author":13,"featured_media":14722,"comment_status":"open","ping_status":"open","sticky":false,"template":"","format":"standard","meta":{"footnotes":""},"categories":[16,4],"tags":[],"class_list":["post-14721","post","type-post","status-publish","format-standard","has-post-thumbnail","hentry","category-comunicamos","category-noticias","xfolkentry"],"_links":{"self":[{"href":"https:\/\/www.ambienteyenergia.gob.ec\/ambiente\/wp-json\/wp\/v2\/posts\/14721","targetHints":{"allow":["GET"]}}],"collection":[{"href":"https:\/\/www.ambienteyenergia.gob.ec\/ambiente\/wp-json\/wp\/v2\/posts"}],"about":[{"href":"https:\/\/www.ambienteyenergia.gob.ec\/ambiente\/wp-json\/wp\/v2\/types\/post"}],"author":[{"embeddable":true,"href":"https:\/\/www.ambienteyenergia.gob.ec\/ambiente\/wp-json\/wp\/v2\/users\/13"}],"replies":[{"embeddable":true,"href":"https:\/\/www.ambienteyenergia.gob.ec\/ambiente\/wp-json\/wp\/v2\/comments?post=14721"}],"version-history":[{"count":0,"href":"https:\/\/www.ambienteyenergia.gob.ec\/ambiente\/wp-json\/wp\/v2\/posts\/14721\/revisions"}],"wp:featuredmedia":[{"embeddable":true,"href":"https:\/\/www.ambienteyenergia.gob.ec\/ambiente\/wp-json\/wp\/v2\/media\/14722"}],"wp:attachment":[{"href":"https:\/\/www.ambienteyenergia.gob.ec\/ambiente\/wp-json\/wp\/v2\/media?parent=14721"}],"wp:term":[{"taxonomy":"category","embeddable":true,"href":"https:\/\/www.ambienteyenergia.gob.ec\/ambiente\/wp-json\/wp\/v2\/categories?post=14721"},{"taxonomy":"post_tag","embeddable":true,"href":"https:\/\/www.ambienteyenergia.gob.ec\/ambiente\/wp-json\/wp\/v2\/tags?post=14721"}],"curies":[{"name":"wp","href":"https:\/\/api.w.org\/{rel}","templated":true}]}}