{"id":14718,"date":"2013-09-01T08:58:15","date_gmt":"2013-09-01T13:58:15","guid":{"rendered":"http:\/\/www.ambiente.gob.ec\/?p=14718"},"modified":"2013-09-01T08:58:15","modified_gmt":"2013-09-01T13:58:15","slug":"mae-solicito-apoyo-para-controlar-incendio-en-tanlahua-quito","status":"publish","type":"post","link":"https:\/\/www.ambienteyenergia.gob.ec\/ambiente\/mae-solicito-apoyo-para-controlar-incendio-en-tanlahua-quito\/","title":{"rendered":"MAE solicit\u00f3 apoyo para controlar incendio en Tanlahua (Quito)"},"content":{"rendered":"<p style=\"text-align: justify;\">El Ministerio del Ambiente (MAE), tras el incendio que se suscit\u00f3 la madrugada del 30 de agosto, en el sector de Tanlahua, al noroccidente de Quito, junto a la Reserva Geobot\u00e1nica Pululahua, ha coordinado apoyo t\u00e9cnico y operativo con la Direcci\u00f3n Provincial de Ambiente de Pichincha, para que se sumen guardaparques de las Direcciones Provinciales de Imbabura, Cotopaxi, Tungurahua y Chimborazo. El objetivo es extinguir el fuego y evitar que este se propague a la<br \/>\nReserva Geobot\u00e1nica Pululahua.<\/p>\n<p style=\"text-align: justify;\">El personal que brinda asistencia fue entrenado por el Cuerpo de Bomberos de cada una de las localidades, en el combate contra incendios. Asimismo, cuentan con experiencia en la orientaci\u00f3n, traslado y operaci\u00f3n en \u00e1reas agrestes. Con este equipo de trabajo se fortalecer\u00e1 el \u00e1rea de intervenci\u00f3n para extinguir el incendio lo m\u00e1s pronto posible.<\/p>\n<p style=\"text-align: justify;\">El MAE al ser alertado del incendio inmediatamente tom\u00f3 acciones para controlar el flagelo, pero la extensi\u00f3n de este y la condici\u00f3n desfavorable del clima, s\u00f3lo contribuyeron a que las llamas crezcan. En el lugar m\u00e1s de 150 personas act\u00faan para debilitar el fuego.<\/p>\n<p style=\"text-align: justify;\">Las causas del incendio a\u00fan se desconocen y el total de hect\u00e1reas afectadas todav\u00eda no se determina, pues se espera controlar el fuego para levantar datos exactos de la afectaci\u00f3n.<\/p>\n","protected":false},"excerpt":{"rendered":"<p class=\"excerpt\">El Ministerio del Ambiente (MAE), tras el incendio que se suscit\u00f3 la madrugada del 30 de agosto, en el sector de Tanlahua, al noroccidente de Quito, junto a la Reserva Geobot\u00e1nica Pululahua, ha coordinado apoyo t\u00e9cnico y operativo con la Direcci\u00f3n Provincial de Ambiente de Pichincha, para que se sumen guardaparques de las Direcciones Provinciales de Imbabura, Cotopaxi, Tungurahua y&hellip; <a href=\"https:\/\/www.ambienteyenergia.gob.ec\/ambiente\/mae-solicito-apoyo-para-controlar-incendio-en-tanlahua-quito\/\">Read more &rarr;<\/a><\/p>\n","protected":false},"author":13,"featured_media":14719,"comment_status":"open","ping_status":"open","sticky":false,"template":"","format":"standard","meta":{"footnotes":""},"categories":[16,4],"tags":[],"class_list":["post-14718","post","type-post","status-publish","format-standard","has-post-thumbnail","hentry","category-comunicamos","category-noticias","xfolkentry"],"_links":{"self":[{"href":"https:\/\/www.ambienteyenergia.gob.ec\/ambiente\/wp-json\/wp\/v2\/posts\/14718","targetHints":{"allow":["GET"]}}],"collection":[{"href":"https:\/\/www.ambienteyenergia.gob.ec\/ambiente\/wp-json\/wp\/v2\/posts"}],"about":[{"href":"https:\/\/www.ambienteyenergia.gob.ec\/ambiente\/wp-json\/wp\/v2\/types\/post"}],"author":[{"embeddable":true,"href":"https:\/\/www.ambienteyenergia.gob.ec\/ambiente\/wp-json\/wp\/v2\/users\/13"}],"replies":[{"embeddable":true,"href":"https:\/\/www.ambienteyenergia.gob.ec\/ambiente\/wp-json\/wp\/v2\/comments?post=14718"}],"version-history":[{"count":0,"href":"https:\/\/www.ambienteyenergia.gob.ec\/ambiente\/wp-json\/wp\/v2\/posts\/14718\/revisions"}],"wp:featuredmedia":[{"embeddable":true,"href":"https:\/\/www.ambienteyenergia.gob.ec\/ambiente\/wp-json\/wp\/v2\/media\/14719"}],"wp:attachment":[{"href":"https:\/\/www.ambienteyenergia.gob.ec\/ambiente\/wp-json\/wp\/v2\/media?parent=14718"}],"wp:term":[{"taxonomy":"category","embeddable":true,"href":"https:\/\/www.ambienteyenergia.gob.ec\/ambiente\/wp-json\/wp\/v2\/categories?post=14718"},{"taxonomy":"post_tag","embeddable":true,"href":"https:\/\/www.ambienteyenergia.gob.ec\/ambiente\/wp-json\/wp\/v2\/tags?post=14718"}],"curies":[{"name":"wp","href":"https:\/\/api.w.org\/{rel}","templated":true}]}}