{"id":14700,"date":"2013-08-31T17:13:51","date_gmt":"2013-08-31T22:13:51","guid":{"rendered":"http:\/\/www.ambiente.gob.ec\/?p=14700"},"modified":"2013-09-02T17:02:55","modified_gmt":"2013-09-02T22:02:55","slug":"ministra-del-ambiente-lorena-tapia-informo-sobre-acciones-del-mae-para-descontaminacion-del-estero-salado-de-guayaquil","status":"publish","type":"post","link":"https:\/\/www.ambienteyenergia.gob.ec\/ambiente\/ministra-del-ambiente-lorena-tapia-informo-sobre-acciones-del-mae-para-descontaminacion-del-estero-salado-de-guayaquil\/","title":{"rendered":"Ministra del Ambiente, Lorena Tapia, inform\u00f3  sobre acciones del MAE para descontaminaci\u00f3n del Estero Salado de Guayaquil"},"content":{"rendered":"<p style=\"text-align: justify;\">La Ministra del Ambiente, Lorena Tapia, particip\u00f3 hoy en el enlace ciudadano No. 337 que se realiz\u00f3 en Atucucho, al norte de Quito. El Presidente Rafael Correa ensalz\u00f3 el trabajo realizado en respecto a la recuperaci\u00f3n del Estero Salado de Guayaquil.<\/p>\n<p style=\"text-align: justify;\">La M\u00e1xima Autoridad Ambiental fue clara al se\u00f1alar que de\u00a0 las <strong>586<\/strong> industrias identificadas en las cuencas del Alcantarillado Pluvial que\u00a0 afectan de forma directa o indirecta al Estero Salado<strong>, <\/strong>ya existen <strong>130<\/strong> empresas que fueron inspeccionadas y notificadas en cuanto al destino de sus descargas y <strong>456<\/strong> empresas por inspeccionar hasta finales de noviembre de 2013; por lo tanto, las empresas que ya hayan sido notificadas tendr\u00e1n 60 d\u00edas para conectarse a las redes de alcantarillado de lo contrario ser\u00e1n clausuradas.<\/p>\n<p style=\"text-align: justify;\">Por su parte, el Presidente de la Rep\u00fablica del Ecuador Rafael Correa resalt\u00f3 varias de las acciones que se est\u00e1n llevado a cabo para la descontaminaci\u00f3n del Estero, como es la recuperaci\u00f3n vegetal, estrangulamiento en el cauce del Estero, educaci\u00f3n ambiental donde 3.100 personas han sido concientizadas y sensibilizadas. Recalc\u00f3 que una de las acciones m\u00e1s importantes es la gesti\u00f3n de desechos s\u00f3lidos \u201c<strong><em>De nada sirve limpiar si se sigue ensuciando<\/em><\/strong>\u201d, recalc\u00f3. Este es un trabajo que el Ministerio del Ambiente lo ejecuta para recuperar de manera integral este emblem\u00e1tico estero de la ciudad de Guayaquil. <strong><em><\/em><\/strong><\/p>\n<p style=\"text-align: justify;\">Asimismo, indico que <strong>78.733<\/strong> predios no est\u00e1n conectados al sistema de alcantarillado sanitario de la ciudad, y estas\u00a0 afectan de forma directa a las cuencas de alcantarillado pluvial que descargan al Estero Salado, por lo que de ese total, <strong>38.733<\/strong> predios no conectados, no existe alcantarillado sanitario, de los cuales <strong>18.733<\/strong> predios conectar\u00e1n INTERAGUA hasta octubre de 2013, y <strong>20.000<\/strong> predios conectar\u00e1 INTERAGUA (pr\u00e9stamo BEDE Condicionado), trabajos que comenzar\u00e1n desde el mes de Octubre 2013 a Enero de 2014, si la empresa privada (INTERAGUA) cumple los condicionantes; y <strong>40.000<\/strong> conexiones residenciales en sitios que cuentan con el sistema de alcantarillado sanitario, donde INTERAGUA realizar\u00e1 las conexiones intradomiciliarias\u00a0(pr\u00e9stamo BEDE Condicionado).<\/p>\n<p style=\"text-align: justify;\">En ese sentido, la Ministra Tapia mencion\u00f3 que se han mantenido conversaciones con la INTERAGUA en cuanto las conexiones de red de aguas servida, ya que es inamisible que estas cosas sigan sucediendo sin tomar medidas al caso y que la falta de conexi\u00f3n tanto de las domiciliarias como de las Industria siga afectando a la contaminaci\u00f3n del Estero Salado.<\/p>\n<p style=\"text-align: justify;\">Agreg\u00f3 que si EMAPAG-EP-INTERAGUA no realiza las conexiones intradomiciliarias en los tiempos previstos, como Autoridad Ambiental, implementar\u00e1n mecanismos de exigencia al cumplimiento de sus obligaciones.<\/p>\n<p style=\"text-align: justify;\"><em><a href=\"http:\/\/www.ambienteyenergia.gob.ec\/ambiente\/wp-content\/uploads\/downloads\/2013\/09\/3.-PROYECTO-GUAYAQUIL-ECOL\u00d3GICO-MAE.ppt\">Proyecto Guayaquil Ecol\u00f3gico del MAE<\/a><\/em><\/p>\n<p style=\"text-align: justify;\">\n<div id='gallery-1' class='gallery galleryid-14700 gallery-columns-4 gallery-size-thumbnail'><dl class='gallery-item'>\n\t\t\t<dt class='gallery-icon landscape'>\n\t\t\t\t<a href='https:\/\/www.ambienteyenergia.gob.ec\/ambiente\/ministra-del-ambiente-lorena-tapia-informo-sobre-acciones-del-mae-para-descontaminacion-del-estero-salado-de-guayaquil\/_dsc6994\/'><img loading=\"lazy\" decoding=\"async\" width=\"150\" height=\"150\" src=\"https:\/\/www.ambienteyenergia.gob.ec\/ambiente\/wp-content\/uploads\/sites\/2\/2013\/08\/DSC6994-150x150.jpg\" class=\"attachment-thumbnail size-thumbnail\" alt=\"\" \/><\/a>\n\t\t\t<\/dt><\/dl><dl class='gallery-item'>\n\t\t\t<dt class='gallery-icon landscape'>\n\t\t\t\t<a href='https:\/\/www.ambienteyenergia.gob.ec\/ambiente\/ministra-del-ambiente-lorena-tapia-informo-sobre-acciones-del-mae-para-descontaminacion-del-estero-salado-de-guayaquil\/_dsc7041\/'><img loading=\"lazy\" decoding=\"async\" width=\"150\" height=\"150\" src=\"https:\/\/www.ambienteyenergia.gob.ec\/ambiente\/wp-content\/uploads\/sites\/2\/2013\/08\/DSC7041-150x150.jpg\" class=\"attachment-thumbnail size-thumbnail\" alt=\"\" \/><\/a>\n\t\t\t<\/dt><\/dl><dl class='gallery-item'>\n\t\t\t<dt class='gallery-icon landscape'>\n\t\t\t\t<a href='https:\/\/www.ambienteyenergia.gob.ec\/ambiente\/ministra-del-ambiente-lorena-tapia-informo-sobre-acciones-del-mae-para-descontaminacion-del-estero-salado-de-guayaquil\/_dsc7051\/'><img loading=\"lazy\" decoding=\"async\" width=\"150\" height=\"150\" src=\"https:\/\/www.ambienteyenergia.gob.ec\/ambiente\/wp-content\/uploads\/sites\/2\/2013\/08\/DSC7051-150x150.jpg\" class=\"attachment-thumbnail size-thumbnail\" alt=\"\" \/><\/a>\n\t\t\t<\/dt><\/dl><dl class='gallery-item'>\n\t\t\t<dt class='gallery-icon landscape'>\n\t\t\t\t<a href='https:\/\/www.ambienteyenergia.gob.ec\/ambiente\/ministra-del-ambiente-lorena-tapia-informo-sobre-acciones-del-mae-para-descontaminacion-del-estero-salado-de-guayaquil\/_dsc7069\/'><img loading=\"lazy\" decoding=\"async\" width=\"150\" height=\"150\" src=\"https:\/\/www.ambienteyenergia.gob.ec\/ambiente\/wp-content\/uploads\/sites\/2\/2013\/08\/DSC7069-150x150.jpg\" class=\"attachment-thumbnail size-thumbnail\" alt=\"\" \/><\/a>\n\t\t\t<\/dt><\/dl><br style=\"clear: both\" \/><dl class='gallery-item'>\n\t\t\t<dt class='gallery-icon landscape'>\n\t\t\t\t<a href='https:\/\/www.ambienteyenergia.gob.ec\/ambiente\/ministra-del-ambiente-lorena-tapia-informo-sobre-acciones-del-mae-para-descontaminacion-del-estero-salado-de-guayaquil\/_dsc7103\/'><img loading=\"lazy\" decoding=\"async\" width=\"150\" height=\"150\" src=\"https:\/\/www.ambienteyenergia.gob.ec\/ambiente\/wp-content\/uploads\/sites\/2\/2013\/08\/DSC7103-150x150.jpg\" class=\"attachment-thumbnail size-thumbnail\" alt=\"\" \/><\/a>\n\t\t\t<\/dt><\/dl>\n\t\t\t<br style='clear: both' \/>\n\t\t<\/div>\n\n<p>&nbsp;<\/p>\n","protected":false},"excerpt":{"rendered":"<p class=\"excerpt\">La Ministra del Ambiente, Lorena Tapia, particip\u00f3 hoy en el enlace ciudadano No. 337 que se realiz\u00f3 en Atucucho, al norte de Quito. El Presidente Rafael Correa ensalz\u00f3 el trabajo realizado en respecto a la recuperaci\u00f3n del Estero Salado de Guayaquil. La M\u00e1xima Autoridad Ambiental fue clara al se\u00f1alar que de\u00a0 las 586 industrias identificadas en las cuencas del Alcantarillado&hellip; <a href=\"https:\/\/www.ambienteyenergia.gob.ec\/ambiente\/ministra-del-ambiente-lorena-tapia-informo-sobre-acciones-del-mae-para-descontaminacion-del-estero-salado-de-guayaquil\/\">Read more &rarr;<\/a><\/p>\n","protected":false},"author":13,"featured_media":14703,"comment_status":"open","ping_status":"open","sticky":false,"template":"","format":"standard","meta":{"footnotes":""},"categories":[16,4,10],"tags":[],"class_list":["post-14700","post","type-post","status-publish","format-standard","has-post-thumbnail","hentry","category-comunicamos","category-noticias","category-noticias-destacadas","xfolkentry"],"_links":{"self":[{"href":"https:\/\/www.ambienteyenergia.gob.ec\/ambiente\/wp-json\/wp\/v2\/posts\/14700","targetHints":{"allow":["GET"]}}],"collection":[{"href":"https:\/\/www.ambienteyenergia.gob.ec\/ambiente\/wp-json\/wp\/v2\/posts"}],"about":[{"href":"https:\/\/www.ambienteyenergia.gob.ec\/ambiente\/wp-json\/wp\/v2\/types\/post"}],"author":[{"embeddable":true,"href":"https:\/\/www.ambienteyenergia.gob.ec\/ambiente\/wp-json\/wp\/v2\/users\/13"}],"replies":[{"embeddable":true,"href":"https:\/\/www.ambienteyenergia.gob.ec\/ambiente\/wp-json\/wp\/v2\/comments?post=14700"}],"version-history":[{"count":0,"href":"https:\/\/www.ambienteyenergia.gob.ec\/ambiente\/wp-json\/wp\/v2\/posts\/14700\/revisions"}],"wp:featuredmedia":[{"embeddable":true,"href":"https:\/\/www.ambienteyenergia.gob.ec\/ambiente\/wp-json\/wp\/v2\/media\/14703"}],"wp:attachment":[{"href":"https:\/\/www.ambienteyenergia.gob.ec\/ambiente\/wp-json\/wp\/v2\/media?parent=14700"}],"wp:term":[{"taxonomy":"category","embeddable":true,"href":"https:\/\/www.ambienteyenergia.gob.ec\/ambiente\/wp-json\/wp\/v2\/categories?post=14700"},{"taxonomy":"post_tag","embeddable":true,"href":"https:\/\/www.ambienteyenergia.gob.ec\/ambiente\/wp-json\/wp\/v2\/tags?post=14700"}],"curies":[{"name":"wp","href":"https:\/\/api.w.org\/{rel}","templated":true}]}}