{"id":14695,"date":"2013-08-31T15:26:06","date_gmt":"2013-08-31T20:26:06","guid":{"rendered":"http:\/\/www.ambiente.gob.ec\/?p=14695"},"modified":"2013-08-31T15:27:20","modified_gmt":"2013-08-31T20:27:20","slug":"el-material-audiovisual-que-se-solicita-por-norma-ambiental-es-unicamente-para-archivo-no-para-aprobacion","status":"publish","type":"post","link":"https:\/\/www.ambienteyenergia.gob.ec\/ambiente\/el-material-audiovisual-que-se-solicita-por-norma-ambiental-es-unicamente-para-archivo-no-para-aprobacion\/","title":{"rendered":"El material audiovisual que se solicita por norma ambiental es \u00fanicamente para archivo no para aprobaci\u00f3n"},"content":{"rendered":"<p style=\"text-align: justify;\">El <strong>Ministerio del Ambiente<\/strong> (MAE),\u00a0 <strong>en concordancia<\/strong> con lo establecido en el art\u00edculo 3 del <strong>Acuerdo Ministerial No. 136<\/strong> de fecha 5 de agosto 2011, mediante el cual se reforma el ordinal VII, del art\u00edculo 11 del Libro IX del Texto Unificado de Legislaci\u00f3n Ambiental Secundaria (TULAS), <strong>establece<\/strong> que <strong>para la filmaci\u00f3n<\/strong> de documentos o material audiovisual se deben <strong>presentar una serie de requisitos<\/strong> para que se autorice el trabajo de campo.<\/p>\n<p style=\"text-align: justify;\">Estas medidas se aplican \u00fanicamente para producci\u00f3n audiovisual, no es una normativa\u00a0 realizada para los periodistas, si no que busca precautelar la seguridad de las personas que acceden al parque y evitar accidentes que lamentar.<\/p>\n<p style=\"text-align: justify;\">Seg\u00fan establece la normativa, las autorizaciones ser\u00e1n emitidas por las Direcciones Provinciales del Ministerio del Ambiente y\/o Direcci\u00f3n Nacional de Biodiversidad (cuando las \u00e1reas de inter\u00e9s correspondan a m\u00e1s de una jurisdicci\u00f3n). Para lo cual los interesados con al menos cinco d\u00edas de anticipaci\u00f3n deber\u00e1n presentar lo siguiente:<\/p>\n<p style=\"text-align: justify;\">1.\u00a0\u00a0\u00a0\u00a0\u00a0 Formulario de autorizaci\u00f3n para producci\u00f3n de filmaciones en \u00c1reas Protegidas del PANE.<\/p>\n<p style=\"text-align: justify;\">2.\u00a0\u00a0\u00a0\u00a0\u00a0 Solicitud formal dirigida a la autoridad del Ministerio del Ambiente pertinente.<\/p>\n<p style=\"text-align: justify;\">3.\u00a0\u00a0\u00a0\u00a0\u00a0 Gui\u00f3n de la producci\u00f3n.<\/p>\n<p style=\"text-align: justify;\">4.\u00a0\u00a0\u00a0\u00a0\u00a0 Cronograma de producci\u00f3n de filmaciones, detallando las actividades con su respectivo periodo de duraci\u00f3n y los sitios a ser desarrolladas.<\/p>\n<p style=\"text-align: justify;\">5.\u00a0\u00a0\u00a0\u00a0\u00a0 Hoja de vida del representante de la filmaci\u00f3n.<\/p>\n<p style=\"text-align: justify;\">\u00a0\u00abAl terminar el proyecto de filmaci\u00f3n obligatoriamente se deber\u00e1 entregar tres copias del material producido (filmaci\u00f3n, fotograf\u00edas), para uso del Ministerio del Ambiente previo a la entrega de la garant\u00eda\u00bb, contin\u00faa la normativa ambiental para \u00e1reas protegidas. <strong>El\u00a0 material solicitado no es para revisarlo ni aprobarlo, si no para el archivo del \u00e1rea protegida. <\/strong><\/p>\n","protected":false},"excerpt":{"rendered":"<p class=\"excerpt\">El Ministerio del Ambiente (MAE),\u00a0 en concordancia con lo establecido en el art\u00edculo 3 del Acuerdo Ministerial No. 136 de fecha 5 de agosto 2011, mediante el cual se reforma el ordinal VII, del art\u00edculo 11 del Libro IX del Texto Unificado de Legislaci\u00f3n Ambiental Secundaria (TULAS), establece que para la filmaci\u00f3n de documentos o material audiovisual se deben presentar&hellip; <a href=\"https:\/\/www.ambienteyenergia.gob.ec\/ambiente\/el-material-audiovisual-que-se-solicita-por-norma-ambiental-es-unicamente-para-archivo-no-para-aprobacion\/\">Read more &rarr;<\/a><\/p>\n","protected":false},"author":13,"featured_media":14696,"comment_status":"open","ping_status":"open","sticky":false,"template":"","format":"standard","meta":{"footnotes":""},"categories":[16,4],"tags":[],"class_list":["post-14695","post","type-post","status-publish","format-standard","has-post-thumbnail","hentry","category-comunicamos","category-noticias","xfolkentry"],"_links":{"self":[{"href":"https:\/\/www.ambienteyenergia.gob.ec\/ambiente\/wp-json\/wp\/v2\/posts\/14695","targetHints":{"allow":["GET"]}}],"collection":[{"href":"https:\/\/www.ambienteyenergia.gob.ec\/ambiente\/wp-json\/wp\/v2\/posts"}],"about":[{"href":"https:\/\/www.ambienteyenergia.gob.ec\/ambiente\/wp-json\/wp\/v2\/types\/post"}],"author":[{"embeddable":true,"href":"https:\/\/www.ambienteyenergia.gob.ec\/ambiente\/wp-json\/wp\/v2\/users\/13"}],"replies":[{"embeddable":true,"href":"https:\/\/www.ambienteyenergia.gob.ec\/ambiente\/wp-json\/wp\/v2\/comments?post=14695"}],"version-history":[{"count":0,"href":"https:\/\/www.ambienteyenergia.gob.ec\/ambiente\/wp-json\/wp\/v2\/posts\/14695\/revisions"}],"wp:featuredmedia":[{"embeddable":true,"href":"https:\/\/www.ambienteyenergia.gob.ec\/ambiente\/wp-json\/wp\/v2\/media\/14696"}],"wp:attachment":[{"href":"https:\/\/www.ambienteyenergia.gob.ec\/ambiente\/wp-json\/wp\/v2\/media?parent=14695"}],"wp:term":[{"taxonomy":"category","embeddable":true,"href":"https:\/\/www.ambienteyenergia.gob.ec\/ambiente\/wp-json\/wp\/v2\/categories?post=14695"},{"taxonomy":"post_tag","embeddable":true,"href":"https:\/\/www.ambienteyenergia.gob.ec\/ambiente\/wp-json\/wp\/v2\/tags?post=14695"}],"curies":[{"name":"wp","href":"https:\/\/api.w.org\/{rel}","templated":true}]}}