{"id":14692,"date":"2013-08-31T13:09:00","date_gmt":"2013-08-31T18:09:00","guid":{"rendered":"http:\/\/www.ambiente.gob.ec\/?p=14692"},"modified":"2013-08-31T19:53:26","modified_gmt":"2013-09-01T00:53:26","slug":"mas-de-150-personas-actuan-para-controlar-incendio-en-sector-de-tanlahua-al-noroccidente-de-quito","status":"publish","type":"post","link":"https:\/\/www.ambienteyenergia.gob.ec\/ambiente\/mas-de-150-personas-actuan-para-controlar-incendio-en-sector-de-tanlahua-al-noroccidente-de-quito\/","title":{"rendered":"M\u00e1s de 150 personas act\u00faan para controlar incendio en sector de Tanlahua, al noroccidente de Quito"},"content":{"rendered":"<p style=\"text-align: justify;\">Desde la madrugada de ayer, personal del Ministerio del Ambiente en coordinaci\u00f3n con miembros de la Polic\u00eda Nacional, Polic\u00eda Metropolitana y del Cuerpo de Bomberos \u00a0coordina acciones para controlar incendio en el sector de Tanlahua, al noroccidente de Quito, junto a la Reserva Geobot\u00e1nica Pululahua.\u00a0Actualmente, 20\u00a0 guardaparques, alrededor de 60 bomberos, 100 militares, personas de la comunidad\u00a0 combaten el flagelo.<\/p>\n<p style=\"text-align: justify;\">El n\u00famero de hect\u00e1reas afectadas se determinar\u00e1n despu\u00e9s de controlado el flagelo, el Ministerio del Ambiente levantar\u00e1 una\u00a0 georreferenciaci\u00f3n para tener datos exactos de la magnitud del da\u00f1o.<\/p>\n<p style=\"text-align: justify;\">Las causas del flagelo a\u00fan se desconocen, se determinar\u00e1n despu\u00e9s de controlado el incendio.<\/p>\n<p style=\"text-align: justify;\">La EMAPS \u2013Quito actualmente apoya\u00a0 con la dotaci\u00f3n de hidratantes a las personas que combaten el incendio<\/p>\n","protected":false},"excerpt":{"rendered":"<p class=\"excerpt\">Desde la madrugada de ayer, personal del Ministerio del Ambiente en coordinaci\u00f3n con miembros de la Polic\u00eda Nacional, Polic\u00eda Metropolitana y del Cuerpo de Bomberos \u00a0coordina acciones para controlar incendio en el sector de Tanlahua, al noroccidente de Quito, junto a la Reserva Geobot\u00e1nica Pululahua.\u00a0Actualmente, 20\u00a0 guardaparques, alrededor de 60 bomberos, 100 militares, personas de la comunidad\u00a0 combaten el flagelo.&hellip; <a href=\"https:\/\/www.ambienteyenergia.gob.ec\/ambiente\/mas-de-150-personas-actuan-para-controlar-incendio-en-sector-de-tanlahua-al-noroccidente-de-quito\/\">Read more &rarr;<\/a><\/p>\n","protected":false},"author":13,"featured_media":14693,"comment_status":"open","ping_status":"open","sticky":false,"template":"","format":"standard","meta":{"footnotes":""},"categories":[16,4],"tags":[],"class_list":["post-14692","post","type-post","status-publish","format-standard","has-post-thumbnail","hentry","category-comunicamos","category-noticias","xfolkentry"],"_links":{"self":[{"href":"https:\/\/www.ambienteyenergia.gob.ec\/ambiente\/wp-json\/wp\/v2\/posts\/14692","targetHints":{"allow":["GET"]}}],"collection":[{"href":"https:\/\/www.ambienteyenergia.gob.ec\/ambiente\/wp-json\/wp\/v2\/posts"}],"about":[{"href":"https:\/\/www.ambienteyenergia.gob.ec\/ambiente\/wp-json\/wp\/v2\/types\/post"}],"author":[{"embeddable":true,"href":"https:\/\/www.ambienteyenergia.gob.ec\/ambiente\/wp-json\/wp\/v2\/users\/13"}],"replies":[{"embeddable":true,"href":"https:\/\/www.ambienteyenergia.gob.ec\/ambiente\/wp-json\/wp\/v2\/comments?post=14692"}],"version-history":[{"count":0,"href":"https:\/\/www.ambienteyenergia.gob.ec\/ambiente\/wp-json\/wp\/v2\/posts\/14692\/revisions"}],"wp:featuredmedia":[{"embeddable":true,"href":"https:\/\/www.ambienteyenergia.gob.ec\/ambiente\/wp-json\/wp\/v2\/media\/14693"}],"wp:attachment":[{"href":"https:\/\/www.ambienteyenergia.gob.ec\/ambiente\/wp-json\/wp\/v2\/media?parent=14692"}],"wp:term":[{"taxonomy":"category","embeddable":true,"href":"https:\/\/www.ambienteyenergia.gob.ec\/ambiente\/wp-json\/wp\/v2\/categories?post=14692"},{"taxonomy":"post_tag","embeddable":true,"href":"https:\/\/www.ambienteyenergia.gob.ec\/ambiente\/wp-json\/wp\/v2\/tags?post=14692"}],"curies":[{"name":"wp","href":"https:\/\/api.w.org\/{rel}","templated":true}]}}