{"id":14645,"date":"2013-08-29T17:03:10","date_gmt":"2013-08-29T22:03:10","guid":{"rendered":"http:\/\/www.ambiente.gob.ec\/?p=14645"},"modified":"2013-08-30T12:20:57","modified_gmt":"2013-08-30T17:20:57","slug":"se-efectuo-reunion-ordinaria-del-comite-interinstitucional-de-cambio-climatico","status":"publish","type":"post","link":"https:\/\/www.ambienteyenergia.gob.ec\/ambiente\/se-efectuo-reunion-ordinaria-del-comite-interinstitucional-de-cambio-climatico\/","title":{"rendered":"Comit\u00e9 Interinstitucional de Cambio Clim\u00e1tico construye posici\u00f3n nacional para la COP 19"},"content":{"rendered":"<p style=\"text-align: justify;\" align=\"JUSTIFY\"><span style=\"font-family: FreeSans, sans-serif;\">El Ministerio del Ambiente (MAE), a trav\u00e9s de la Subsecretar\u00eda de Cambio Clim\u00e1tico (SCC), lider\u00f3 la d\u00e9cimo sexta reuni\u00f3n el Comit\u00e9 Interinstitucional de Cambio Clim\u00e1tico (CICC), instancia gubernamental encargada para la articulaci\u00f3n de las pol\u00edticas a nivel interinstitucional.<\/span><\/p>\n<p style=\"text-align: justify;\">En esta reuni\u00f3n participaron representantes de las diferentes Carteras de Estado que conforman este Comit\u00e9 como los Ministerios de Relaciones Exteriores, Coordinador de Pol\u00edtica Econ\u00f3mica, Coordinaci\u00f3n de Sectores Estrat\u00e9gicos; las Secretar\u00edas Nacional del Agua (Senagua) y Nacional de Educaci\u00f3n Superior, Ciencia, Tecnolog\u00eda e Innovaci\u00f3n (Senescyt), entre otras.<\/p>\n<p style=\"text-align: justify;\" align=\"JUSTIFY\"><span style=\"font-family: FreeSans, sans-serif;\">Este encuentro permiti\u00f3 comunicar a los miembros del CICC la posici\u00f3n nacional para la pr\u00f3xima sesi\u00f3n de negociaciones de la Conferencia de las Partes 19 (COP19) de la Convenci\u00f3n Marco de las Naciones Unidas sobre el Cambio Clim\u00e1tico (CMNUCC), que se realizar\u00e1 a mediados de noviembre en Varsovia, Polonia. De esta manera se fortalece institucionalmente la posici\u00f3n de Ecuador a nivel internacional.<\/span><\/p>\n<p style=\"text-align: justify;\" align=\"JUSTIFY\"><span style=\"font-family: FreeSans, sans-serif;\">Adem\u00e1s, se trataron aspectos relacionados a la gesti\u00f3n de la SCC, relacionada a los arreglos preparatorios a la <\/span><span style=\"font-family: FreeSans, sans-serif;\">Tercera Comunicaci\u00f3n Nacional y Primer Informe de Actualizaci\u00f3n Bianual, as\u00ed como <\/span><span style=\"font-family: FreeSans, sans-serif;\"> al Plan Nacional de Cambio Clim\u00e1tico.<\/span><\/p>\n<p style=\"text-align: justify;\" align=\"JUSTIFY\"><span style=\"font-family: FreeSans, sans-serif;\">Este Comit\u00e9 se encuentra en pleno funcionamiento y actualmente su agenda de trabajo est\u00e1 ligada a la de los Sectores Estrat\u00e9gicos con miras a impulsar el cambio de la matriz productiva y energ\u00e9tica as\u00ed como con las dem\u00e1s Secretar\u00edas de Estado.<\/span><\/p>\n<p style=\"text-align: justify;\" align=\"JUSTIFY\"><strong>El dato:<\/strong><\/p>\n<p style=\"text-align: justify;\" align=\"JUSTIFY\"><span style=\"font-family: FreeSans, sans-serif;\">Es importante destacar que se generaron compromisos para mantener estrecha coordinaci\u00f3n y comunicaci\u00f3n, con el fin de articular la pol\u00edtica de cambio clim\u00e1tico a nivel nacional. Un ejemplo de esto es la participaci\u00f3n de los grupos de trabajo del CICC en la generaci\u00f3n de insumos t\u00e9cnicos que orienten las decisiones de este Comit\u00e9.<\/span><\/p>\n","protected":false},"excerpt":{"rendered":"<p class=\"excerpt\">El Ministerio del Ambiente (MAE), a trav\u00e9s de la Subsecretar\u00eda de Cambio Clim\u00e1tico (SCC), lider\u00f3 la d\u00e9cimo sexta reuni\u00f3n el Comit\u00e9 Interinstitucional de Cambio Clim\u00e1tico (CICC), instancia gubernamental encargada para la articulaci\u00f3n de las pol\u00edticas a nivel interinstitucional. En esta reuni\u00f3n participaron representantes de las diferentes Carteras de Estado que conforman este Comit\u00e9 como los Ministerios de Relaciones Exteriores, Coordinador&hellip; <a href=\"https:\/\/www.ambienteyenergia.gob.ec\/ambiente\/se-efectuo-reunion-ordinaria-del-comite-interinstitucional-de-cambio-climatico\/\">Read more &rarr;<\/a><\/p>\n","protected":false},"author":13,"featured_media":14646,"comment_status":"open","ping_status":"open","sticky":false,"template":"","format":"standard","meta":{"footnotes":""},"categories":[16,4],"tags":[],"class_list":["post-14645","post","type-post","status-publish","format-standard","has-post-thumbnail","hentry","category-comunicamos","category-noticias","xfolkentry"],"_links":{"self":[{"href":"https:\/\/www.ambienteyenergia.gob.ec\/ambiente\/wp-json\/wp\/v2\/posts\/14645","targetHints":{"allow":["GET"]}}],"collection":[{"href":"https:\/\/www.ambienteyenergia.gob.ec\/ambiente\/wp-json\/wp\/v2\/posts"}],"about":[{"href":"https:\/\/www.ambienteyenergia.gob.ec\/ambiente\/wp-json\/wp\/v2\/types\/post"}],"author":[{"embeddable":true,"href":"https:\/\/www.ambienteyenergia.gob.ec\/ambiente\/wp-json\/wp\/v2\/users\/13"}],"replies":[{"embeddable":true,"href":"https:\/\/www.ambienteyenergia.gob.ec\/ambiente\/wp-json\/wp\/v2\/comments?post=14645"}],"version-history":[{"count":0,"href":"https:\/\/www.ambienteyenergia.gob.ec\/ambiente\/wp-json\/wp\/v2\/posts\/14645\/revisions"}],"wp:featuredmedia":[{"embeddable":true,"href":"https:\/\/www.ambienteyenergia.gob.ec\/ambiente\/wp-json\/wp\/v2\/media\/14646"}],"wp:attachment":[{"href":"https:\/\/www.ambienteyenergia.gob.ec\/ambiente\/wp-json\/wp\/v2\/media?parent=14645"}],"wp:term":[{"taxonomy":"category","embeddable":true,"href":"https:\/\/www.ambienteyenergia.gob.ec\/ambiente\/wp-json\/wp\/v2\/categories?post=14645"},{"taxonomy":"post_tag","embeddable":true,"href":"https:\/\/www.ambienteyenergia.gob.ec\/ambiente\/wp-json\/wp\/v2\/tags?post=14645"}],"curies":[{"name":"wp","href":"https:\/\/api.w.org\/{rel}","templated":true}]}}