{"id":14640,"date":"2013-08-29T16:11:39","date_gmt":"2013-08-29T21:11:39","guid":{"rendered":"http:\/\/www.ambiente.gob.ec\/?p=14640"},"modified":"2013-08-29T16:11:39","modified_gmt":"2013-08-29T21:11:39","slug":"i-foro-provincial-de-gobernanza-de-recursos-naturales-en-napo","status":"publish","type":"post","link":"https:\/\/www.ambienteyenergia.gob.ec\/ambiente\/i-foro-provincial-de-gobernanza-de-recursos-naturales-en-napo\/","title":{"rendered":"I Foro Provincial de Gobernanza de Recursos Naturales en Napo"},"content":{"rendered":"<p style=\"text-align: justify;\">El Ministerio del Ambiente (MAE) realiz\u00f3 el I Foro de mesas tem\u00e1ticas como parte de la gobernanza ambiental, el pasado 27 de agosto, en la provincia de Napo. El objetivo fue exponer el trabajo realizado en la Reserva de Bisofera Sumaco y propiciar acciones que permitan la correcta gesti\u00f3n y aprovechamiento sostenible de los recursos naturales en la provincia.<\/p>\n<p style=\"text-align: justify;\">En este espacio de di\u00e1logo y coordinaci\u00f3n entre el sector social, p\u00fablico, privado y organizaciones de cooperaci\u00f3n; se trataron temas sobre cacao, forestal, turismo y ordenamiento territorial, entre otros.<\/p>\n<p style=\"text-align: justify;\">En el foro se resaltaron por qu\u00e9 y para qu\u00e9 de la formaci\u00f3n de cada una de las mesas tem\u00e1ticas, as\u00ed como tambi\u00e9n el trabajo realizado en los \u00faltimos a\u00f1os en las comunidades que se encuentran en las \u00e1reas de amortiguamiento de las \u00c1reas Protegidas dentro de la Reserva de Biosfera Sumaco.<\/p>\n<p style=\"text-align: justify;\">Al evento asistieron autoridades de entidades p\u00fablicas como el Ministerio de Turismo, el Ministerio de Industrias y Productividad; representantes de los GADs; Comunidades Kwichwas de Napo; representantes del sector cacaotero, forestal, ganadero y turismo, entre otros.<\/p>\n<div id='gallery-1' class='gallery galleryid-14640 gallery-columns-4 gallery-size-thumbnail'><dl class='gallery-item'>\n\t\t\t<dt class='gallery-icon landscape'>\n\t\t\t\t<a href='https:\/\/www.ambienteyenergia.gob.ec\/ambiente\/i-foro-provincial-de-gobernanza-de-recursos-naturales-en-napo\/img_0822\/'><img loading=\"lazy\" decoding=\"async\" width=\"150\" height=\"150\" src=\"https:\/\/www.ambienteyenergia.gob.ec\/ambiente\/wp-content\/uploads\/sites\/2\/2013\/08\/IMG_0822-150x150.jpg\" class=\"attachment-thumbnail size-thumbnail\" alt=\"\" \/><\/a>\n\t\t\t<\/dt><\/dl><dl class='gallery-item'>\n\t\t\t<dt class='gallery-icon landscape'>\n\t\t\t\t<a href='https:\/\/www.ambienteyenergia.gob.ec\/ambiente\/i-foro-provincial-de-gobernanza-de-recursos-naturales-en-napo\/img_1078\/'><img loading=\"lazy\" decoding=\"async\" width=\"150\" height=\"150\" src=\"https:\/\/www.ambienteyenergia.gob.ec\/ambiente\/wp-content\/uploads\/sites\/2\/2013\/08\/IMG_1078-150x150.jpg\" class=\"attachment-thumbnail size-thumbnail\" alt=\"\" \/><\/a>\n\t\t\t<\/dt><\/dl><dl class='gallery-item'>\n\t\t\t<dt class='gallery-icon landscape'>\n\t\t\t\t<a href='https:\/\/www.ambienteyenergia.gob.ec\/ambiente\/i-foro-provincial-de-gobernanza-de-recursos-naturales-en-napo\/img_1132\/'><img loading=\"lazy\" decoding=\"async\" width=\"150\" height=\"150\" src=\"https:\/\/www.ambienteyenergia.gob.ec\/ambiente\/wp-content\/uploads\/sites\/2\/2013\/08\/IMG_1132-150x150.jpg\" class=\"attachment-thumbnail size-thumbnail\" alt=\"\" \/><\/a>\n\t\t\t<\/dt><\/dl>\n\t\t\t<br style='clear: both' \/>\n\t\t<\/div>\n\n","protected":false},"excerpt":{"rendered":"<p class=\"excerpt\">El Ministerio del Ambiente (MAE) realiz\u00f3 el I Foro de mesas tem\u00e1ticas como parte de la gobernanza ambiental, el pasado 27 de agosto, en la provincia de Napo. El objetivo fue exponer el trabajo realizado en la Reserva de Bisofera Sumaco y propiciar acciones que permitan la correcta gesti\u00f3n y aprovechamiento sostenible de los recursos naturales en la provincia. En&hellip; <a href=\"https:\/\/www.ambienteyenergia.gob.ec\/ambiente\/i-foro-provincial-de-gobernanza-de-recursos-naturales-en-napo\/\">Read more &rarr;<\/a><\/p>\n","protected":false},"author":13,"featured_media":14641,"comment_status":"open","ping_status":"open","sticky":false,"template":"","format":"standard","meta":{"footnotes":""},"categories":[16,4],"tags":[],"class_list":["post-14640","post","type-post","status-publish","format-standard","has-post-thumbnail","hentry","category-comunicamos","category-noticias","xfolkentry"],"_links":{"self":[{"href":"https:\/\/www.ambienteyenergia.gob.ec\/ambiente\/wp-json\/wp\/v2\/posts\/14640","targetHints":{"allow":["GET"]}}],"collection":[{"href":"https:\/\/www.ambienteyenergia.gob.ec\/ambiente\/wp-json\/wp\/v2\/posts"}],"about":[{"href":"https:\/\/www.ambienteyenergia.gob.ec\/ambiente\/wp-json\/wp\/v2\/types\/post"}],"author":[{"embeddable":true,"href":"https:\/\/www.ambienteyenergia.gob.ec\/ambiente\/wp-json\/wp\/v2\/users\/13"}],"replies":[{"embeddable":true,"href":"https:\/\/www.ambienteyenergia.gob.ec\/ambiente\/wp-json\/wp\/v2\/comments?post=14640"}],"version-history":[{"count":0,"href":"https:\/\/www.ambienteyenergia.gob.ec\/ambiente\/wp-json\/wp\/v2\/posts\/14640\/revisions"}],"wp:featuredmedia":[{"embeddable":true,"href":"https:\/\/www.ambienteyenergia.gob.ec\/ambiente\/wp-json\/wp\/v2\/media\/14641"}],"wp:attachment":[{"href":"https:\/\/www.ambienteyenergia.gob.ec\/ambiente\/wp-json\/wp\/v2\/media?parent=14640"}],"wp:term":[{"taxonomy":"category","embeddable":true,"href":"https:\/\/www.ambienteyenergia.gob.ec\/ambiente\/wp-json\/wp\/v2\/categories?post=14640"},{"taxonomy":"post_tag","embeddable":true,"href":"https:\/\/www.ambienteyenergia.gob.ec\/ambiente\/wp-json\/wp\/v2\/tags?post=14640"}],"curies":[{"name":"wp","href":"https:\/\/api.w.org\/{rel}","templated":true}]}}