{"id":14627,"date":"2013-08-29T14:51:33","date_gmt":"2013-08-29T19:51:33","guid":{"rendered":"http:\/\/www.ambiente.gob.ec\/?p=14627"},"modified":"2013-08-29T14:52:16","modified_gmt":"2013-08-29T19:52:16","slug":"45-anos-de-creacion-de-la-reserva-ecologica-cotacachi-cayapas","status":"publish","type":"post","link":"https:\/\/www.ambienteyenergia.gob.ec\/ambiente\/45-anos-de-creacion-de-la-reserva-ecologica-cotacachi-cayapas\/","title":{"rendered":"45 a\u00f1os de creaci\u00f3n de la Reserva Ecol\u00f3gica Cotacachi Cayapas"},"content":{"rendered":"<p style=\"text-align: justify;\">Hoy, se conmemoran 45 a\u00f1os de la creaci\u00f3n de la Reserva Ecol\u00f3gica Cotacachi Cayapas, raz\u00f3n por la que el Ministerio del Ambiente (MAE) invita a la ciudadan\u00eda a visitar y a conservar este hermoso ecosistema que posee el Ecuador.<\/p>\n<p style=\"text-align: justify;\">Mediante Decreto Ejecutivo N\u00b0 1468 del\u00a0 29 de Agosto de 1968 y publicado en el Registro Oficial N\u00b017, del 24 de Septiembre de 1968, se crea\u00a0 La Reserva Ecol\u00f3gica Cotacachi Cayapas (RECC). Inicialmente declarada\u00a0 como Reserva Nacional con el objeto de que se realizaran trabajos de investigaci\u00f3n y experimentaci\u00f3n.<\/p>\n<p style=\"text-align: justify;\">La RECC es una de las 49 \u00e1reas naturales que conforman el Sistema Nacional de \u00c1reas Protegidas (SNAP), administrado por el Estado ecuatoriano, a trav\u00e9s del Ministerio del Ambiente (MAE). El \u00e1rea protegida cuenta con 243.638 hect\u00e1reas y constituye la zona de conservaci\u00f3n m\u00e1s importante en los Andes occidentales del Ecuador por pertenecer a la regi\u00f3n Biogeogr\u00e1fica del Choc\u00f3. Esta regi\u00f3n es reconocida internacionalmente como uno de los 34 principales Hotspots (Zonas calientes y de gran biodiversidad) de Biodiversidad.<\/p>\n<p style=\"text-align: justify;\">Adem\u00e1s, la zona del Choc\u00f3 es el hogar de varias especies en peligro de extinci\u00f3n, como el oso de anteojos, \u00e1guila arp\u00eda, jaguar y\u00a0 guacamayas, entre otros. Dentro de la Reserva tambi\u00e9n existen \u00a0\u00e1reas relativamente intactas que representan los gradientes altitudinales de vegetaci\u00f3n y ecosistemas naturales de esta regi\u00f3n biogeogr\u00e1fica. Se encuentra\u00a0 localizada en las provincias de Esmeraldas e Imbabura.<\/p>\n<p style=\"text-align: justify;\">En la Zona Baja de la RECC habitan poblaciones Chachi y afroecuatorianas; en la Zona Alta Kichwas andinos y Awa, y en las dos zonas, grupos de colonos provenientes de diversas provincias del Ecuador.<\/p>\n<p style=\"text-align: justify;\">Cubre un extenso rango Altitudinal, por tanto tiene una gran diversidad de ecosistemas que van desde el p\u00e1ramo de pajonal en la parte alta del volc\u00e1n Cotacachi, hasta el bosque h\u00famedo piemontano en las cuencas altas y medias de los r\u00edos San Miguel, Santiago, Bravo y Guadero, entre otros.<\/p>\n<p style=\"text-align: justify;\">La Reserva Ecol\u00f3gica Cotacachi Cayapas, especialmente en la laguna de Cuicocha recibi\u00f3 alrededor de 168.329 visitantes entre nacionales y extranjeros, en el a\u00f1o 2012.<\/p>\n<p style=\"text-align: justify;\">El MAE con el fin de conservar la biodiversidad del lugar, posee un Plan de Manejo en el que se promueve la planificaci\u00f3n, fortalecimiento y gesti\u00f3n del \u00e1rea en conjunto con las comunidades ind\u00edgenas locales como aporte para un desarrollo sustentable.<\/p>\n<div id='gallery-1' class='gallery galleryid-14627 gallery-columns-4 gallery-size-thumbnail'><dl class='gallery-item'>\n\t\t\t<dt class='gallery-icon landscape'>\n\t\t\t\t<a href='https:\/\/www.ambienteyenergia.gob.ec\/ambiente\/45-anos-de-creacion-de-la-reserva-ecologica-cotacachi-cayapas\/cuicocha\/'><img loading=\"lazy\" decoding=\"async\" width=\"150\" height=\"150\" src=\"https:\/\/www.ambienteyenergia.gob.ec\/ambiente\/wp-content\/uploads\/sites\/2\/2013\/08\/Cuicocha-150x150.jpg\" class=\"attachment-thumbnail size-thumbnail\" alt=\"\" \/><\/a>\n\t\t\t<\/dt><\/dl><dl class='gallery-item'>\n\t\t\t<dt class='gallery-icon landscape'>\n\t\t\t\t<a href='https:\/\/www.ambienteyenergia.gob.ec\/ambiente\/45-anos-de-creacion-de-la-reserva-ecologica-cotacachi-cayapas\/cuicocha-cascada-de-chumavi\/'><img loading=\"lazy\" decoding=\"async\" width=\"150\" height=\"150\" src=\"https:\/\/www.ambienteyenergia.gob.ec\/ambiente\/wp-content\/uploads\/sites\/2\/2013\/08\/Cuicocha-Cascada-de-Chumav\u00ed-150x150.jpg\" class=\"attachment-thumbnail size-thumbnail\" alt=\"\" \/><\/a>\n\t\t\t<\/dt><\/dl><dl class='gallery-item'>\n\t\t\t<dt class='gallery-icon landscape'>\n\t\t\t\t<a href='https:\/\/www.ambienteyenergia.gob.ec\/ambiente\/45-anos-de-creacion-de-la-reserva-ecologica-cotacachi-cayapas\/cuicocha-chuquiragua\/'><img loading=\"lazy\" decoding=\"async\" width=\"150\" height=\"150\" src=\"https:\/\/www.ambienteyenergia.gob.ec\/ambiente\/wp-content\/uploads\/sites\/2\/2013\/08\/Cuicocha-Chuquiragua-150x150.jpg\" class=\"attachment-thumbnail size-thumbnail\" alt=\"\" \/><\/a>\n\t\t\t<\/dt><\/dl><dl class='gallery-item'>\n\t\t\t<dt class='gallery-icon landscape'>\n\t\t\t\t<a href='https:\/\/www.ambienteyenergia.gob.ec\/ambiente\/45-anos-de-creacion-de-la-reserva-ecologica-cotacachi-cayapas\/cuicocha2\/'><img loading=\"lazy\" decoding=\"async\" width=\"150\" height=\"150\" src=\"https:\/\/www.ambienteyenergia.gob.ec\/ambiente\/wp-content\/uploads\/sites\/2\/2013\/08\/Cuicocha2-150x150.jpg\" class=\"attachment-thumbnail size-thumbnail\" alt=\"\" \/><\/a>\n\t\t\t<\/dt><\/dl><br style=\"clear: both\" \/><dl class='gallery-item'>\n\t\t\t<dt class='gallery-icon portrait'>\n\t\t\t\t<a href='https:\/\/www.ambienteyenergia.gob.ec\/ambiente\/45-anos-de-creacion-de-la-reserva-ecologica-cotacachi-cayapas\/distrito-naranjito-cascada-salto-del-tigre\/'><img loading=\"lazy\" decoding=\"async\" width=\"150\" height=\"150\" src=\"https:\/\/www.ambienteyenergia.gob.ec\/ambiente\/wp-content\/uploads\/sites\/2\/2013\/08\/Distrito-Naranjito-Cascada-Salto-del-Tigre-150x150.jpg\" class=\"attachment-thumbnail size-thumbnail\" alt=\"\" \/><\/a>\n\t\t\t<\/dt><\/dl><dl class='gallery-item'>\n\t\t\t<dt class='gallery-icon landscape'>\n\t\t\t\t<a href='https:\/\/www.ambienteyenergia.gob.ec\/ambiente\/45-anos-de-creacion-de-la-reserva-ecologica-cotacachi-cayapas\/distrito-naranjito-cascada-salto-del-tigre-i\/'><img loading=\"lazy\" decoding=\"async\" width=\"150\" height=\"150\" src=\"https:\/\/www.ambienteyenergia.gob.ec\/ambiente\/wp-content\/uploads\/sites\/2\/2013\/08\/Distrito-Naranjito-Cascada-Salto-del-Tigre-I-150x150.jpg\" class=\"attachment-thumbnail size-thumbnail\" alt=\"\" \/><\/a>\n\t\t\t<\/dt><\/dl><dl class='gallery-item'>\n\t\t\t<dt class='gallery-icon landscape'>\n\t\t\t\t<a href='https:\/\/www.ambienteyenergia.gob.ec\/ambiente\/45-anos-de-creacion-de-la-reserva-ecologica-cotacachi-cayapas\/flora-recc\/'><img loading=\"lazy\" decoding=\"async\" width=\"150\" height=\"150\" src=\"https:\/\/www.ambienteyenergia.gob.ec\/ambiente\/wp-content\/uploads\/sites\/2\/2013\/08\/Flora-RECC-150x150.jpg\" class=\"attachment-thumbnail size-thumbnail\" alt=\"\" \/><\/a>\n\t\t\t<\/dt><\/dl><dl class='gallery-item'>\n\t\t\t<dt class='gallery-icon landscape'>\n\t\t\t\t<a href='https:\/\/www.ambienteyenergia.gob.ec\/ambiente\/45-anos-de-creacion-de-la-reserva-ecologica-cotacachi-cayapas\/laguna-donoso-pinan\/'><img loading=\"lazy\" decoding=\"async\" width=\"150\" height=\"150\" src=\"https:\/\/www.ambienteyenergia.gob.ec\/ambiente\/wp-content\/uploads\/sites\/2\/2013\/08\/laguna-donoso-pi\u00f1an-150x150.jpg\" class=\"attachment-thumbnail size-thumbnail\" alt=\"\" \/><\/a>\n\t\t\t<\/dt><\/dl><br style=\"clear: both\" \/>\n\t\t<\/div>\n\n<p>&nbsp;<\/p>\n","protected":false},"excerpt":{"rendered":"<p class=\"excerpt\">Hoy, se conmemoran 45 a\u00f1os de la creaci\u00f3n de la Reserva Ecol\u00f3gica Cotacachi Cayapas, raz\u00f3n por la que el Ministerio del Ambiente (MAE) invita a la ciudadan\u00eda a visitar y a conservar este hermoso ecosistema que posee el Ecuador. Mediante Decreto Ejecutivo N\u00b0 1468 del\u00a0 29 de Agosto de 1968 y publicado en el Registro Oficial N\u00b017, del 24 de&hellip; <a href=\"https:\/\/www.ambienteyenergia.gob.ec\/ambiente\/45-anos-de-creacion-de-la-reserva-ecologica-cotacachi-cayapas\/\">Read more &rarr;<\/a><\/p>\n","protected":false},"author":13,"featured_media":14638,"comment_status":"open","ping_status":"open","sticky":false,"template":"","format":"standard","meta":{"footnotes":""},"categories":[16,4],"tags":[],"class_list":["post-14627","post","type-post","status-publish","format-standard","has-post-thumbnail","hentry","category-comunicamos","category-noticias","xfolkentry"],"_links":{"self":[{"href":"https:\/\/www.ambienteyenergia.gob.ec\/ambiente\/wp-json\/wp\/v2\/posts\/14627","targetHints":{"allow":["GET"]}}],"collection":[{"href":"https:\/\/www.ambienteyenergia.gob.ec\/ambiente\/wp-json\/wp\/v2\/posts"}],"about":[{"href":"https:\/\/www.ambienteyenergia.gob.ec\/ambiente\/wp-json\/wp\/v2\/types\/post"}],"author":[{"embeddable":true,"href":"https:\/\/www.ambienteyenergia.gob.ec\/ambiente\/wp-json\/wp\/v2\/users\/13"}],"replies":[{"embeddable":true,"href":"https:\/\/www.ambienteyenergia.gob.ec\/ambiente\/wp-json\/wp\/v2\/comments?post=14627"}],"version-history":[{"count":0,"href":"https:\/\/www.ambienteyenergia.gob.ec\/ambiente\/wp-json\/wp\/v2\/posts\/14627\/revisions"}],"wp:featuredmedia":[{"embeddable":true,"href":"https:\/\/www.ambienteyenergia.gob.ec\/ambiente\/wp-json\/wp\/v2\/media\/14638"}],"wp:attachment":[{"href":"https:\/\/www.ambienteyenergia.gob.ec\/ambiente\/wp-json\/wp\/v2\/media?parent=14627"}],"wp:term":[{"taxonomy":"category","embeddable":true,"href":"https:\/\/www.ambienteyenergia.gob.ec\/ambiente\/wp-json\/wp\/v2\/categories?post=14627"},{"taxonomy":"post_tag","embeddable":true,"href":"https:\/\/www.ambienteyenergia.gob.ec\/ambiente\/wp-json\/wp\/v2\/tags?post=14627"}],"curies":[{"name":"wp","href":"https:\/\/api.w.org\/{rel}","templated":true}]}}