{"id":14617,"date":"2013-08-29T14:06:36","date_gmt":"2013-08-29T19:06:36","guid":{"rendered":"http:\/\/www.ambiente.gob.ec\/?p=14617"},"modified":"2013-08-29T14:41:55","modified_gmt":"2013-08-29T19:41:55","slug":"mae-reacciona-frente-ataques-de-osos-andinos-a-ganado-en-paramos-de-patate-tungurahua-2","status":"publish","type":"post","link":"https:\/\/www.ambienteyenergia.gob.ec\/ambiente\/mae-reacciona-frente-ataques-de-osos-andinos-a-ganado-en-paramos-de-patate-tungurahua-2\/","title":{"rendered":"MAE toma medidas frente a ataques de osos andinos a ganado en p\u00e1ramos de Patate (Tungurahua)"},"content":{"rendered":"<p style=\"text-align: justify;\">Ante los ataques del\u00a0 Oso de Anteojos a cuatro cabezas de ganado en los p\u00e1ramos y zonas de pastizal del caser\u00edo San Jorge del cant\u00f3n Patate, en la provincia de Tungurahua, funcionarios del Ministerio del Ambiente (MAE) mantuvieron en la ma\u00f1ana de ayer una reuni\u00f3n con dirigentes y pobladores, en el coliseo de la comunidad, para tomar acciones al respecto.<\/p>\n<p style=\"text-align: justify;\">La semana pasada, la comunidad de Patate comunic\u00f3 a la Direcci\u00f3n Provincial del Ambiente Tungurahua, sobre los constantes ataques de osos al ganado. La denuncia que fue atendida inmediatamente, y luego de conversar con los afectados, ellos se comprometieron a no matar al oso. En ese sentido, el MAE con el fin de precautelar el bienestar tanto de la poblaci\u00f3n como del animal, se contact\u00f3 con la Fundaci\u00f3n Oso Andino para que uno de sus especialistas\u00a0 explique el comportamiento de estas especies y el por qu\u00e9 est\u00e1n atacando al ganado.<\/p>\n<p style=\"text-align: justify;\">Para ello, se efectu\u00f3 una segunda reuni\u00f3n liderada por Omar Land\u00e1zuri, Director Provincial del Ambiente Tungurahua, quien manifest\u00f3 a los pobladores que se tomar\u00e1n todas las medidas necesarias \u00a0para que nadie m\u00e1s sea afectado, ni la poblaci\u00f3n, ni la integridad del oso andino. Para lo cual, esta Cartera de Estado designar\u00e1 a un guardaparque que patrulle la zona a diario, de seguimiento e informe de las posibles apariciones y localizaciones del mam\u00edfero.<\/p>\n<p style=\"text-align: justify;\">Por su parte, David Jackson, Director Ejecutivo de la Fundaci\u00f3n Oso Andino, expuso algunas recomendaciones a los pobladores como mantener vigilado al ganado y no colocarlos cerca de bosques o p\u00e1ramos, ir acompa\u00f1ados de perros con el objeto de que hagan bulla con sus ladridos y as\u00ed asusten al animal.<\/p>\n<p style=\"text-align: justify;\">Otra de las propuestas fue capturar al esp\u00e9cimen y colocarle un dispositivo de rastreo que permita mantenerlo vigilado y monitorear su desplazamiento para evitar este tipo de incidentes. Esta iniciativa es m\u00e1s costosa, por lo que no se concret\u00f3 nada.<\/p>\n<p style=\"text-align: justify;\">Luego de la asamblea, el personal del Parque Nacional Llanganates se dirigi\u00f3 a la quebrada de Quindio, donde ocurrieron los incidentes, para verificar las caracter\u00edsticas del ataque y determinar si en verdad fue provocada por el oso andino o por otro animal.<\/p>\n<p style=\"text-align: justify;\">Nelson Acosta, \u00a0propietario del ganado afectado, indic\u00f3 las heridas de\u00a0 una ternera\u00a0 que yace sin vida y de otra que esta junto a su madre\u00a0 con heridas en un costado y en el lomo. Despu\u00e9s de las indagaciones y observaciones de campo determinan que si se trata del ataque de oso por el tipo de heridas, o de otro animal. Aunque lo m\u00e1s probable es que se trate de un oso andino, \u00a0pues es una zona que posee p\u00e1ramo y remanentes de bosque nublado, adem\u00e1s, el territorio est\u00e1 a pocos kil\u00f3metros del Parque Nacional Llanganates que es por donde se desplazan estos animales.<\/p>\n<p style=\"text-align: justify;\">La pr\u00f3xima semana la comunidad de San Jorge recibir\u00e1 mayor\u00a0 informaci\u00f3n por parte del MAE y de la Fundaci\u00f3n Oso Andino quienes compartir\u00e1n\u00a0 experiencias de otros sitios\u00a0 para atender este conflicto socioambiental.<\/p>\n<div id='gallery-1' class='gallery galleryid-14617 gallery-columns-4 gallery-size-thumbnail'><dl class='gallery-item'>\n\t\t\t<dt class='gallery-icon landscape'>\n\t\t\t\t<a href='https:\/\/www.ambienteyenergia.gob.ec\/ambiente\/mae-reacciona-frente-ataques-de-osos-andinos-a-ganado-en-paramos-de-patate-tungurahua-2\/sony-dsc-62\/'><img loading=\"lazy\" decoding=\"async\" width=\"150\" height=\"150\" src=\"https:\/\/www.ambienteyenergia.gob.ec\/ambiente\/wp-content\/uploads\/sites\/2\/2013\/08\/DSC05177-150x150.jpg\" class=\"attachment-thumbnail size-thumbnail\" alt=\"\" \/><\/a>\n\t\t\t<\/dt><\/dl><dl class='gallery-item'>\n\t\t\t<dt class='gallery-icon landscape'>\n\t\t\t\t<a href='https:\/\/www.ambienteyenergia.gob.ec\/ambiente\/mae-reacciona-frente-ataques-de-osos-andinos-a-ganado-en-paramos-de-patate-tungurahua-2\/sony-dsc-63\/'><img loading=\"lazy\" decoding=\"async\" width=\"150\" height=\"150\" src=\"https:\/\/www.ambienteyenergia.gob.ec\/ambiente\/wp-content\/uploads\/sites\/2\/2013\/08\/DSC05185-150x150.jpg\" class=\"attachment-thumbnail size-thumbnail\" alt=\"\" \/><\/a>\n\t\t\t<\/dt><\/dl><dl class='gallery-item'>\n\t\t\t<dt class='gallery-icon landscape'>\n\t\t\t\t<a href='https:\/\/www.ambienteyenergia.gob.ec\/ambiente\/mae-reacciona-frente-ataques-de-osos-andinos-a-ganado-en-paramos-de-patate-tungurahua-2\/sony-dsc-64\/'><img loading=\"lazy\" decoding=\"async\" width=\"150\" height=\"150\" src=\"https:\/\/www.ambienteyenergia.gob.ec\/ambiente\/wp-content\/uploads\/sites\/2\/2013\/08\/DSC05188-150x150.jpg\" class=\"attachment-thumbnail size-thumbnail\" alt=\"\" \/><\/a>\n\t\t\t<\/dt><\/dl><dl class='gallery-item'>\n\t\t\t<dt class='gallery-icon landscape'>\n\t\t\t\t<a href='https:\/\/www.ambienteyenergia.gob.ec\/ambiente\/mae-reacciona-frente-ataques-de-osos-andinos-a-ganado-en-paramos-de-patate-tungurahua-2\/sony-dsc-65\/'><img loading=\"lazy\" decoding=\"async\" width=\"150\" height=\"150\" src=\"https:\/\/www.ambienteyenergia.gob.ec\/ambiente\/wp-content\/uploads\/sites\/2\/2013\/08\/DSC05190-150x150.jpg\" class=\"attachment-thumbnail size-thumbnail\" alt=\"\" \/><\/a>\n\t\t\t<\/dt><\/dl><br style=\"clear: both\" \/><dl class='gallery-item'>\n\t\t\t<dt class='gallery-icon landscape'>\n\t\t\t\t<a href='https:\/\/www.ambienteyenergia.gob.ec\/ambiente\/mae-reacciona-frente-ataques-de-osos-andinos-a-ganado-en-paramos-de-patate-tungurahua-2\/sony-dsc-66\/'><img loading=\"lazy\" decoding=\"async\" width=\"150\" height=\"150\" src=\"https:\/\/www.ambienteyenergia.gob.ec\/ambiente\/wp-content\/uploads\/sites\/2\/2013\/08\/DSC05209-150x150.jpg\" class=\"attachment-thumbnail size-thumbnail\" alt=\"\" \/><\/a>\n\t\t\t<\/dt><\/dl><dl class='gallery-item'>\n\t\t\t<dt class='gallery-icon landscape'>\n\t\t\t\t<a href='https:\/\/www.ambienteyenergia.gob.ec\/ambiente\/mae-reacciona-frente-ataques-de-osos-andinos-a-ganado-en-paramos-de-patate-tungurahua-2\/sony-dsc-67\/'><img loading=\"lazy\" decoding=\"async\" width=\"150\" height=\"150\" src=\"https:\/\/www.ambienteyenergia.gob.ec\/ambiente\/wp-content\/uploads\/sites\/2\/2013\/08\/DSC05226-150x150.jpg\" class=\"attachment-thumbnail size-thumbnail\" alt=\"\" \/><\/a>\n\t\t\t<\/dt><\/dl>\n\t\t\t<br style='clear: both' \/>\n\t\t<\/div>\n\n","protected":false},"excerpt":{"rendered":"<p class=\"excerpt\">Ante los ataques del\u00a0 Oso de Anteojos a cuatro cabezas de ganado en los p\u00e1ramos y zonas de pastizal del caser\u00edo San Jorge del cant\u00f3n Patate, en la provincia de Tungurahua, funcionarios del Ministerio del Ambiente (MAE) mantuvieron en la ma\u00f1ana de ayer una reuni\u00f3n con dirigentes y pobladores, en el coliseo de la comunidad, para tomar acciones al respecto.&hellip; <a href=\"https:\/\/www.ambienteyenergia.gob.ec\/ambiente\/mae-reacciona-frente-ataques-de-osos-andinos-a-ganado-en-paramos-de-patate-tungurahua-2\/\">Read more &rarr;<\/a><\/p>\n","protected":false},"author":13,"featured_media":14623,"comment_status":"open","ping_status":"open","sticky":false,"template":"","format":"standard","meta":{"footnotes":""},"categories":[16,4],"tags":[],"class_list":["post-14617","post","type-post","status-publish","format-standard","has-post-thumbnail","hentry","category-comunicamos","category-noticias","xfolkentry"],"_links":{"self":[{"href":"https:\/\/www.ambienteyenergia.gob.ec\/ambiente\/wp-json\/wp\/v2\/posts\/14617","targetHints":{"allow":["GET"]}}],"collection":[{"href":"https:\/\/www.ambienteyenergia.gob.ec\/ambiente\/wp-json\/wp\/v2\/posts"}],"about":[{"href":"https:\/\/www.ambienteyenergia.gob.ec\/ambiente\/wp-json\/wp\/v2\/types\/post"}],"author":[{"embeddable":true,"href":"https:\/\/www.ambienteyenergia.gob.ec\/ambiente\/wp-json\/wp\/v2\/users\/13"}],"replies":[{"embeddable":true,"href":"https:\/\/www.ambienteyenergia.gob.ec\/ambiente\/wp-json\/wp\/v2\/comments?post=14617"}],"version-history":[{"count":0,"href":"https:\/\/www.ambienteyenergia.gob.ec\/ambiente\/wp-json\/wp\/v2\/posts\/14617\/revisions"}],"wp:featuredmedia":[{"embeddable":true,"href":"https:\/\/www.ambienteyenergia.gob.ec\/ambiente\/wp-json\/wp\/v2\/media\/14623"}],"wp:attachment":[{"href":"https:\/\/www.ambienteyenergia.gob.ec\/ambiente\/wp-json\/wp\/v2\/media?parent=14617"}],"wp:term":[{"taxonomy":"category","embeddable":true,"href":"https:\/\/www.ambienteyenergia.gob.ec\/ambiente\/wp-json\/wp\/v2\/categories?post=14617"},{"taxonomy":"post_tag","embeddable":true,"href":"https:\/\/www.ambienteyenergia.gob.ec\/ambiente\/wp-json\/wp\/v2\/tags?post=14617"}],"curies":[{"name":"wp","href":"https:\/\/api.w.org\/{rel}","templated":true}]}}