{"id":14575,"date":"2013-08-29T10:17:44","date_gmt":"2013-08-29T15:17:44","guid":{"rendered":"http:\/\/www.ambiente.gob.ec\/?p=14575"},"modified":"2013-08-29T10:32:19","modified_gmt":"2013-08-29T15:32:19","slug":"refugio-de-vida-silvestre-pacoche-conmemorara-su-5-aniversario-con-concursos-y-actividades-ludicas","status":"publish","type":"post","link":"https:\/\/www.ambienteyenergia.gob.ec\/ambiente\/refugio-de-vida-silvestre-pacoche-conmemorara-su-5-aniversario-con-concursos-y-actividades-ludicas\/","title":{"rendered":"Refugio de Vida Silvestre Pacoche conmemorar\u00e1 su 5.\u00b0 aniversario con concursos y actividades l\u00fadicas"},"content":{"rendered":"<p style=\"text-align: justify;\">El pr\u00f3ximo 2 de septiembre, se conmemora el quinto aniversario de creaci\u00f3n del Refugio de Vida Silvestre y Marino y Costero Pacoche. En ese sentido, el Ministerio del Ambiente (MAE) tiene previsto realizar el concurso \u201cPadrinos de las Tortugas\u201d, evento en el que participaran colegios del sector, como una herramienta alternativa, novedosa y l\u00fadica, que permitir\u00e1 promover la conservaci\u00f3n de\u00a0 las tortugas marinas en peligro de extinci\u00f3n. El evento se desarrollar\u00e1 el mismo d\u00eda, a las 09:30, en el parque central de San Lorenzo, provincia de Manab\u00ed.<\/p>\n<p style=\"text-align: justify;\">En el concurso, los participantes expondr\u00e1n ante un jurado calificador los trabajos que han realizado durante el proceso de socializaci\u00f3n. Los premios para los ganadores son\u00a0 visitas a las \u00e1reas protegidas de Manab\u00ed que ellos elijan, como el Parque Nacional Machalilla, en donde podr\u00e1n asistir al avistamiento de ballenas y caminatas en la Isla de la Plata acompa\u00f1ados por guarda parques, o tambi\u00e9n, pueden hacer un recorrido en el Refugio de Vida Silvestre Isla Coraz\u00f3n y Fragata.<\/p>\n<p style=\"text-align: justify;\">\u00c1ngelo Traverso, Coordinador Zonal del MAE, explic\u00f3 que el concurso busca incentivar especialmente a los estudiantes de los colegios de San Lorenzo, Santa Marianita, San Mateo y Pile, que est\u00e1n dentro del \u00e1rea de influencia, para que sean part\u00edcipes del proyecto de Conservaci\u00f3n de Tortugas Marinas. Se trata de \u201cconcientizar a la ciudadan\u00eda sobre la importancia de proteger estas especies que anidan en las playas de San Lorenzo y la Botada y que son amenazadas por pr\u00e1cticas ilegales\u201d.<\/p>\n<p style=\"text-align: justify;\">Asimismo, Traverso afirm\u00f3 que en este proceso \u201clos padrinos de las tortugas\u201d formar\u00e1n parte de distintas actividades de educaci\u00f3n ambiental. Entre ellas, socializar\u00e1n puerta a puerta el tema en cada una de las viviendas del sector para hacer conocer a los habitantes el riesgo que corren las tortugas desde que inician la incubaci\u00f3n. En muchos casos, los animales y turistas destruyen los huevos que est\u00e1n en proceso de incubaci\u00f3n, por eso la importancia de preservar\u00a0 estas maravillosas especies que est\u00e1n\u00a0 en peligro de extinci\u00f3n.<\/p>\n<p style=\"text-align: justify;\">Las autoridades ambientales ser\u00e1n multiplicadoras del programa,\u00a0 para que la red de padrinos se consolide y cumpla con\u00a0 los objetivos de \u00e9sta estrategia de protecci\u00f3n. Adicionalmente, apoyar\u00e1n la pr\u00e1ctica de comportamientos que eviten la\u00a0 contaminaci\u00f3n\u00a0 del medio ambiente, especialmente el h\u00e1bitat marino de las tortugas.<\/p>\n<p style=\"text-align: justify;\">El programa nace por la iniciativa del responsable del refugio de vida silvestre marino y costero Pacoche, Luciano Ponce, con el fin de\u00a0 de implementar acciones que permitan la sensibilizaci\u00f3n, educaci\u00f3n e investigaci\u00f3n sobre biolog\u00eda reproductiva, telemetr\u00eda satelital y protecci\u00f3n del h\u00e1bitat de las tortugas marinas; para generar una cultura de conservaci\u00f3n de estas especies.<\/p>\n<p style=\"text-align: justify;\"><a href=\"http:\/\/www.ambienteyenergia.gob.ec\/ambiente\/wp-content\/uploads\/2013\/08\/Estudiantes-del-colegio-San-MAteo-socializando-el-tema.jpg\"><img loading=\"lazy\" decoding=\"async\" class=\"aligncenter size-medium wp-image-14577\" title=\"Estudiantes del colegio San MAteo socializando el tema\" src=\"http:\/\/www.ambienteyenergia.gob.ec\/ambiente\/wp-content\/uploads\/2013\/08\/Estudiantes-del-colegio-San-MAteo-socializando-el-tema-300x225.jpg\" alt=\"\" width=\"300\" height=\"225\" srcset=\"https:\/\/www.ambienteyenergia.gob.ec\/ambiente\/wp-content\/uploads\/sites\/2\/2013\/08\/Estudiantes-del-colegio-San-MAteo-socializando-el-tema-300x225.jpg 300w, https:\/\/www.ambienteyenergia.gob.ec\/ambiente\/wp-content\/uploads\/sites\/2\/2013\/08\/Estudiantes-del-colegio-San-MAteo-socializando-el-tema-1024x768.jpg 1024w, https:\/\/www.ambienteyenergia.gob.ec\/ambiente\/wp-content\/uploads\/sites\/2\/2013\/08\/Estudiantes-del-colegio-San-MAteo-socializando-el-tema-400x300.jpg 400w, https:\/\/www.ambienteyenergia.gob.ec\/ambiente\/wp-content\/uploads\/sites\/2\/2013\/08\/Estudiantes-del-colegio-San-MAteo-socializando-el-tema.jpg 2048w\" sizes=\"auto, (max-width: 300px) 100vw, 300px\" \/><\/a><\/p>\n","protected":false},"excerpt":{"rendered":"<p class=\"excerpt\">El pr\u00f3ximo 2 de septiembre, se conmemora el quinto aniversario de creaci\u00f3n del Refugio de Vida Silvestre y Marino y Costero Pacoche. En ese sentido, el Ministerio del Ambiente (MAE) tiene previsto realizar el concurso \u201cPadrinos de las Tortugas\u201d, evento en el que participaran colegios del sector, como una herramienta alternativa, novedosa y l\u00fadica, que permitir\u00e1 promover la conservaci\u00f3n de\u00a0&hellip; <a href=\"https:\/\/www.ambienteyenergia.gob.ec\/ambiente\/refugio-de-vida-silvestre-pacoche-conmemorara-su-5-aniversario-con-concursos-y-actividades-ludicas\/\">Read more &rarr;<\/a><\/p>\n","protected":false},"author":13,"featured_media":14576,"comment_status":"open","ping_status":"open","sticky":false,"template":"","format":"standard","meta":{"footnotes":""},"categories":[16,4],"tags":[],"class_list":["post-14575","post","type-post","status-publish","format-standard","has-post-thumbnail","hentry","category-comunicamos","category-noticias","xfolkentry"],"_links":{"self":[{"href":"https:\/\/www.ambienteyenergia.gob.ec\/ambiente\/wp-json\/wp\/v2\/posts\/14575","targetHints":{"allow":["GET"]}}],"collection":[{"href":"https:\/\/www.ambienteyenergia.gob.ec\/ambiente\/wp-json\/wp\/v2\/posts"}],"about":[{"href":"https:\/\/www.ambienteyenergia.gob.ec\/ambiente\/wp-json\/wp\/v2\/types\/post"}],"author":[{"embeddable":true,"href":"https:\/\/www.ambienteyenergia.gob.ec\/ambiente\/wp-json\/wp\/v2\/users\/13"}],"replies":[{"embeddable":true,"href":"https:\/\/www.ambienteyenergia.gob.ec\/ambiente\/wp-json\/wp\/v2\/comments?post=14575"}],"version-history":[{"count":0,"href":"https:\/\/www.ambienteyenergia.gob.ec\/ambiente\/wp-json\/wp\/v2\/posts\/14575\/revisions"}],"wp:featuredmedia":[{"embeddable":true,"href":"https:\/\/www.ambienteyenergia.gob.ec\/ambiente\/wp-json\/wp\/v2\/media\/14576"}],"wp:attachment":[{"href":"https:\/\/www.ambienteyenergia.gob.ec\/ambiente\/wp-json\/wp\/v2\/media?parent=14575"}],"wp:term":[{"taxonomy":"category","embeddable":true,"href":"https:\/\/www.ambienteyenergia.gob.ec\/ambiente\/wp-json\/wp\/v2\/categories?post=14575"},{"taxonomy":"post_tag","embeddable":true,"href":"https:\/\/www.ambienteyenergia.gob.ec\/ambiente\/wp-json\/wp\/v2\/tags?post=14575"}],"curies":[{"name":"wp","href":"https:\/\/api.w.org\/{rel}","templated":true}]}}