{"id":14565,"date":"2013-08-28T10:18:47","date_gmt":"2013-08-28T15:18:47","guid":{"rendered":"http:\/\/www.ambiente.gob.ec\/?p=14565"},"modified":"2013-08-28T12:46:45","modified_gmt":"2013-08-28T17:46:45","slug":"cuatro-especies-de-vida-silvestre-fueron-reinsertadas-en-su-habitat-natural","status":"publish","type":"post","link":"https:\/\/www.ambienteyenergia.gob.ec\/ambiente\/cuatro-especies-de-vida-silvestre-fueron-reinsertadas-en-su-habitat-natural\/","title":{"rendered":"Cuatro especies de vida silvestre fueron reinsertadas en su h\u00e1bitat natural"},"content":{"rendered":"<p style=\"text-align: justify;\">Cuatro espec\u00edmenes de vida silvestre fueron liberados, el pasado 20 de agosto, en el Parque Nacional Yasun\u00ed. El Ministerio del Ambiente (MAE), a trav\u00e9s de su Direcci\u00f3n Provincial en Orellana y en coordinaci\u00f3n con la Unidad de Protecci\u00f3n del Medio Ambiente de la Polic\u00eda Nacional (UPMA), reintrodujo a los animales, que fueron rescatados tras varios operativos de control. Entre las especies reinsertadas estaban una anconda (<em>Eunectes murinus<\/em>), una boa (<em>Boa constrictor constrictor<\/em>) y dos perezosos (<em>Choloepus didactylus, Bradypus variegatus<\/em>).<\/p>\n<p style=\"text-align: justify;\">La liberaci\u00f3n se da luego de un largo proceso de recuperaci\u00f3n en el Zool\u00f3gico \u201cCoca Zoo\u201d, ubicado en la ciudad Francisco de Orellana. Los ejemplares permanecieron en este sitio en per\u00edodo de cuarentena, mientras se valoraba su estado de salud. Luego de varios ex\u00e1menes y valoraciones m\u00e9dicas se decidi\u00f3 reincorporarlos en el Yasun\u00ed, lugar propicio para su desarrollo.<\/p>\n<p style=\"text-align: justify;\">Cabe se\u00f1alar que, por las caracter\u00edsticas externas y el comportamiento que presentaron los animales, estos no hab\u00edan sido domesticados o criados en cautiverio por lo que se procedi\u00f3 a devolverlos a su h\u00e1bitat.<\/p>\n<p style=\"text-align: justify;\"><strong>El dato<\/strong><\/p>\n<p style=\"text-align: justify;\">De estas especies la anaconda (<em>Eunectes murinus<\/em>) est\u00e1 catalogada como En Peligro (EN), seg\u00fan la lista Roja de Reptiles (Carrillo 2005).<\/p>\n<p style=\"text-align: justify;\" align=\"JUSTIFY\"><a href=\"http:\/\/www.ambienteyenergia.gob.ec\/ambiente\/wp-content\/uploads\/2013\/08\/15.jpg\"><img loading=\"lazy\" decoding=\"async\" class=\"aligncenter size-full wp-image-14569\" title=\"Cuatro especies de vida silvestre fueron reinsertadas en su h\u00e1bitat natural\" src=\"http:\/\/www.ambienteyenergia.gob.ec\/ambiente\/wp-content\/uploads\/2013\/08\/15.jpg\" alt=\"\" width=\"240\" height=\"180\" \/><\/a><\/p>\n<p style=\"text-align: justify;\" align=\"JUSTIFY\"><a href=\"http:\/\/www.ambienteyenergia.gob.ec\/ambiente\/wp-content\/uploads\/2013\/08\/Liberaci+\u00a6n-del-oso-perezoso.jpg\"><img loading=\"lazy\" decoding=\"async\" class=\"aligncenter size-medium wp-image-14568\" title=\"Liberaci+\u00a6n del oso perezoso\" src=\"http:\/\/www.ambienteyenergia.gob.ec\/ambiente\/wp-content\/uploads\/2013\/08\/Liberaci+\u00a6n-del-oso-perezoso-300x225.jpg\" alt=\"\" width=\"300\" height=\"225\" srcset=\"https:\/\/www.ambienteyenergia.gob.ec\/ambiente\/wp-content\/uploads\/sites\/2\/2013\/08\/Liberaci+\u00a6n-del-oso-perezoso-300x225.jpg 300w, https:\/\/www.ambienteyenergia.gob.ec\/ambiente\/wp-content\/uploads\/sites\/2\/2013\/08\/Liberaci+\u00a6n-del-oso-perezoso-400x300.jpg 400w, https:\/\/www.ambienteyenergia.gob.ec\/ambiente\/wp-content\/uploads\/sites\/2\/2013\/08\/Liberaci+\u00a6n-del-oso-perezoso.jpg 900w\" sizes=\"auto, (max-width: 300px) 100vw, 300px\" \/><\/a><\/p>\n<p style=\"text-align: justify;\" align=\"JUSTIFY\"><a href=\"http:\/\/www.ambienteyenergia.gob.ec\/ambiente\/wp-content\/uploads\/2013\/08\/liberaci+\u00a6n-de-la-anaconda-en-el-parque-Nacioanal-Yasun+\u00a1.jpg\"><img loading=\"lazy\" decoding=\"async\" class=\"aligncenter size-medium wp-image-14567\" title=\"liberaci+\u00a6n de la anaconda en el parque Nacioanal Yasun+\u00a1\" src=\"http:\/\/www.ambienteyenergia.gob.ec\/ambiente\/wp-content\/uploads\/2013\/08\/liberaci+\u00a6n-de-la-anaconda-en-el-parque-Nacioanal-Yasun+\u00a1-300x199.jpg\" alt=\"\" width=\"300\" height=\"199\" srcset=\"https:\/\/www.ambienteyenergia.gob.ec\/ambiente\/wp-content\/uploads\/sites\/2\/2013\/08\/liberaci+\u00a6n-de-la-anaconda-en-el-parque-Nacioanal-Yasun+\u00a1-300x199.jpg 300w, https:\/\/www.ambienteyenergia.gob.ec\/ambiente\/wp-content\/uploads\/sites\/2\/2013\/08\/liberaci+\u00a6n-de-la-anaconda-en-el-parque-Nacioanal-Yasun+\u00a1-450x300.jpg 450w, https:\/\/www.ambienteyenergia.gob.ec\/ambiente\/wp-content\/uploads\/sites\/2\/2013\/08\/liberaci+\u00a6n-de-la-anaconda-en-el-parque-Nacioanal-Yasun+\u00a1.jpg 1000w\" sizes=\"auto, (max-width: 300px) 100vw, 300px\" \/><\/a><\/p>\n","protected":false},"excerpt":{"rendered":"<p class=\"excerpt\">Cuatro espec\u00edmenes de vida silvestre fueron liberados, el pasado 20 de agosto, en el Parque Nacional Yasun\u00ed. El Ministerio del Ambiente (MAE), a trav\u00e9s de su Direcci\u00f3n Provincial en Orellana y en coordinaci\u00f3n con la Unidad de Protecci\u00f3n del Medio Ambiente de la Polic\u00eda Nacional (UPMA), reintrodujo a los animales, que fueron rescatados tras varios operativos de control. Entre las&hellip; <a href=\"https:\/\/www.ambienteyenergia.gob.ec\/ambiente\/cuatro-especies-de-vida-silvestre-fueron-reinsertadas-en-su-habitat-natural\/\">Read more &rarr;<\/a><\/p>\n","protected":false},"author":13,"featured_media":14566,"comment_status":"open","ping_status":"open","sticky":false,"template":"","format":"standard","meta":{"footnotes":""},"categories":[16,4],"tags":[],"class_list":["post-14565","post","type-post","status-publish","format-standard","has-post-thumbnail","hentry","category-comunicamos","category-noticias","xfolkentry"],"_links":{"self":[{"href":"https:\/\/www.ambienteyenergia.gob.ec\/ambiente\/wp-json\/wp\/v2\/posts\/14565","targetHints":{"allow":["GET"]}}],"collection":[{"href":"https:\/\/www.ambienteyenergia.gob.ec\/ambiente\/wp-json\/wp\/v2\/posts"}],"about":[{"href":"https:\/\/www.ambienteyenergia.gob.ec\/ambiente\/wp-json\/wp\/v2\/types\/post"}],"author":[{"embeddable":true,"href":"https:\/\/www.ambienteyenergia.gob.ec\/ambiente\/wp-json\/wp\/v2\/users\/13"}],"replies":[{"embeddable":true,"href":"https:\/\/www.ambienteyenergia.gob.ec\/ambiente\/wp-json\/wp\/v2\/comments?post=14565"}],"version-history":[{"count":0,"href":"https:\/\/www.ambienteyenergia.gob.ec\/ambiente\/wp-json\/wp\/v2\/posts\/14565\/revisions"}],"wp:featuredmedia":[{"embeddable":true,"href":"https:\/\/www.ambienteyenergia.gob.ec\/ambiente\/wp-json\/wp\/v2\/media\/14566"}],"wp:attachment":[{"href":"https:\/\/www.ambienteyenergia.gob.ec\/ambiente\/wp-json\/wp\/v2\/media?parent=14565"}],"wp:term":[{"taxonomy":"category","embeddable":true,"href":"https:\/\/www.ambienteyenergia.gob.ec\/ambiente\/wp-json\/wp\/v2\/categories?post=14565"},{"taxonomy":"post_tag","embeddable":true,"href":"https:\/\/www.ambienteyenergia.gob.ec\/ambiente\/wp-json\/wp\/v2\/tags?post=14565"}],"curies":[{"name":"wp","href":"https:\/\/api.w.org\/{rel}","templated":true}]}}