{"id":14549,"date":"2013-08-27T11:01:44","date_gmt":"2013-08-27T16:01:44","guid":{"rendered":"http:\/\/www.ambiente.gob.ec\/?p=14549"},"modified":"2013-08-27T11:06:03","modified_gmt":"2013-08-27T16:06:03","slug":"16-especies-de-vida-silvestre-rescatadas-en-azuay","status":"publish","type":"post","link":"https:\/\/www.ambienteyenergia.gob.ec\/ambiente\/16-especies-de-vida-silvestre-rescatadas-en-azuay\/","title":{"rendered":"16 especies de vida silvestre rescatadas en Azuay"},"content":{"rendered":"<p style=\"text-align: justify;\">El Ministerio del Ambiente (MAE), tras recibir una denuncia telef\u00f3nica, rescat\u00f3 a 16 animales de fauna silvestre que se encontraban en cautiverio en un restaurante ubicado en la parroquia San Juaqu\u00edn del cant\u00f3n Cuenca, provincia de Azuay, el pasado 22 de agosto.<\/p>\n<p style=\"text-align: justify;\">Funcionarios de la Unidad de Vida Silvestre del MAE se movilizaron al lugar inmediatamente para inspeccionar el sitio. Una vez ah\u00ed, se evidenci\u00f3 la presencia de varias especies de aves silvestres en una jaula de aproximadamente 15m\u00b2. Se procedi\u00f3 a tomar fotograf\u00edas y posteriormente a contactar a los administradores, para rescatar al resto de espec\u00edmenes.<\/p>\n<p style=\"text-align: justify;\">Entre los animales se encontraron <strong>nueve aves<\/strong>, un Pacharaco (<em>Ortalis erythroptera<\/em>), dos Patos Silvadores (<em>Dendrocygna bicolor<\/em>), dos A\u00f1ade Cariblanco (<em>Anas bahamensis<\/em>), un Loro Gorriblanco (<em>Pionus seniloides<\/em>), dos Periquitos Ala de Canario (Brotogeris chiriri) y un Periquitos inseparables (<em>Agapornis personatus<\/em>); <strong>tres reptiles, <\/strong>dos<strong> <\/strong>Tortugas Motelo (<em>Chelonoidis denticulata) <\/em>y una Tortuga Patiamarilla (<em>Rhinoclemmys annulata<\/em>); y <strong>cuatro mam\u00edferos<\/strong> Sahinos de Collar (<em>Pecari tajacu<\/em>). Cabe se\u00f1alar que todos los ejemplares presentaban un buen estado f\u00edsico.<\/p>\n<p style=\"text-align: justify;\">Los propietarios del lugar, manifestaron que los animales eran parte de un proceso de liquidaci\u00f3n de la desaparecida Cooperativa de Ahorro y Cr\u00e9dito Coopera. Luego de explicar esto, entregaron voluntariamente a los espec\u00edmenes, brindando todas las facilidades para su traslado al Zool\u00f3gico Amaru, centro avalado por el MAE, en el que ser\u00e1n\u00a0 examinados para determinar si es posible o no reinsertarlos en su h\u00e1bitat.<\/p>\n<p style=\"text-align: justify;\"><strong>Tr\u00e1fico de animales <\/strong><\/p>\n<p style=\"text-align: justify;\">Los comerciantes de aves silvestres de la ciudad de Cuenca son abastecidos por traficantes que vienen desde la frontera con Per\u00fa.<\/p>\n<p style=\"text-align: justify;\">La falta de conocimiento juega un papel fundamental en este conflicto, pues la ciudadan\u00eda no conoce sobre las disposiciones legales de no tener fauna silvestre en cautiverio. Desde el 2002 est\u00e1 prohibida la tenencia de especies de vida silvestre.<\/p>\n<div id='gallery-1' class='gallery galleryid-14549 gallery-columns-4 gallery-size-thumbnail'><dl class='gallery-item'>\n\t\t\t<dt class='gallery-icon landscape'>\n\t\t\t\t<a href='https:\/\/www.ambienteyenergia.gob.ec\/ambiente\/16-especies-de-vida-silvestre-rescatadas-en-azuay\/dsc04955\/'><img loading=\"lazy\" decoding=\"async\" width=\"150\" height=\"150\" src=\"https:\/\/www.ambienteyenergia.gob.ec\/ambiente\/wp-content\/uploads\/sites\/2\/2013\/08\/DSC04955-150x150.jpg\" class=\"attachment-thumbnail size-thumbnail\" alt=\"\" \/><\/a>\n\t\t\t<\/dt><\/dl><dl class='gallery-item'>\n\t\t\t<dt class='gallery-icon landscape'>\n\t\t\t\t<a href='https:\/\/www.ambienteyenergia.gob.ec\/ambiente\/16-especies-de-vida-silvestre-rescatadas-en-azuay\/dsc04958\/'><img loading=\"lazy\" decoding=\"async\" width=\"150\" height=\"150\" src=\"https:\/\/www.ambienteyenergia.gob.ec\/ambiente\/wp-content\/uploads\/sites\/2\/2013\/08\/DSC04958-150x150.jpg\" class=\"attachment-thumbnail size-thumbnail\" alt=\"\" \/><\/a>\n\t\t\t<\/dt><\/dl><dl class='gallery-item'>\n\t\t\t<dt class='gallery-icon landscape'>\n\t\t\t\t<a href='https:\/\/www.ambienteyenergia.gob.ec\/ambiente\/16-especies-de-vida-silvestre-rescatadas-en-azuay\/dsc04960\/'><img loading=\"lazy\" decoding=\"async\" width=\"150\" height=\"150\" src=\"https:\/\/www.ambienteyenergia.gob.ec\/ambiente\/wp-content\/uploads\/sites\/2\/2013\/08\/DSC04960-150x150.jpg\" class=\"attachment-thumbnail size-thumbnail\" alt=\"\" \/><\/a>\n\t\t\t<\/dt><\/dl><dl class='gallery-item'>\n\t\t\t<dt class='gallery-icon landscape'>\n\t\t\t\t<a href='https:\/\/www.ambienteyenergia.gob.ec\/ambiente\/16-especies-de-vida-silvestre-rescatadas-en-azuay\/wp_001290\/'><img loading=\"lazy\" decoding=\"async\" width=\"150\" height=\"150\" src=\"https:\/\/www.ambienteyenergia.gob.ec\/ambiente\/wp-content\/uploads\/sites\/2\/2013\/08\/WP_001290-150x150.jpg\" class=\"attachment-thumbnail size-thumbnail\" alt=\"\" \/><\/a>\n\t\t\t<\/dt><\/dl><br style=\"clear: both\" \/><dl class='gallery-item'>\n\t\t\t<dt class='gallery-icon landscape'>\n\t\t\t\t<a href='https:\/\/www.ambienteyenergia.gob.ec\/ambiente\/16-especies-de-vida-silvestre-rescatadas-en-azuay\/dsc04964-2\/'><img loading=\"lazy\" decoding=\"async\" width=\"150\" height=\"150\" src=\"https:\/\/www.ambienteyenergia.gob.ec\/ambiente\/wp-content\/uploads\/sites\/2\/2013\/08\/DSC049641-150x150.jpg\" class=\"attachment-thumbnail size-thumbnail\" alt=\"\" \/><\/a>\n\t\t\t<\/dt><\/dl>\n\t\t\t<br style='clear: both' \/>\n\t\t<\/div>\n\n","protected":false},"excerpt":{"rendered":"<p class=\"excerpt\">El Ministerio del Ambiente (MAE), tras recibir una denuncia telef\u00f3nica, rescat\u00f3 a 16 animales de fauna silvestre que se encontraban en cautiverio en un restaurante ubicado en la parroquia San Juaqu\u00edn del cant\u00f3n Cuenca, provincia de Azuay, el pasado 22 de agosto. Funcionarios de la Unidad de Vida Silvestre del MAE se movilizaron al lugar inmediatamente para inspeccionar el sitio.&hellip; <a href=\"https:\/\/www.ambienteyenergia.gob.ec\/ambiente\/16-especies-de-vida-silvestre-rescatadas-en-azuay\/\">Read more &rarr;<\/a><\/p>\n","protected":false},"author":13,"featured_media":14558,"comment_status":"open","ping_status":"open","sticky":false,"template":"","format":"standard","meta":{"footnotes":""},"categories":[16,4],"tags":[],"class_list":["post-14549","post","type-post","status-publish","format-standard","has-post-thumbnail","hentry","category-comunicamos","category-noticias","xfolkentry"],"_links":{"self":[{"href":"https:\/\/www.ambienteyenergia.gob.ec\/ambiente\/wp-json\/wp\/v2\/posts\/14549","targetHints":{"allow":["GET"]}}],"collection":[{"href":"https:\/\/www.ambienteyenergia.gob.ec\/ambiente\/wp-json\/wp\/v2\/posts"}],"about":[{"href":"https:\/\/www.ambienteyenergia.gob.ec\/ambiente\/wp-json\/wp\/v2\/types\/post"}],"author":[{"embeddable":true,"href":"https:\/\/www.ambienteyenergia.gob.ec\/ambiente\/wp-json\/wp\/v2\/users\/13"}],"replies":[{"embeddable":true,"href":"https:\/\/www.ambienteyenergia.gob.ec\/ambiente\/wp-json\/wp\/v2\/comments?post=14549"}],"version-history":[{"count":0,"href":"https:\/\/www.ambienteyenergia.gob.ec\/ambiente\/wp-json\/wp\/v2\/posts\/14549\/revisions"}],"wp:featuredmedia":[{"embeddable":true,"href":"https:\/\/www.ambienteyenergia.gob.ec\/ambiente\/wp-json\/wp\/v2\/media\/14558"}],"wp:attachment":[{"href":"https:\/\/www.ambienteyenergia.gob.ec\/ambiente\/wp-json\/wp\/v2\/media?parent=14549"}],"wp:term":[{"taxonomy":"category","embeddable":true,"href":"https:\/\/www.ambienteyenergia.gob.ec\/ambiente\/wp-json\/wp\/v2\/categories?post=14549"},{"taxonomy":"post_tag","embeddable":true,"href":"https:\/\/www.ambienteyenergia.gob.ec\/ambiente\/wp-json\/wp\/v2\/tags?post=14549"}],"curies":[{"name":"wp","href":"https:\/\/api.w.org\/{rel}","templated":true}]}}