{"id":14544,"date":"2013-08-27T10:45:36","date_gmt":"2013-08-27T15:45:36","guid":{"rendered":"http:\/\/www.ambiente.gob.ec\/?p=14544"},"modified":"2013-08-27T10:45:36","modified_gmt":"2013-08-27T15:45:36","slug":"mae-participo-en-la-vi-exposicion-internacional-de-la-industria-plastica-iplas-2013","status":"publish","type":"post","link":"https:\/\/www.ambienteyenergia.gob.ec\/ambiente\/mae-participo-en-la-vi-exposicion-internacional-de-la-industria-plastica-iplas-2013\/","title":{"rendered":"MAE particip\u00f3 en la VI Exposici\u00f3n Internacional de la Industria Pl\u00e1stica IPLAS 2013"},"content":{"rendered":"<p style=\"text-align: justify;\">Como parte de la <em>VI Exposici\u00f3n Internacional de la Industria del Pl\u00e1stico<\/em> <em>IPLAS 2013<\/em>, la Gerenta del Programa Nacional para la Gesti\u00f3n Integral de Desechos S\u00f3lidos (PNGIDS) del Ministerio del Ambiente (MAE), Paula Guerra, socializ\u00f3 con los diferentes representantes de la industria, la Pol\u00edtica Nacional para el Aprovechamiento y Reciclaje del Pl\u00e1stico, el pasado viernes 23 de agosto.<\/p>\n<p style=\"text-align: justify;\">Guerra invit\u00f3 a los sectores industriales del pa\u00eds a tomar la iniciativa en cuanto a la gesti\u00f3n de residuos, considerando la importancia de introducir a la industria patrones de producci\u00f3n m\u00e1s limpia, eficiencia energ\u00e9tica, log\u00edstica inversa y reciclaje. Este \u00faltimo permitir\u00e1 introducir los residuos en un nuevo ciclo productivo y mitigar el impacto ambiental, disminuyendo la extracci\u00f3n de nuevos recursos naturales para la elaboraci\u00f3n de nuevos productos.<\/p>\n<p style=\"text-align: justify;\">En los \u00faltimos a\u00f1os, el MAE ha fortalecido el marco normativo y de control referente a la gesti\u00f3n de residuos s\u00f3lidos, d\u00e1ndole un \u00e9nfasis especial a aquellos que\u00a0 representan una problem\u00e1tica ambiental.<\/p>\n<p style=\"text-align: justify;\">En ese sentido, esta Cartera de Estado expidi\u00f3 varios Acuerdos Ministeriales que contemplan la pol\u00edtica de \u201cResponsabilidad Extendida al Productor e Importador\u201d, en la que se menciona la obligatoriedad de gesti\u00f3n integral, a trav\u00e9s de todo el ciclo de vida del producto, incluyendo los impactos inherentes a la selecci\u00f3n de los materiales, proceso productivo, as\u00ed como, los relativos al uso y disposici\u00f3n final luego de su vida \u00fatil.<\/p>\n<p style=\"text-align: justify;\">\n","protected":false},"excerpt":{"rendered":"<p class=\"excerpt\">Como parte de la VI Exposici\u00f3n Internacional de la Industria del Pl\u00e1stico IPLAS 2013, la Gerenta del Programa Nacional para la Gesti\u00f3n Integral de Desechos S\u00f3lidos (PNGIDS) del Ministerio del Ambiente (MAE), Paula Guerra, socializ\u00f3 con los diferentes representantes de la industria, la Pol\u00edtica Nacional para el Aprovechamiento y Reciclaje del Pl\u00e1stico, el pasado viernes 23 de agosto. Guerra invit\u00f3&hellip; <a href=\"https:\/\/www.ambienteyenergia.gob.ec\/ambiente\/mae-participo-en-la-vi-exposicion-internacional-de-la-industria-plastica-iplas-2013\/\">Read more &rarr;<\/a><\/p>\n","protected":false},"author":13,"featured_media":14546,"comment_status":"open","ping_status":"open","sticky":false,"template":"","format":"standard","meta":{"footnotes":""},"categories":[16,4],"tags":[],"class_list":["post-14544","post","type-post","status-publish","format-standard","has-post-thumbnail","hentry","category-comunicamos","category-noticias","xfolkentry"],"_links":{"self":[{"href":"https:\/\/www.ambienteyenergia.gob.ec\/ambiente\/wp-json\/wp\/v2\/posts\/14544","targetHints":{"allow":["GET"]}}],"collection":[{"href":"https:\/\/www.ambienteyenergia.gob.ec\/ambiente\/wp-json\/wp\/v2\/posts"}],"about":[{"href":"https:\/\/www.ambienteyenergia.gob.ec\/ambiente\/wp-json\/wp\/v2\/types\/post"}],"author":[{"embeddable":true,"href":"https:\/\/www.ambienteyenergia.gob.ec\/ambiente\/wp-json\/wp\/v2\/users\/13"}],"replies":[{"embeddable":true,"href":"https:\/\/www.ambienteyenergia.gob.ec\/ambiente\/wp-json\/wp\/v2\/comments?post=14544"}],"version-history":[{"count":0,"href":"https:\/\/www.ambienteyenergia.gob.ec\/ambiente\/wp-json\/wp\/v2\/posts\/14544\/revisions"}],"wp:featuredmedia":[{"embeddable":true,"href":"https:\/\/www.ambienteyenergia.gob.ec\/ambiente\/wp-json\/wp\/v2\/media\/14546"}],"wp:attachment":[{"href":"https:\/\/www.ambienteyenergia.gob.ec\/ambiente\/wp-json\/wp\/v2\/media?parent=14544"}],"wp:term":[{"taxonomy":"category","embeddable":true,"href":"https:\/\/www.ambienteyenergia.gob.ec\/ambiente\/wp-json\/wp\/v2\/categories?post=14544"},{"taxonomy":"post_tag","embeddable":true,"href":"https:\/\/www.ambienteyenergia.gob.ec\/ambiente\/wp-json\/wp\/v2\/tags?post=14544"}],"curies":[{"name":"wp","href":"https:\/\/api.w.org\/{rel}","templated":true}]}}