{"id":14533,"date":"2013-08-27T08:24:18","date_gmt":"2013-08-27T13:24:18","guid":{"rendered":"http:\/\/www.ambiente.gob.ec\/?p=14533"},"modified":"2013-08-27T08:24:29","modified_gmt":"2013-08-27T13:24:29","slug":"mae-impartio-segundo-taller-de-bioseguridad-a-lideres-de-opinion-en-quito","status":"publish","type":"post","link":"https:\/\/www.ambienteyenergia.gob.ec\/ambiente\/mae-impartio-segundo-taller-de-bioseguridad-a-lideres-de-opinion-en-quito\/","title":{"rendered":"MAE imparti\u00f3 segundo taller de Bioseguridad a l\u00edderes de opini\u00f3n en Quito"},"content":{"rendered":"<p style=\"text-align: justify;\">Ayer, como parte de las actividades contempladas en el Plan de Comunicaci\u00f3n sobre Biotecnolog\u00eda, OGM y Bioseguridad que est\u00e1 ejecutando el Ministerio del Ambiente (MAE), a trav\u00e9s de su Proyecto Implementaci\u00f3n del Marco Nacional de Bioseguridad, realiz\u00f3 el segundo taller sobre esta tem\u00e1tica dirigido a l\u00edderes de opini\u00f3n, en Quito.<\/p>\n<p style=\"text-align: justify;\">De acuerdo con el \u201cEstudio de Percepci\u00f3n P\u00fablica. Organismos Gen\u00e9ticamente Modificados (OGM), Biotecnolog\u00eda y Bioseguridad\u201d, publicado en 2009; el 79% de la poblaci\u00f3n ecuatoriana desconoce qu\u00e9 es Biotecnolog\u00eda, el 81% qu\u00e9 es Bioseguridad y el 76% qu\u00e9 son los OGM.<\/p>\n<p style=\"text-align: justify;\">La capacitaci\u00f3n ten\u00eda como objetivo capacitar a l\u00edderes de opini\u00f3n y comunicadores sobre t\u00e9rminos, sitios cient\u00edficos de consulta y entidades competentes relacionadas con los temas de bioseguridad y biotecnolog\u00eda.<\/p>\n<p style=\"text-align: justify;\">Esta informaci\u00f3n proporcionada por el MAE, entidad competente para la gesti\u00f3n de la Bioseguridad o seguridad de la Biotecnolog\u00eda en el Ecuador, seg\u00fan la Ley de Gesti\u00f3n Ambiental, permitir\u00e1 que los l\u00edderes de opini\u00f3n y comunicadores, quienes transmiten a la poblaci\u00f3n informaci\u00f3n sobre diferentes temas, cuenten con mejores herramientas para cumplir con su trabajo, de mejor manera.<\/p>\n<p style=\"text-align: justify;\">Este taller constituye un gran esfuerzo de esta Cartera de Estado por crear capacidades relacionadas a esta tem\u00e1tica. Siendo \u00e9ste el segundo de tres talleres planificados. El primero se realiz\u00f3 en Guayaquil el pasado 14 de agosto y el \u00faltimo se realizar\u00e1 en Cuenca el pr\u00f3ximo 3 de septiembre.<\/p>\n<div id='gallery-1' class='gallery galleryid-14533 gallery-columns-4 gallery-size-thumbnail'><dl class='gallery-item'>\n\t\t\t<dt class='gallery-icon landscape'>\n\t\t\t\t<a href='https:\/\/www.ambienteyenergia.gob.ec\/ambiente\/mae-impartio-segundo-taller-de-bioseguridad-a-lideres-de-opinion-en-quito\/b1-4\/'><img loading=\"lazy\" decoding=\"async\" width=\"150\" height=\"150\" src=\"https:\/\/www.ambienteyenergia.gob.ec\/ambiente\/wp-content\/uploads\/sites\/2\/2013\/08\/b11-150x150.jpg\" class=\"attachment-thumbnail size-thumbnail\" alt=\"\" \/><\/a>\n\t\t\t<\/dt><\/dl><dl class='gallery-item'>\n\t\t\t<dt class='gallery-icon landscape'>\n\t\t\t\t<a href='https:\/\/www.ambienteyenergia.gob.ec\/ambiente\/mae-impartio-segundo-taller-de-bioseguridad-a-lideres-de-opinion-en-quito\/b4-2\/'><img loading=\"lazy\" decoding=\"async\" width=\"150\" height=\"150\" src=\"https:\/\/www.ambienteyenergia.gob.ec\/ambiente\/wp-content\/uploads\/sites\/2\/2013\/08\/b41-150x150.jpg\" class=\"attachment-thumbnail size-thumbnail\" alt=\"\" \/><\/a>\n\t\t\t<\/dt><\/dl>\n\t\t\t<br style='clear: both' \/>\n\t\t<\/div>\n\n<p style=\"text-align: justify;\">\n","protected":false},"excerpt":{"rendered":"<p class=\"excerpt\">Ayer, como parte de las actividades contempladas en el Plan de Comunicaci\u00f3n sobre Biotecnolog\u00eda, OGM y Bioseguridad que est\u00e1 ejecutando el Ministerio del Ambiente (MAE), a trav\u00e9s de su Proyecto Implementaci\u00f3n del Marco Nacional de Bioseguridad, realiz\u00f3 el segundo taller sobre esta tem\u00e1tica dirigido a l\u00edderes de opini\u00f3n, en Quito. De acuerdo con el \u201cEstudio de Percepci\u00f3n P\u00fablica. Organismos Gen\u00e9ticamente&hellip; <a href=\"https:\/\/www.ambienteyenergia.gob.ec\/ambiente\/mae-impartio-segundo-taller-de-bioseguridad-a-lideres-de-opinion-en-quito\/\">Read more &rarr;<\/a><\/p>\n","protected":false},"author":13,"featured_media":14534,"comment_status":"open","ping_status":"open","sticky":false,"template":"","format":"standard","meta":{"footnotes":""},"categories":[16,4],"tags":[],"class_list":["post-14533","post","type-post","status-publish","format-standard","has-post-thumbnail","hentry","category-comunicamos","category-noticias","xfolkentry"],"_links":{"self":[{"href":"https:\/\/www.ambienteyenergia.gob.ec\/ambiente\/wp-json\/wp\/v2\/posts\/14533","targetHints":{"allow":["GET"]}}],"collection":[{"href":"https:\/\/www.ambienteyenergia.gob.ec\/ambiente\/wp-json\/wp\/v2\/posts"}],"about":[{"href":"https:\/\/www.ambienteyenergia.gob.ec\/ambiente\/wp-json\/wp\/v2\/types\/post"}],"author":[{"embeddable":true,"href":"https:\/\/www.ambienteyenergia.gob.ec\/ambiente\/wp-json\/wp\/v2\/users\/13"}],"replies":[{"embeddable":true,"href":"https:\/\/www.ambienteyenergia.gob.ec\/ambiente\/wp-json\/wp\/v2\/comments?post=14533"}],"version-history":[{"count":0,"href":"https:\/\/www.ambienteyenergia.gob.ec\/ambiente\/wp-json\/wp\/v2\/posts\/14533\/revisions"}],"wp:featuredmedia":[{"embeddable":true,"href":"https:\/\/www.ambienteyenergia.gob.ec\/ambiente\/wp-json\/wp\/v2\/media\/14534"}],"wp:attachment":[{"href":"https:\/\/www.ambienteyenergia.gob.ec\/ambiente\/wp-json\/wp\/v2\/media?parent=14533"}],"wp:term":[{"taxonomy":"category","embeddable":true,"href":"https:\/\/www.ambienteyenergia.gob.ec\/ambiente\/wp-json\/wp\/v2\/categories?post=14533"},{"taxonomy":"post_tag","embeddable":true,"href":"https:\/\/www.ambienteyenergia.gob.ec\/ambiente\/wp-json\/wp\/v2\/tags?post=14533"}],"curies":[{"name":"wp","href":"https:\/\/api.w.org\/{rel}","templated":true}]}}